{"id":14725,"date":"2026-04-16T08:30:00","date_gmt":"2026-04-16T13:30:00","guid":{"rendered":"https:\/\/www.sedarauca.edu.co\/?p=14725"},"modified":"2026-04-16T15:50:40","modified_gmt":"2026-04-16T20:50:40","slug":"convocatoria-laboral-interna-no-008-de-2026-secretaria-de-educacion-departamental","status":"publish","type":"post","link":"https:\/\/www.sedarauca.edu.co\/index.php\/2026\/04\/16\/convocatoria-laboral-interna-no-008-de-2026-secretaria-de-educacion-departamental\/","title":{"rendered":"Convocatoria Laboral Interna No. 008 de 2026\u00a0\u2013 Secretar\u00eda de Educaci\u00f3n Departamental"},"content":{"rendered":"<p>[et_pb_section fb_built=\u00bb1&#8243; _builder_version=\u00bb4.27.6&#8243; _module_preset=\u00bbdefault\u00bb global_colors_info=\u00bb{}\u00bb][et_pb_row _builder_version=\u00bb4.27.6&#8243; _module_preset=\u00bbdefault\u00bb hover_enabled=\u00bb0&#8243; global_colors_info=\u00bb{}\u00bb sticky_enabled=\u00bb0&#8243;][et_pb_column type=\u00bb4_4&#8243; _builder_version=\u00bb4.27.6&#8243; _module_preset=\u00bbdefault\u00bb global_colors_info=\u00bb{}\u00bb][et_pb_text _builder_version=\u00bb4.27.6&#8243; _module_preset=\u00bbdefault\u00bb hover_enabled=\u00bb0&#8243; global_colors_info=\u00bb{}\u00bb sticky_enabled=\u00bb0&#8243;]<\/p>\n<div class=\"x_elementToProof\" data-ogsc=\"rgb(0, 0, 0)\" style=\"text-align: justify;\"><b data-ogsc=\"\" data-olk-copy-source=\"MessageBody\">Arauca, 15 de abril de 2026. <\/b>La Secretar\u00eda de Educaci\u00f3n departamental de la conformidad con el art\u00edculo 1\u00b0 de la Ley 1960 de 2019, Ley 909 de 2004, y el procedimiento interno de la Gobernaci\u00f3n del Departamento de Arauca \u201cPROVISION DE EMPLEOS DE CARRERA ADMINISTRATIVA MEDIANTE ENCARGO -PR-DI-TH-05 VERSI\u00d3N 3\u201d informa a los servidores p\u00fablicos <em>de la gobernaci\u00f3n de Arauca, en propiedad o <\/em>que hayan superado el Periodo de Prueba en forma satisfactoria que se encuentren interesados\u00a0 en ocupar por encargo en vacancia definitiva del Empleo de Secretario 440, Grado 08, de la PLANTA DE CARGOS DE LA GOBERNACION DE ARAUCA-SECRETAR\u00cdA DE EDUCACI\u00d3N DEPARTAMENTAL DE ARAUCA, CE SANTO ANGEL DEL MUNICIPIO DE ARAUCA Y\/O LA IE LA INMACULADA DEL MUNICIPIO DE PUERTO RONDON,\u00a0 FINANCIADA CON RECURSOS DEL SISTEMA GENERAL DE PARTICIPACIONES \u2013 EDUCACI\u00d3N.<\/div>\n<div class=\"x_elementToProof\" data-ogsc=\"rgb(0, 0, 0)\" style=\"text-align: justify;\"><b data-ogsc=\"\"><br \/>Postulaciones<\/b><\/div>\n<div class=\"x_elementToProof\" data-ogsc=\"rgb(0, 0, 0)\" style=\"text-align: justify;\"><b data-ogsc=\"\">\u00a0<\/b><\/div>\n<div class=\"x_elementToProof\" data-ogsc=\"rgb(0, 0, 0)\" style=\"text-align: justify;\"><b data-ogsc=\"\">Plazo:<\/b> Del 16 al 20 de abril de 2026 a las 11:59 p.m.<\/div>\n<div class=\"x_elementToProof\" data-ogsc=\"rgb(0, 0, 0)\" style=\"text-align: justify;\"><\/div>\n<div class=\"x_elementToProof\" data-ogsc=\"rgb(0, 0, 0)\" style=\"text-align: justify;\"><b data-ogsc=\"\">Radicaci\u00f3n:<\/b>\u00a0Ventanilla \u00fanica de archivo central de la Gobernaci\u00f3n de Arauca o por la Plataforma de Servicio de Atenci\u00f3n al Ciudadano (SAC).<\/div>\n<div class=\"x_elementToProof\" data-ogsc=\"rgb(0, 0, 0)\" style=\"text-align: justify;\"><b data-ogsc=\"\"><\/b><\/div>\n<div class=\"x_elementToProof\" data-ogsc=\"rgb(0, 0, 0)\" style=\"text-align: justify;\"><b data-ogsc=\"\">Requisito:<\/b>\u00a0Consulte los detalles y requisitos de la convocatoria en el PDF adjunto y\/o en www.sedarauca.edu.co secci\u00f3n Publicaciones.<\/div>\n<p>[\/et_pb_text][\/et_pb_column][\/et_pb_row][et_pb_row _builder_version=\u00bb4.27.6&#8243; _module_preset=\u00bbdefault\u00bb global_colors_info=\u00bb{}\u00bb][et_pb_column type=\u00bb4_4&#8243; _builder_version=\u00bb4.27.6&#8243; _module_preset=\u00bbdefault\u00bb global_colors_info=\u00bb{}\u00bb][et_pb_divider _builder_version=\u00bb4.27.6&#8243; _module_preset=\u00bbdefault\u00bb global_colors_info=\u00bb{}\u00bb][\/et_pb_divider][\/et_pb_column][\/et_pb_row][et_pb_row _builder_version=\u00bb4.27.6&#8243; _module_preset=\u00bbdefault\u00bb link_option_url=\u00bbhttps:\/\/www.sedarauca.edu.co\/wp-content\/uploads\/2026\/04\/Convocatoria-008-de-2026.pdf\u00bb link_option_url_new_window=\u00bbon\u00bb global_colors_info=\u00bb{}\u00bb][et_pb_column type=\u00bb4_4&#8243; _builder_version=\u00bb4.27.6&#8243; _module_preset=\u00bbdefault\u00bb global_colors_info=\u00bb{}\u00bb][et_pb_code _builder_version=\u00bb4.27.6&#8243; _module_preset=\u00bbdefault\u00bb link_option_url=\u00bbhttps:\/\/www.sedarauca.edu.co\/wp-content\/uploads\/2026\/04\/Convocatoria-008-de-2026.pdf\u00bb link_option_url_new_window=\u00bbon\u00bb global_colors_info=\u00bb{}\u00bb]<a href=\"https:\/\/www.sedarauca.edu.co\/wp-content\/uploads\/2026\/04\/Convocatoria-008-de-2026.pdf\" class=\"pdfemb-viewer\" style=\"\" data-width=\"max\" data-height=\"max\" data-toolbar=\"bottom\" data-toolbar-fixed=\"on\">Convocatoria-008-de-2026<\/a>[\/et_pb_code][\/et_pb_column][\/et_pb_row][\/et_pb_section]<\/p>\n","protected":false},"excerpt":{"rendered":"<p>Arauca, 15 de abril de 2026. La Secretar\u00eda de Educaci\u00f3n departamental de la conformidad con el art\u00edculo 1\u00b0 de la Ley 1960 de 2019, Ley 909 de 2004, y el procedimiento interno de la Gobernaci\u00f3n del Departamento de Arauca \u201cPROVISION DE EMPLEOS DE CARRERA ADMINISTRATIVA MEDIANTE ENCARGO -PR-DI-TH-05 VERSI\u00d3N 3\u201d informa a los servidores p\u00fablicos [&hellip;]<\/p>\n","protected":false},"author":1,"featured_media":14726,"comment_status":"closed","ping_status":"closed","sticky":false,"template":"","format":"standard","meta":{"_et_pb_use_builder":"on","_et_pb_old_content":"","_et_gb_content_width":"","footnotes":""},"categories":[7,25,1],"tags":[],"class_list":["post-14725","post","type-post","status-publish","format-standard","has-post-thumbnail","hentry","category-convocatoria","category-publicacion","category-sin-categoria"],"_links":{"self":[{"href":"https:\/\/www.sedarauca.edu.co\/index.php\/wp-json\/wp\/v2\/posts\/14725","targetHints":{"allow":["GET"]}}],"collection":[{"href":"https:\/\/www.sedarauca.edu.co\/index.php\/wp-json\/wp\/v2\/posts"}],"about":[{"href":"https:\/\/www.sedarauca.edu.co\/index.php\/wp-json\/wp\/v2\/types\/post"}],"author":[{"embeddable":true,"href":"https:\/\/www.sedarauca.edu.co\/index.php\/wp-json\/wp\/v2\/users\/1"}],"replies":[{"embeddable":true,"href":"https:\/\/www.sedarauca.edu.co\/index.php\/wp-json\/wp\/v2\/comments?post=14725"}],"version-history":[{"count":7,"href":"https:\/\/www.sedarauca.edu.co\/index.php\/wp-json\/wp\/v2\/posts\/14725\/revisions"}],"predecessor-version":[{"id":14746,"href":"https:\/\/www.sedarauca.edu.co\/index.php\/wp-json\/wp\/v2\/posts\/14725\/revisions\/14746"}],"wp:featuredmedia":[{"embeddable":true,"href":"https:\/\/www.sedarauca.edu.co\/index.php\/wp-json\/wp\/v2\/media\/14726"}],"wp:attachment":[{"href":"https:\/\/www.sedarauca.edu.co\/index.php\/wp-json\/wp\/v2\/media?parent=14725"}],"wp:term":[{"taxonomy":"category","embeddable":true,"href":"https:\/\/www.sedarauca.edu.co\/index.php\/wp-json\/wp\/v2\/categories?post=14725"},{"taxonomy":"post_tag","embeddable":true,"href":"https:\/\/www.sedarauca.edu.co\/index.php\/wp-json\/wp\/v2\/tags?post=14725"}],"curies":[{"name":"wp","href":"https:\/\/api.w.org\/{rel}","templated":true}]}}