{"id":14720,"date":"2026-04-16T08:13:00","date_gmt":"2026-04-16T13:13:00","guid":{"rendered":"https:\/\/www.sedarauca.edu.co\/?p=14720"},"modified":"2026-04-16T15:43:37","modified_gmt":"2026-04-16T20:43:37","slug":"convocatoria-laboral-interna-no-007-de-2026-secretaria-de-educacion-departamental","status":"publish","type":"post","link":"https:\/\/www.sedarauca.edu.co\/index.php\/2026\/04\/16\/convocatoria-laboral-interna-no-007-de-2026-secretaria-de-educacion-departamental\/","title":{"rendered":"Convocatoria Laboral Interna No. 007 de 2026\u00a0\u2013 Secretar\u00eda de Educaci\u00f3n Departamental"},"content":{"rendered":"\n[et_pb_section fb_built=\u00bb1&#8243; theme_builder_area=\u00bbpost_content\u00bb _builder_version=\u00bb4.27.6&#8243; _module_preset=\u00bbdefault\u00bb][et_pb_row _builder_version=\u00bb4.27.6&#8243; _module_preset=\u00bbdefault\u00bb theme_builder_area=\u00bbpost_content\u00bb][et_pb_column _builder_version=\u00bb4.27.6&#8243; _module_preset=\u00bbdefault\u00bb type=\u00bb4_4&#8243; theme_builder_area=\u00bbpost_content\u00bb][et_pb_text _builder_version=\u00bb4.27.6&#8243; _module_preset=\u00bbdefault\u00bb theme_builder_area=\u00bbpost_content\u00bb hover_enabled=\u00bb0&#8243; sticky_enabled=\u00bb0&#8243;]<div class=\"x_elementToProof\" data-ogsc=\"rgb(0, 0, 0)\"><p><b data-ogsc=\"\" data-olk-copy-source=\"MessageBody\"><b data-ogsc=\"\" data-olk-copy-source=\"MessageBody\">Arauca, 15 de abril de 2026.<span><\/span><\/b><\/b><\/p>\n<p>La Secretar\u00eda de Educaci\u00f3n departamental de la conformidad con el art\u00edculo 1\u00b0 de la Ley 1960 de 2019, Ley 909 de 2004, informa a los servidores p\u00fablicos (administrativos) de los Establecimientos Educativos del Departamento de Arauca, Financiada con Recursos del Sistema General del Participaciones \u2013 Educaci\u00f3n y Gobernaci\u00f3n de Arauca o que hayan superado el Periodo de Prueba en forma satisfactoria que se encuentren interesados\u00a0 en ocupar por encargo en vacancia definitiva el Empleo de T\u00e9cnico Operativo C\u00f3digo 314, Grado 10, de la PLANTA DE CARGOS DE LA SECRETAR\u00cdA DE EDUCACI\u00d3N DEPARTAMENTAL DE ARAUCA, IE JUAN JACOBO ROUSSEAU DE ARAUQUITA, DEL SISTEMA GENERAL DE PARTICIPACIONES \u2013 EDUCACI\u00d3N.<\/p>\n<\/div>\n<div class=\"x_elementToProof\" data-ogsc=\"rgb(0, 0, 0)\"><b data-ogsc=\"\">Postulaciones<\/b><\/div>\n<div class=\"x_elementToProof\" data-ogsc=\"rgb(0, 0, 0)\"><b data-ogsc=\"\">\u00a0<\/b><\/div>\n<div class=\"x_elementToProof\" data-ogsc=\"rgb(0, 0, 0)\"><b data-ogsc=\"\">Plazo:<\/b><span>\u00a0<\/span>Del 16 al 20 de abril de 2026 a las 11:59 p.m.<\/div>\n<div class=\"x_elementToProof\" data-ogsc=\"rgb(0, 0, 0)\"><\/div>\n<div class=\"x_elementToProof\" data-ogsc=\"rgb(0, 0, 0)\"><b data-ogsc=\"\">Radicaci\u00f3n:<\/b>\u00a0Ventanilla \u00fanica de archivo central de la Gobernaci\u00f3n de Arauca o por la Plataforma de Servicio de Atenci\u00f3n al Ciudadano (SAC).<\/div>\n<div class=\"x_elementToProof\" data-ogsc=\"rgb(0, 0, 0)\"><b data-ogsc=\"\"><\/b><\/div>\n<div class=\"x_elementToProof\" data-ogsc=\"rgb(0, 0, 0)\"><b data-ogsc=\"\">Requisito:<\/b>\u00a0Consulte los detalles y requisitos de la convocatoria en el PDF adjunto y\/o en www.sedarauca.edu.co secci\u00f3n Publicaciones.<\/div>[\/et_pb_text][\/et_pb_column][\/et_pb_row][et_pb_row _builder_version=\u00bb4.27.6&#8243; _module_preset=\u00bbdefault\u00bb theme_builder_area=\u00bbpost_content\u00bb][et_pb_column _builder_version=\u00bb4.27.6&#8243; _module_preset=\u00bbdefault\u00bb type=\u00bb4_4&#8243; theme_builder_area=\u00bbpost_content\u00bb][et_pb_divider _builder_version=\u00bb4.27.6&#8243; _module_preset=\u00bbdefault\u00bb theme_builder_area=\u00bbpost_content\u00bb hover_enabled=\u00bb0&#8243; sticky_enabled=\u00bb0&#8243;][\/et_pb_divider][\/et_pb_column][\/et_pb_row][et_pb_row _builder_version=\u00bb4.27.6&#8243; _module_preset=\u00bbdefault\u00bb theme_builder_area=\u00bbpost_content\u00bb link_option_url=\u00bbhttps:\/\/www.sedarauca.edu.co\/wp-content\/uploads\/2026\/04\/Convocatoria-007-2026-1.pdf\u00bb link_option_url_new_window=\u00bbon\u00bb hover_enabled=\u00bb0&#8243; sticky_enabled=\u00bb0&#8243;][et_pb_column _builder_version=\u00bb4.27.6&#8243; _module_preset=\u00bbdefault\u00bb type=\u00bb4_4&#8243; theme_builder_area=\u00bbpost_content\u00bb][et_pb_code _builder_version=\u00bb4.27.6&#8243; _module_preset=\u00bbdefault\u00bb theme_builder_area=\u00bbpost_content\u00bb link_option_url=\u00bbhttps:\/\/www.sedarauca.edu.co\/wp-content\/uploads\/2026\/04\/Convocatoria-007-2026-1.pdf\u00bb link_option_url_new_window=\u00bbon\u00bb hover_enabled=\u00bb0&#8243; sticky_enabled=\u00bb0&#8243;]<a href=\"https:\/\/www.sedarauca.edu.co\/wp-content\/uploads\/2026\/04\/Convocatoria-007-2026-1.pdf\" class=\"pdfemb-viewer\" style=\"\" data-width=\"max\" data-height=\"max\" data-toolbar=\"bottom\" data-toolbar-fixed=\"on\">Convocatoria-007-2026-1<\/a>[\/et_pb_code][\/et_pb_column][\/et_pb_row][\/et_pb_section]\n","protected":false},"excerpt":{"rendered":"<p>Arauca, 15 de abril de 2026. La Secretar\u00eda de Educaci\u00f3n departamental de la conformidad con el art\u00edculo 1\u00b0 de la Ley 1960 de 2019, Ley 909 de 2004, informa a los servidores p\u00fablicos (administrativos) de los Establecimientos Educativos del Departamento de Arauca, Financiada con Recursos del Sistema General del Participaciones \u2013 Educaci\u00f3n y Gobernaci\u00f3n de [&hellip;]<\/p>\n","protected":false},"author":1,"featured_media":14739,"comment_status":"closed","ping_status":"closed","sticky":false,"template":"","format":"standard","meta":{"_et_pb_use_builder":"on","_et_pb_old_content":"","_et_gb_content_width":"","footnotes":""},"categories":[7,25],"tags":[],"class_list":["post-14720","post","type-post","status-publish","format-standard","has-post-thumbnail","hentry","category-convocatoria","category-publicacion"],"_links":{"self":[{"href":"https:\/\/www.sedarauca.edu.co\/index.php\/wp-json\/wp\/v2\/posts\/14720","targetHints":{"allow":["GET"]}}],"collection":[{"href":"https:\/\/www.sedarauca.edu.co\/index.php\/wp-json\/wp\/v2\/posts"}],"about":[{"href":"https:\/\/www.sedarauca.edu.co\/index.php\/wp-json\/wp\/v2\/types\/post"}],"author":[{"embeddable":true,"href":"https:\/\/www.sedarauca.edu.co\/index.php\/wp-json\/wp\/v2\/users\/1"}],"replies":[{"embeddable":true,"href":"https:\/\/www.sedarauca.edu.co\/index.php\/wp-json\/wp\/v2\/comments?post=14720"}],"version-history":[{"count":4,"href":"https:\/\/www.sedarauca.edu.co\/index.php\/wp-json\/wp\/v2\/posts\/14720\/revisions"}],"predecessor-version":[{"id":14740,"href":"https:\/\/www.sedarauca.edu.co\/index.php\/wp-json\/wp\/v2\/posts\/14720\/revisions\/14740"}],"wp:featuredmedia":[{"embeddable":true,"href":"https:\/\/www.sedarauca.edu.co\/index.php\/wp-json\/wp\/v2\/media\/14739"}],"wp:attachment":[{"href":"https:\/\/www.sedarauca.edu.co\/index.php\/wp-json\/wp\/v2\/media?parent=14720"}],"wp:term":[{"taxonomy":"category","embeddable":true,"href":"https:\/\/www.sedarauca.edu.co\/index.php\/wp-json\/wp\/v2\/categories?post=14720"},{"taxonomy":"post_tag","embeddable":true,"href":"https:\/\/www.sedarauca.edu.co\/index.php\/wp-json\/wp\/v2\/tags?post=14720"}],"curies":[{"name":"wp","href":"https:\/\/api.w.org\/{rel}","templated":true}]}}