{"id":14713,"date":"2026-04-13T16:47:00","date_gmt":"2026-04-13T21:47:00","guid":{"rendered":"https:\/\/www.sedarauca.edu.co\/?p=14713"},"modified":"2026-04-13T17:51:59","modified_gmt":"2026-04-13T22:51:59","slug":"gobierno-departamental-convoca-a-la-primera-mesa-publica-del-pae-2026-en-arauquita","status":"publish","type":"post","link":"https:\/\/www.sedarauca.edu.co\/index.php\/2026\/04\/13\/gobierno-departamental-convoca-a-la-primera-mesa-publica-del-pae-2026-en-arauquita\/","title":{"rendered":"Gobierno Departamental convoca a la Primera Mesa P\u00fablica del PAE 2026 en Arauquita"},"content":{"rendered":"<p>[et_pb_section fb_built=\u00bb1&#8243; theme_builder_area=\u00bbpost_content\u00bb _builder_version=\u00bb4.27.6&#8243; _module_preset=\u00bbdefault\u00bb][et_pb_row _builder_version=\u00bb4.27.6&#8243; _module_preset=\u00bbdefault\u00bb theme_builder_area=\u00bbpost_content\u00bb][et_pb_column _builder_version=\u00bb4.27.6&#8243; _module_preset=\u00bbdefault\u00bb type=\u00bb4_4&#8243; theme_builder_area=\u00bbpost_content\u00bb][et_pb_text _builder_version=\u00bb4.27.6&#8243; _module_preset=\u00bbdefault\u00bb theme_builder_area=\u00bbpost_content\u00bb custom_margin=\u00bb-20px||||false|false\u00bb hover_enabled=\u00bb0&#8243; sticky_enabled=\u00bb0&#8243;]<\/p>\n<p style=\"text-align: center;\"><em>El espacio de participaci\u00f3n ciudadana se cumplir\u00e1 este viernes 17 de abril en el Centro de Convivencia Ciudadana.<\/em><\/p>\n<p style=\"text-align: center;\"><em>Se socializar\u00e1n los avances del programa que beneficia a m\u00e1s de 36.500 estudiantes en todo el departamento.<\/em><\/p>\n<p>[\/et_pb_text][\/et_pb_column][\/et_pb_row][et_pb_row _builder_version=\u00bb4.27.6&#8243; _module_preset=\u00bbdefault\u00bb theme_builder_area=\u00bbpost_content\u00bb][et_pb_column _builder_version=\u00bb4.27.6&#8243; _module_preset=\u00bbdefault\u00bb type=\u00bb4_4&#8243; theme_builder_area=\u00bbpost_content\u00bb][et_pb_text _builder_version=\u00bb4.27.6&#8243; _module_preset=\u00bbdefault\u00bb theme_builder_area=\u00bbpost_content\u00bb hover_enabled=\u00bb0&#8243; sticky_enabled=\u00bb0&#8243;]<\/p>\n<p style=\"text-align: justify;\"><strong>Arauca, 13 de abril de 2026. <\/strong>El Gobierno Departamental, liderado por el ingeniero Renson Mart\u00ednez Prada, invita a la comunidad educativa, Asamblea Departamental, administraciones municipales, entes de control y ciudadan\u00eda en general a participar en la Primera Mesa P\u00fablica del Programa de Alimentaci\u00f3n Escolar (PAE) 2026. El encuentro tendr\u00e1 lugar este viernes 17 de abril en el Centro de Convivencia de Arauquita, a partir de las 9:00 a.m., cumpliendo con los lineamientos de la Resoluci\u00f3n 0335 de 2021 de la Unidad Alimentos para Aprender (UAPA) y su anexo t\u00e9cnico de Participaci\u00f3n Ciudadana.<\/p>\n<p style=\"text-align: justify;\">Este espacio de rendici\u00f3n de cuentas tiene como prop\u00f3sito fundamental garantizar la transparencia en la ejecuci\u00f3n de los recursos y permitir que los actores sociales vigilen la operaci\u00f3n del servicio. En esta jornada se detallar\u00e1 la operatividad en los siete municipios del departamento, donde se atienden a m\u00e1s de 36.500 estudiantes bajo las modalidades de PAE para Poblaci\u00f3n Mayoritaria, PAE para Poblaci\u00f3n Ind\u00edgena y PAE Rural Disperso.<\/p>\n<p style=\"text-align: justify;\">\u00abReafirmamos nuestro compromiso con la educaci\u00f3n y la alimentaci\u00f3n de nuestros ni\u00f1os, ni\u00f1as, adolescentes y j\u00f3venes. El gobernador Renson Mart\u00ednez Prada ha priorizado el PAE como el eje central de su pol\u00edtica educativa, logrando que hoy seamos reconocidos nacionalmente por nuestra eficiencia y calidad. Esta mesa es la oportunidad para que la comunidad aporte sus sugerencias y nos ayude a mantenernos como el <em>mejor PAE de Colombia<\/em>\u00ab, afirm\u00f3 Ariel Pedraza Pinz\u00f3n, secretario de Educaci\u00f3n Departamental.<\/p>\n<p style=\"text-align: justify;\">Durante el evento, el equipo PAE de la Secretar\u00eda de Educaci\u00f3n Departamental tambi\u00e9n presentar\u00e1 la estrategia <em>\u201cLoncheras divertidas, ni\u00f1os saludables con el PAE\u201d<\/em>, una iniciativa pedag\u00f3gica enmarcada en la celebraci\u00f3n nacional del Mes de la Ni\u00f1ez de la Corporaci\u00f3n Juego y Ni\u00f1ez.<\/p>\n<p style=\"text-align: justify;\">Con estas acciones, la Gobernaci\u00f3n de Arauca ratifica su compromiso de seguir transformando la educaci\u00f3n y el bienestar de los estudiantes de los establecimientos educativos oficiales del Departamento<\/p>\n<p>[\/et_pb_text][\/et_pb_column][\/et_pb_row][\/et_pb_section]<\/p>\n","protected":false},"excerpt":{"rendered":"<p>El espacio de participaci\u00f3n ciudadana se cumplir\u00e1 este viernes 17 de abril en el Centro de Convivencia Ciudadana. Se socializar\u00e1n los avances del programa que beneficia a m\u00e1s de 36.500 estudiantes en todo el departamento.Arauca, 13 de abril de 2026. El Gobierno Departamental, liderado por el ingeniero Renson Mart\u00ednez Prada, invita a la comunidad educativa, [&hellip;]<\/p>\n","protected":false},"author":1,"featured_media":14714,"comment_status":"closed","ping_status":"closed","sticky":false,"template":"","format":"standard","meta":{"_et_pb_use_builder":"on","_et_pb_old_content":"","_et_gb_content_width":"","footnotes":""},"categories":[21,6,17],"tags":[],"class_list":["post-14713","post","type-post","status-publish","format-standard","has-post-thumbnail","hentry","category-boletin","category-noticias","category-pae"],"_links":{"self":[{"href":"https:\/\/www.sedarauca.edu.co\/index.php\/wp-json\/wp\/v2\/posts\/14713","targetHints":{"allow":["GET"]}}],"collection":[{"href":"https:\/\/www.sedarauca.edu.co\/index.php\/wp-json\/wp\/v2\/posts"}],"about":[{"href":"https:\/\/www.sedarauca.edu.co\/index.php\/wp-json\/wp\/v2\/types\/post"}],"author":[{"embeddable":true,"href":"https:\/\/www.sedarauca.edu.co\/index.php\/wp-json\/wp\/v2\/users\/1"}],"replies":[{"embeddable":true,"href":"https:\/\/www.sedarauca.edu.co\/index.php\/wp-json\/wp\/v2\/comments?post=14713"}],"version-history":[{"count":3,"href":"https:\/\/www.sedarauca.edu.co\/index.php\/wp-json\/wp\/v2\/posts\/14713\/revisions"}],"predecessor-version":[{"id":14718,"href":"https:\/\/www.sedarauca.edu.co\/index.php\/wp-json\/wp\/v2\/posts\/14713\/revisions\/14718"}],"wp:featuredmedia":[{"embeddable":true,"href":"https:\/\/www.sedarauca.edu.co\/index.php\/wp-json\/wp\/v2\/media\/14714"}],"wp:attachment":[{"href":"https:\/\/www.sedarauca.edu.co\/index.php\/wp-json\/wp\/v2\/media?parent=14713"}],"wp:term":[{"taxonomy":"category","embeddable":true,"href":"https:\/\/www.sedarauca.edu.co\/index.php\/wp-json\/wp\/v2\/categories?post=14713"},{"taxonomy":"post_tag","embeddable":true,"href":"https:\/\/www.sedarauca.edu.co\/index.php\/wp-json\/wp\/v2\/tags?post=14713"}],"curies":[{"name":"wp","href":"https:\/\/api.w.org\/{rel}","templated":true}]}}