{"id":1469,"date":"2023-02-06T14:33:00","date_gmt":"2023-02-06T19:33:00","guid":{"rendered":"https:\/\/www.sedarauca.edu.co\/?p=1469"},"modified":"2023-02-06T19:07:42","modified_gmt":"2023-02-07T00:07:42","slug":"convocatoria-laboral-interna-006-encargo-directivo-docente-coord-i-e-jose-asuncion-silva","status":"publish","type":"post","link":"https:\/\/www.sedarauca.edu.co\/index.php\/2023\/02\/06\/convocatoria-laboral-interna-006-encargo-directivo-docente-coord-i-e-jose-asuncion-silva\/","title":{"rendered":"<strong>Convocatoria Laboral Interna 006 &#8211; Encargo Directivo Docente \u2013 Coord. I. E. Jos\u00e9 Asunci\u00f3n Silva<\/strong>"},"content":{"rendered":"<p>[et_pb_section fb_built=\u00bb1&#8243; _builder_version=\u00bb4.19.5&#8243; _module_preset=\u00bbdefault\u00bb global_colors_info=\u00bb{}\u00bb][et_pb_row _builder_version=\u00bb4.19.5&#8243; _module_preset=\u00bbdefault\u00bb global_colors_info=\u00bb{}\u00bb][et_pb_column type=\u00bb4_4&#8243; _builder_version=\u00bb4.19.5&#8243; _module_preset=\u00bbdefault\u00bb global_colors_info=\u00bb{}\u00bb][et_pb_text _builder_version=\u00bb4.19.5&#8243; _module_preset=\u00bbdefault\u00bb global_colors_info=\u00bb{}\u00bb]<\/p>\n<p style=\"text-align: justify;\"><strong>Arauca, 06 de febrero de 2023.<\/strong> A trav\u00e9s de la convocatoria laboral interna No. 006 de 2023 la Secretar\u00eda de Educaci\u00f3n Departamental est\u00e1 ofertando a los docentes de los establecimientos educativos oficiales del departamento de Arauca bajo la figura de encargo el cargo de Directivo Docente &#8211; Coordinador de la Instituci\u00f3n Educativa Jos\u00e9 Asunci\u00f3n Silva del municipio de Arauca.<\/p>\n<p style=\"text-align: justify;\">Los detalles y requisitos de la convocatoria, se encuentran publicados en la p\u00e1gina web institucional de la Secretar\u00eda de Educaci\u00f3n Departamental <a href=\"https:\/\/www.sedarauca.edu.co\"><strong>www.sedarauca.edu.co.<\/strong><\/a><\/p>\n<p>[\/et_pb_text][\/et_pb_column][\/et_pb_row][et_pb_row _builder_version=\u00bb4.19.5&#8243; _module_preset=\u00bbdefault\u00bb][et_pb_column _builder_version=\u00bb4.19.5&#8243; _module_preset=\u00bbdefault\u00bb type=\u00bb4_4&#8243;][et_pb_code _builder_version=\u00bb4.19.5&#8243; _module_preset=\u00bbdefault\u00bb hover_enabled=\u00bb0&#8243; sticky_enabled=\u00bb0&#8243;]<a href=\"https:\/\/www.sedarauca.edu.co\/wp-content\/uploads\/2023\/02\/Convocatoria-No.-006-de-2023-Coordinador-Jose-Asuncion-Silva.pdf\" class=\"pdfemb-viewer\" style=\"\" data-width=\"max\" data-height=\"max\" data-toolbar=\"bottom\" data-toolbar-fixed=\"on\">Convocatoria-No.-006-de-2023-Coordinador-Jose-Asuncion-Silva<\/a>[\/et_pb_code][\/et_pb_column][\/et_pb_row][et_pb_row _builder_version=\u00bb4.19.5&#8243; _module_preset=\u00bbdefault\u00bb][et_pb_column _builder_version=\u00bb4.19.5&#8243; _module_preset=\u00bbdefault\u00bb type=\u00bb4_4&#8243;][et_pb_button button_text=\u00bbDescargar archivo Convocatoria Interna 006 de 2023&#8243; _builder_version=\u00bb4.19.5&#8243; _module_preset=\u00bbdefault\u00bb url_new_window=\u00bbon\u00bb button_url=\u00bbhttps:\/\/www.sedarauca.edu.co\/wp-content\/uploads\/2023\/02\/Convocatoria-No.-006-de-2023-Coordinador-Jose-Asuncion-Silva.pdf\u00bb hover_enabled=\u00bb0&#8243; sticky_enabled=\u00bb0&#8243; button_alignment=\u00bbcenter\u00bb custom_button=\u00bbon\u00bb button_text_color=\u00bb#FFFFFF\u00bb button_bg_color=\u00bb#0C71C3&#8243; button_bg_enable_color=\u00bbon\u00bb button_border_radius=\u00bb30px\u00bb button_icon=\u00bb&#xf1c1;||fa||900&#8243;][\/et_pb_button][\/et_pb_column][\/et_pb_row][\/et_pb_section]<\/p>\n","protected":false},"excerpt":{"rendered":"<p>Arauca, 06 de febrero de 2023. A trav\u00e9s de la convocatoria laboral interna No. 006 de 2023 la Secretar\u00eda de Educaci\u00f3n Departamental est\u00e1 ofertando a los docentes de los establecimientos educativos oficiales del departamento de Arauca bajo la figura de encargo el cargo de Directivo Docente &#8211; Coordinador de la Instituci\u00f3n Educativa Jos\u00e9 Asunci\u00f3n Silva [&hellip;]<\/p>\n","protected":false},"author":1,"featured_media":1470,"comment_status":"closed","ping_status":"closed","sticky":false,"template":"","format":"standard","meta":{"_et_pb_use_builder":"on","_et_pb_old_content":"","_et_gb_content_width":"","footnotes":""},"categories":[7,25],"tags":[],"class_list":["post-1469","post","type-post","status-publish","format-standard","has-post-thumbnail","hentry","category-convocatoria","category-publicacion"],"_links":{"self":[{"href":"https:\/\/www.sedarauca.edu.co\/index.php\/wp-json\/wp\/v2\/posts\/1469","targetHints":{"allow":["GET"]}}],"collection":[{"href":"https:\/\/www.sedarauca.edu.co\/index.php\/wp-json\/wp\/v2\/posts"}],"about":[{"href":"https:\/\/www.sedarauca.edu.co\/index.php\/wp-json\/wp\/v2\/types\/post"}],"author":[{"embeddable":true,"href":"https:\/\/www.sedarauca.edu.co\/index.php\/wp-json\/wp\/v2\/users\/1"}],"replies":[{"embeddable":true,"href":"https:\/\/www.sedarauca.edu.co\/index.php\/wp-json\/wp\/v2\/comments?post=1469"}],"version-history":[{"count":4,"href":"https:\/\/www.sedarauca.edu.co\/index.php\/wp-json\/wp\/v2\/posts\/1469\/revisions"}],"predecessor-version":[{"id":1475,"href":"https:\/\/www.sedarauca.edu.co\/index.php\/wp-json\/wp\/v2\/posts\/1469\/revisions\/1475"}],"wp:featuredmedia":[{"embeddable":true,"href":"https:\/\/www.sedarauca.edu.co\/index.php\/wp-json\/wp\/v2\/media\/1470"}],"wp:attachment":[{"href":"https:\/\/www.sedarauca.edu.co\/index.php\/wp-json\/wp\/v2\/media?parent=1469"}],"wp:term":[{"taxonomy":"category","embeddable":true,"href":"https:\/\/www.sedarauca.edu.co\/index.php\/wp-json\/wp\/v2\/categories?post=1469"},{"taxonomy":"post_tag","embeddable":true,"href":"https:\/\/www.sedarauca.edu.co\/index.php\/wp-json\/wp\/v2\/tags?post=1469"}],"curies":[{"name":"wp","href":"https:\/\/api.w.org\/{rel}","templated":true}]}}