{"id":14641,"date":"2026-02-26T19:16:00","date_gmt":"2026-02-27T00:16:00","guid":{"rendered":"https:\/\/www.sedarauca.edu.co\/?p=14641"},"modified":"2026-04-05T23:25:49","modified_gmt":"2026-04-06T04:25:49","slug":"en-un-90-avanza-la-obra-de-mejoramiento-de-la-sede-orinoquia","status":"publish","type":"post","link":"https:\/\/www.sedarauca.edu.co\/index.php\/2026\/02\/26\/en-un-90-avanza-la-obra-de-mejoramiento-de-la-sede-orinoquia\/","title":{"rendered":"En un 90% avanza la obra de mejoramiento de la sede Orinoqu\u00eda"},"content":{"rendered":"<p>[et_pb_section fb_built=\u00bb1&#8243; theme_builder_area=\u00bbpost_content\u00bb _builder_version=\u00bb4.27.6&#8243; _module_preset=\u00bbdefault\u00bb][et_pb_row _builder_version=\u00bb4.27.6&#8243; _module_preset=\u00bbdefault\u00bb theme_builder_area=\u00bbpost_content\u00bb][et_pb_column _builder_version=\u00bb4.27.6&#8243; _module_preset=\u00bbdefault\u00bb type=\u00bb4_4&#8243; theme_builder_area=\u00bbpost_content\u00bb][et_pb_text _builder_version=\u00bb4.27.6&#8243; _module_preset=\u00bbdefault\u00bb theme_builder_area=\u00bbpost_content\u00bb hover_enabled=\u00bb0&#8243; sticky_enabled=\u00bb0&#8243;]<\/p>\n<p style=\"text-align: justify;\"><strong>Arauca, 26 de febrero de 2026.\u00a0<\/strong>Con una inversi\u00f3n de $10.650 millones y un avance del 90%, el Gobierno Departamental se prepara para entregar una de las obras m\u00e1s significativas para la educaci\u00f3n superior en Arauca, el mejoramiento integral de la Sede Orinoquia de la Universidad Nacional de Colombia, proyecto que ser\u00e1 inaugurado en el marco del aniversario n\u00famero 30 de la sede.<\/p>\n<p style=\"text-align: justify;\">Durante el recorrido de verificaci\u00f3n, el gobernador Renson Jes\u00fas Mart\u00ednez Prada constat\u00f3 el estado de la obra, que contemplan la entrega de dos nuevos laboratorios y un aula m\u00faltiple con capacidad para 130 estudiantes. Esta intervenci\u00f3n no solo moderniza la infraestructura universitaria, sino que ampl\u00eda las condiciones para la apertura y fortalecimiento de programas acad\u00e9micos en modalidad presencial.<\/p>\n<p style=\"text-align: justify;\">El mandatario destac\u00f3 que esta apuesta responde a una visi\u00f3n clara, consolidar la educaci\u00f3n como eje de transformaci\u00f3n social y econ\u00f3mica del departamento, generando oportunidades reales para que los j\u00f3venes puedan formarse con calidad sin tener que salir del territorio.<\/p>\n<p style=\"text-align: justify;\">\u201cEstamos construyendo espacios dignos, modernos y adecuados para que nuestros estudiantes aprendan, investiguen y proyecten su futuro aqu\u00ed, en su tierra\u201d, se\u00f1al\u00f3 el gobernador, al reiterar que la permanencia de los j\u00f3venes en el departamento es una prioridad para su administraci\u00f3n.<\/p>\n<p>[\/et_pb_text][\/et_pb_column][\/et_pb_row][et_pb_row _builder_version=\u00bb4.27.6&#8243; _module_preset=\u00bbdefault\u00bb theme_builder_area=\u00bbpost_content\u00bb][et_pb_column _builder_version=\u00bb4.27.6&#8243; _module_preset=\u00bbdefault\u00bb type=\u00bb4_4&#8243; theme_builder_area=\u00bbpost_content\u00bb][et_pb_gallery _builder_version=\u00bb4.27.6&#8243; _module_preset=\u00bbdefault\u00bb theme_builder_area=\u00bbpost_content\u00bb gallery_orderby=\u00bbrand\u00bb gallery_ids=\u00bb14646,14647,14648,14649,14650,14651,14652,14653&#8243; hover_enabled=\u00bb0&#8243; sticky_enabled=\u00bb0&#8243;][\/et_pb_gallery][\/et_pb_column][\/et_pb_row][et_pb_row _builder_version=\u00bb4.27.6&#8243; _module_preset=\u00bbdefault\u00bb theme_builder_area=\u00bbpost_content\u00bb][et_pb_column _builder_version=\u00bb4.27.6&#8243; _module_preset=\u00bbdefault\u00bb type=\u00bb4_4&#8243; theme_builder_area=\u00bbpost_content\u00bb][et_pb_text _builder_version=\u00bb4.27.6&#8243; _module_preset=\u00bbdefault\u00bb theme_builder_area=\u00bbpost_content\u00bb custom_margin=\u00bb-50px||||false|false\u00bb hover_enabled=\u00bb0&#8243; sticky_enabled=\u00bb0&#8243;]<\/p>\n<p style=\"text-align: justify;\">Actualmente, la sede Orinoquia cuenta con 351 estudiantes, de los cuales 201 pertenecen al Programa Especial de Admisi\u00f3n y Movilidad Acad\u00e9mica (PEAMA) y 150 al Programa de Admisi\u00f3n Especial con Enfoque Territorial (PAET), cifras que reflejan el impacto de la universidad en el acceso a la educaci\u00f3n superior para los j\u00f3venes del departamento.<\/p>\n<p style=\"text-align: justify;\">Tambi\u00e9n, extendi\u00f3 una invitaci\u00f3n a padres de familia y j\u00f3venes a inscribirse en la Sede Orinoquia, recordando que el programa de Arquitectura cuenta con 50 cupos disponibles y tiene inscripciones abiertas hasta el 18 de marzo, ampliando as\u00ed las oportunidades de acceso a la educaci\u00f3n superior p\u00fablica en el departamento.<\/p>\n<p style=\"text-align: justify;\">Con esta obra, la gobernaci\u00f3n de Arauca reafirma su compromiso con el fortalecimiento de la educaci\u00f3n superior como pilar estrat\u00e9gico de desarrollo, impactando de manera directa el bienestar de la comunidad universitaria y aportando a la construcci\u00f3n de un Arauca con mayores oportunidades, competitividad y progreso regional.<\/p>\n<p>[\/et_pb_text][\/et_pb_column][\/et_pb_row][\/et_pb_section]<\/p>\n","protected":false},"excerpt":{"rendered":"<p>Arauca, 26 de febrero de 2026.\u00a0Con una inversi\u00f3n de $10.650 millones y un avance del 90%, el Gobierno Departamental se prepara para entregar una de las obras m\u00e1s significativas para la educaci\u00f3n superior en Arauca, el mejoramiento integral de la Sede Orinoquia de la Universidad Nacional de Colombia, proyecto que ser\u00e1 inaugurado en el marco [&hellip;]<\/p>\n","protected":false},"author":1,"featured_media":14643,"comment_status":"closed","ping_status":"closed","sticky":false,"template":"","format":"standard","meta":{"_et_pb_use_builder":"on","_et_pb_old_content":"","_et_gb_content_width":"","footnotes":""},"categories":[21,6],"tags":[],"class_list":["post-14641","post","type-post","status-publish","format-standard","has-post-thumbnail","hentry","category-boletin","category-noticias"],"_links":{"self":[{"href":"https:\/\/www.sedarauca.edu.co\/index.php\/wp-json\/wp\/v2\/posts\/14641","targetHints":{"allow":["GET"]}}],"collection":[{"href":"https:\/\/www.sedarauca.edu.co\/index.php\/wp-json\/wp\/v2\/posts"}],"about":[{"href":"https:\/\/www.sedarauca.edu.co\/index.php\/wp-json\/wp\/v2\/types\/post"}],"author":[{"embeddable":true,"href":"https:\/\/www.sedarauca.edu.co\/index.php\/wp-json\/wp\/v2\/users\/1"}],"replies":[{"embeddable":true,"href":"https:\/\/www.sedarauca.edu.co\/index.php\/wp-json\/wp\/v2\/comments?post=14641"}],"version-history":[{"count":3,"href":"https:\/\/www.sedarauca.edu.co\/index.php\/wp-json\/wp\/v2\/posts\/14641\/revisions"}],"predecessor-version":[{"id":14654,"href":"https:\/\/www.sedarauca.edu.co\/index.php\/wp-json\/wp\/v2\/posts\/14641\/revisions\/14654"}],"wp:featuredmedia":[{"embeddable":true,"href":"https:\/\/www.sedarauca.edu.co\/index.php\/wp-json\/wp\/v2\/media\/14643"}],"wp:attachment":[{"href":"https:\/\/www.sedarauca.edu.co\/index.php\/wp-json\/wp\/v2\/media?parent=14641"}],"wp:term":[{"taxonomy":"category","embeddable":true,"href":"https:\/\/www.sedarauca.edu.co\/index.php\/wp-json\/wp\/v2\/categories?post=14641"},{"taxonomy":"post_tag","embeddable":true,"href":"https:\/\/www.sedarauca.edu.co\/index.php\/wp-json\/wp\/v2\/tags?post=14641"}],"curies":[{"name":"wp","href":"https:\/\/api.w.org\/{rel}","templated":true}]}}