{"id":14614,"date":"2026-02-27T22:12:00","date_gmt":"2026-02-28T03:12:00","guid":{"rendered":"https:\/\/www.sedarauca.edu.co\/?p=14614"},"modified":"2026-04-05T22:45:53","modified_gmt":"2026-04-06T03:45:53","slug":"gobernacion-de-arauca-destina-mas-de-12-000-millones-para-fortalecer-construccion-del-campus-universitario-uis-en-saravena","status":"publish","type":"post","link":"https:\/\/www.sedarauca.edu.co\/index.php\/2026\/02\/27\/gobernacion-de-arauca-destina-mas-de-12-000-millones-para-fortalecer-construccion-del-campus-universitario-uis-en-saravena\/","title":{"rendered":"\u00a0Gobernaci\u00f3n de Arauca destina m\u00e1s de $12.000 millones para fortalecer construcci\u00f3n del campus universitario UIS en Saravena"},"content":{"rendered":"\n[et_pb_section fb_built=\u00bb1&#8243; theme_builder_area=\u00bbpost_content\u00bb _builder_version=\u00bb4.27.6&#8243; _module_preset=\u00bbdefault\u00bb][et_pb_row _builder_version=\u00bb4.27.6&#8243; _module_preset=\u00bbdefault\u00bb theme_builder_area=\u00bbpost_content\u00bb][et_pb_column _builder_version=\u00bb4.27.6&#8243; _module_preset=\u00bbdefault\u00bb type=\u00bb4_4&#8243; theme_builder_area=\u00bbpost_content\u00bb][et_pb_text _builder_version=\u00bb4.27.6&#8243; _module_preset=\u00bbdefault\u00bb theme_builder_area=\u00bbpost_content\u00bb hover_enabled=\u00bb0&#8243; sticky_enabled=\u00bb0&#8243;]<p class=\"Default\" style=\"text-align: justify;\"><b><span style=\"font-size: 11.5pt;\">Saravena, Arauca, 27 de febrero de 2026<\/span><\/b><span style=\"font-size: 11.5pt;\">. El Ministerio de Educaci\u00f3n Nacional, la Gobernaci\u00f3n de Arauca y la Universidad Industrial de Santander (UIS) realizaron el acto de inicio de obra de la primera fase del campus universitario sede UIS en el municipio de Saravena, una apuesta estrat\u00e9gica orientada a ampliar el acceso a la educaci\u00f3n superior p\u00fablica en el departamento. <o:p><\/o:p><\/span><\/p>\n<p class=\"Default\" style=\"text-align: justify;\"><span style=\"font-size: 11.5pt;\">En el marco de esta jornada, el gobernador Renson Jes\u00fas Mart\u00ednez Prada firm\u00f3 p\u00fablicamente el Decreto 180 de 2026, mediante el cual se prioriza y aprueba una inversi\u00f3n de $7.500 millones para fortalecer la construcci\u00f3n de esta infraestructura educativa estrat\u00e9gica para el departamento. <o:p><\/o:p><\/span><\/p>\n<p class=\"Default\" style=\"text-align: justify;\"><span style=\"font-size: 11.5pt;\">Los recursos aprobados estar\u00e1n destinados a la instalaci\u00f3n de energ\u00eda el\u00e9ctrica, iluminaci\u00f3n, acueducto, alcantarillado y obras de urbanismo, componentes fundamentales para garantizar las condiciones de funcionamiento de la futura sede universitaria. Adicionalmente, se destinar\u00e1n $1.500 millones a trav\u00e9s de Cumare para complementar las obras de acueducto y alcantarillado del proyecto. <o:p><\/o:p><\/span><\/p>\n<p class=\"Default\" style=\"text-align: justify;\"><span style=\"font-size: 11.5pt;\">Esta inversi\u00f3n se suma a los $2.400 millones destinados a estudios y dise\u00f1os, as\u00ed como al aporte del terreno donde ser\u00e1 construido el campus universitario. En total, el Gobierno Departamental ha destinado m\u00e1s de $12.000 millones, recursos que se suman a los $25.000 millones aportados por el Gobierno Nacional para la primera fase del proyecto. <o:p><\/o:p><\/span><\/p>[\/et_pb_text][\/et_pb_column][\/et_pb_row][et_pb_row _builder_version=\u00bb4.27.6&#8243; _module_preset=\u00bbdefault\u00bb theme_builder_area=\u00bbpost_content\u00bb][et_pb_column _builder_version=\u00bb4.27.6&#8243; _module_preset=\u00bbdefault\u00bb type=\u00bb4_4&#8243; theme_builder_area=\u00bbpost_content\u00bb][et_pb_gallery _builder_version=\u00bb4.27.6&#8243; _module_preset=\u00bbdefault\u00bb theme_builder_area=\u00bbpost_content\u00bb gallery_ids=\u00bb14619,14620,14621,14622,14623,14624,14625,14626,14627,14628,14629,14630,14631&#8243; gallery_orderby=\u00bbrand\u00bb hover_enabled=\u00bb0&#8243; sticky_enabled=\u00bb0&#8243;][\/et_pb_gallery][\/et_pb_column][\/et_pb_row][et_pb_row _builder_version=\u00bb4.27.6&#8243; _module_preset=\u00bbdefault\u00bb theme_builder_area=\u00bbpost_content\u00bb][et_pb_column _builder_version=\u00bb4.27.6&#8243; _module_preset=\u00bbdefault\u00bb type=\u00bb4_4&#8243; theme_builder_area=\u00bbpost_content\u00bb][et_pb_text _builder_version=\u00bb4.27.6&#8243; _module_preset=\u00bbdefault\u00bb theme_builder_area=\u00bbpost_content\u00bb custom_margin=\u00bb-50px||||false|false\u00bb hover_enabled=\u00bb0&#8243; sticky_enabled=\u00bb0&#8243;]<p style=\"text-align: justify;\">Actualmente, la tasa de cobertura bruta en educaci\u00f3n superior en el departamento de Arauca es del 6,8 %, seg\u00fan el Ministerio de Educaci\u00f3n Nacional, una cifra que el gobierno departamental se ha propuesto transformar mediante acciones orientadas a ampliar el acceso a la formaci\u00f3n profesional en el territorio.<\/p>\n<p style=\"text-align: justify;\">En la actualidad se encuentran matriculados 221 estudiantes en programas de la UIS, pero con la ejecuci\u00f3n de la primera fase del campus universitario se proyecta atender hasta 1.900 estudiantes, ampliando significativamente las oportunidades de acceso a la educaci\u00f3n superior para los j\u00f3venes araucanos.<\/p>\n<p style=\"text-align: justify;\">El gobernador Renson Jes\u00fas Mart\u00ednez Prada destac\u00f3 que la construcci\u00f3n de la sede UIS representa un proyecto trascendental para el desarrollo del departamento, ya que permitir\u00e1 aumentar la cobertura educativa y fortalecer la formaci\u00f3n de talento humano en la regi\u00f3n, evitando la salida de j\u00f3venes que buscan oportunidades acad\u00e9micas fuera del territorio.<\/p>[\/et_pb_text][\/et_pb_column][\/et_pb_row][\/et_pb_section]\n","protected":false},"excerpt":{"rendered":"<p>Saravena, Arauca, 27 de febrero de 2026. El Ministerio de Educaci\u00f3n Nacional, la Gobernaci\u00f3n de Arauca y la Universidad Industrial de Santander (UIS) realizaron el acto de inicio de obra de la primera fase del campus universitario sede UIS en el municipio de Saravena, una apuesta estrat\u00e9gica orientada a ampliar el acceso a la educaci\u00f3n [&hellip;]<\/p>\n","protected":false},"author":1,"featured_media":14616,"comment_status":"closed","ping_status":"closed","sticky":false,"template":"","format":"standard","meta":{"_et_pb_use_builder":"on","_et_pb_old_content":"","_et_gb_content_width":"","footnotes":""},"categories":[21,6,1],"tags":[],"class_list":["post-14614","post","type-post","status-publish","format-standard","has-post-thumbnail","hentry","category-boletin","category-noticias","category-sin-categoria"],"_links":{"self":[{"href":"https:\/\/www.sedarauca.edu.co\/index.php\/wp-json\/wp\/v2\/posts\/14614","targetHints":{"allow":["GET"]}}],"collection":[{"href":"https:\/\/www.sedarauca.edu.co\/index.php\/wp-json\/wp\/v2\/posts"}],"about":[{"href":"https:\/\/www.sedarauca.edu.co\/index.php\/wp-json\/wp\/v2\/types\/post"}],"author":[{"embeddable":true,"href":"https:\/\/www.sedarauca.edu.co\/index.php\/wp-json\/wp\/v2\/users\/1"}],"replies":[{"embeddable":true,"href":"https:\/\/www.sedarauca.edu.co\/index.php\/wp-json\/wp\/v2\/comments?post=14614"}],"version-history":[{"count":3,"href":"https:\/\/www.sedarauca.edu.co\/index.php\/wp-json\/wp\/v2\/posts\/14614\/revisions"}],"predecessor-version":[{"id":14633,"href":"https:\/\/www.sedarauca.edu.co\/index.php\/wp-json\/wp\/v2\/posts\/14614\/revisions\/14633"}],"wp:featuredmedia":[{"embeddable":true,"href":"https:\/\/www.sedarauca.edu.co\/index.php\/wp-json\/wp\/v2\/media\/14616"}],"wp:attachment":[{"href":"https:\/\/www.sedarauca.edu.co\/index.php\/wp-json\/wp\/v2\/media?parent=14614"}],"wp:term":[{"taxonomy":"category","embeddable":true,"href":"https:\/\/www.sedarauca.edu.co\/index.php\/wp-json\/wp\/v2\/categories?post=14614"},{"taxonomy":"post_tag","embeddable":true,"href":"https:\/\/www.sedarauca.edu.co\/index.php\/wp-json\/wp\/v2\/tags?post=14614"}],"curies":[{"name":"wp","href":"https:\/\/api.w.org\/{rel}","templated":true}]}}