{"id":14594,"date":"2026-02-10T09:40:00","date_gmt":"2026-02-10T14:40:00","guid":{"rendered":"https:\/\/www.sedarauca.edu.co\/?p=14594"},"modified":"2026-03-25T10:15:29","modified_gmt":"2026-03-25T15:15:29","slug":"secretaria-de-educacion-de-arauca-autoriza-a-22-instituciones-para-validar-estudios-hasta-grado-decimo-en-2026-2","status":"publish","type":"post","link":"https:\/\/www.sedarauca.edu.co\/index.php\/2026\/02\/10\/secretaria-de-educacion-de-arauca-autoriza-a-22-instituciones-para-validar-estudios-hasta-grado-decimo-en-2026-2\/","title":{"rendered":"Secretar\u00eda de Educaci\u00f3n de Arauca autoriza a 22 instituciones para validar estudios hasta grado d\u00e9cimo en 2026"},"content":{"rendered":"<p>[et_pb_section fb_built=\u00bb1&#8243; theme_builder_area=\u00bbpost_content\u00bb _builder_version=\u00bb4.27.6&#8243; _module_preset=\u00bbdefault\u00bb][et_pb_row _builder_version=\u00bb4.27.6&#8243; _module_preset=\u00bbdefault\u00bb theme_builder_area=\u00bbpost_content\u00bb][et_pb_column _builder_version=\u00bb4.27.6&#8243; _module_preset=\u00bbdefault\u00bb type=\u00bb4_4&#8243; theme_builder_area=\u00bbpost_content\u00bb][et_pb_text _builder_version=\u00bb4.27.6&#8243; _module_preset=\u00bbdefault\u00bb theme_builder_area=\u00bbpost_content\u00bb hover_enabled=\u00bb0&#8243; sticky_enabled=\u00bb0&#8243;]<\/p>\n<p style=\"text-align: justify;\"><strong>Arauca, 10 de febrero 2026<\/strong>. La Gobernaci\u00f3n de Arauca, mediante la Resoluci\u00f3n 389 de 2026, autoriz\u00f3 a 22 instituciones educativas oficiales y no oficiales (privadas) del departamento para llevar a cabo, de manera gratuita, procesos de validaci\u00f3n de estudios desde la educaci\u00f3n b\u00e1sica hasta el grado d\u00e9cimo durante la vigencia 2026.<\/p>\n<p style=\"text-align: justify;\">La autorizaci\u00f3n se otorga \u00fanicamente a instituciones que cumplen con los requisitos legales de funcionamiento y que, de acuerdo con los resultados de las pruebas de competencias SABER, se encuentran por encima del promedio de la entidad territorial certificada o clasificados en las categor\u00edas altas (A+, A) en el Examen de Estado Saber 11\u00b0.<\/p>\n<p>[\/et_pb_text][\/et_pb_column][\/et_pb_row][et_pb_row _builder_version=\u00bb4.27.6&#8243; _module_preset=\u00bbdefault\u00bb column_structure=\u00bb1_5,3_5,1_5&#8243; theme_builder_area=\u00bbpost_content\u00bb][et_pb_column _builder_version=\u00bb4.27.6&#8243; _module_preset=\u00bbdefault\u00bb type=\u00bb1_5&#8243; theme_builder_area=\u00bbpost_content\u00bb][\/et_pb_column][et_pb_column _builder_version=\u00bb4.27.6&#8243; _module_preset=\u00bbdefault\u00bb type=\u00bb3_5&#8243; theme_builder_area=\u00bbpost_content\u00bb][et_pb_image src=\u00bbhttps:\/\/www.sedarauca.edu.co\/wp-content\/uploads\/2026\/03\/2-scaled.jpg\u00bb _builder_version=\u00bb4.27.6&#8243; _module_preset=\u00bbdefault\u00bb theme_builder_area=\u00bbpost_content\u00bb title_text=\u00bbAgregar un subt\u00edtulo &#8211; 1&#8243; hover_enabled=\u00bb0&#8243; sticky_enabled=\u00bb0&#8243;][\/et_pb_image][\/et_pb_column][et_pb_column _builder_version=\u00bb4.27.6&#8243; _module_preset=\u00bbdefault\u00bb type=\u00bb1_5&#8243; theme_builder_area=\u00bbpost_content\u00bb][\/et_pb_column][\/et_pb_row][et_pb_row _builder_version=\u00bb4.27.6&#8243; _module_preset=\u00bbdefault\u00bb theme_builder_area=\u00bbpost_content\u00bb][et_pb_column _builder_version=\u00bb4.27.6&#8243; _module_preset=\u00bbdefault\u00bb type=\u00bb4_4&#8243; theme_builder_area=\u00bbpost_content\u00bb][et_pb_text _builder_version=\u00bb4.27.6&#8243; _module_preset=\u00bbdefault\u00bb theme_builder_area=\u00bbpost_content\u00bb hover_enabled=\u00bb0&#8243; sticky_enabled=\u00bb0&#8243;]<\/p>\n<p style=\"text-align: justify;\">El proceso de validaci\u00f3n no tendr\u00e1 costo para los beneficiarios. Las instituciones educativas oficiales como las privadas son aut\u00f3nomas para definir las evaluaciones o actividades acad\u00e9micas que permitan evidenciar que un estudiante cuenta con los conocimientos, habilidades y destrezas en cada una de las \u00e1reas obligatorias y fundamentales establecidas para los grados de la educaci\u00f3n b\u00e1sica y hasta el grado 10\u00b0 de la educaci\u00f3n media, contempladas en el art\u00edculo 23 de la Ley 115 de 1994.<\/p>\n<p>[\/et_pb_text][\/et_pb_column][\/et_pb_row][et_pb_row _builder_version=\u00bb4.27.6&#8243; _module_preset=\u00bbdefault\u00bb column_structure=\u00bb1_5,3_5,1_5&#8243; theme_builder_area=\u00bbpost_content\u00bb][et_pb_column _builder_version=\u00bb4.27.6&#8243; _module_preset=\u00bbdefault\u00bb type=\u00bb1_5&#8243; theme_builder_area=\u00bbpost_content\u00bb][\/et_pb_column][et_pb_column _builder_version=\u00bb4.27.6&#8243; _module_preset=\u00bbdefault\u00bb type=\u00bb3_5&#8243; theme_builder_area=\u00bbpost_content\u00bb][et_pb_image src=\u00bbhttps:\/\/www.sedarauca.edu.co\/wp-content\/uploads\/2026\/03\/3-scaled.jpg\u00bb _builder_version=\u00bb4.27.6&#8243; _module_preset=\u00bbdefault\u00bb theme_builder_area=\u00bbpost_content\u00bb title_text=\u00bbAgregar un subt\u00edtulo &#8211; 2&#8243; hover_enabled=\u00bb0&#8243; sticky_enabled=\u00bb0&#8243;][\/et_pb_image][\/et_pb_column][et_pb_column _builder_version=\u00bb4.27.6&#8243; _module_preset=\u00bbdefault\u00bb type=\u00bb1_5&#8243; theme_builder_area=\u00bbpost_content\u00bb][\/et_pb_column][\/et_pb_row][et_pb_row _builder_version=\u00bb4.27.6&#8243; _module_preset=\u00bbdefault\u00bb theme_builder_area=\u00bbpost_content\u00bb][et_pb_column _builder_version=\u00bb4.27.6&#8243; _module_preset=\u00bbdefault\u00bb type=\u00bb4_4&#8243; theme_builder_area=\u00bbpost_content\u00bb][et_pb_text _builder_version=\u00bb4.27.6&#8243; _module_preset=\u00bbdefault\u00bb theme_builder_area=\u00bbpost_content\u00bb hover_enabled=\u00bb0&#8243; sticky_enabled=\u00bb0&#8243;]<\/p>\n<p style=\"text-align: justify;\"><strong>Los casos en los que aplica la validaci\u00f3n son:<\/strong><\/p>\n<p style=\"text-align: justify;\">Haber cursado grados sin registro oficial en el libro de calificaciones.<\/p>\n<p style=\"text-align: justify;\">Haber cursado o estar cursando un grado sin aprobar el anterior por error administrativo.<\/p>\n<p style=\"text-align: justify;\">Haber estudiado en una instituci\u00f3n que desapareci\u00f3 o cuyos archivos se perdieron.<\/p>\n<p style=\"text-align: justify;\">Haber estado matriculado en un establecimiento sancionado por no cumplir requisitos legales.<\/p>\n<p style=\"text-align: justify;\">Haber realizado estudios en el exterior sin contar con certificados legalizados o sin haber cursado grados previos (excepto para migrantes venezolanos, quienes deben acogerse a una normativa especial).<\/p>\n<p style=\"text-align: justify;\">No haber cursado uno o varios grados de educaci\u00f3n b\u00e1sica o media, excepto el grado que conduce al t\u00edtulo de bachiller.<\/p>\n<p>[\/et_pb_text][\/et_pb_column][\/et_pb_row][et_pb_row _builder_version=\u00bb4.27.6&#8243; _module_preset=\u00bbdefault\u00bb column_structure=\u00bb1_5,3_5,1_5&#8243; theme_builder_area=\u00bbpost_content\u00bb][et_pb_column _builder_version=\u00bb4.27.6&#8243; _module_preset=\u00bbdefault\u00bb type=\u00bb1_5&#8243; theme_builder_area=\u00bbpost_content\u00bb][\/et_pb_column][et_pb_column _builder_version=\u00bb4.27.6&#8243; _module_preset=\u00bbdefault\u00bb type=\u00bb3_5&#8243; theme_builder_area=\u00bbpost_content\u00bb][et_pb_image src=\u00bbhttps:\/\/www.sedarauca.edu.co\/wp-content\/uploads\/2026\/03\/4-scaled.jpg\u00bb _builder_version=\u00bb4.27.6&#8243; _module_preset=\u00bbdefault\u00bb theme_builder_area=\u00bbpost_content\u00bb title_text=\u00bbAgregar un subt\u00edtulo &#8211; 3&#8243; hover_enabled=\u00bb0&#8243; sticky_enabled=\u00bb0&#8243;][\/et_pb_image][\/et_pb_column][et_pb_column _builder_version=\u00bb4.27.6&#8243; _module_preset=\u00bbdefault\u00bb type=\u00bb1_5&#8243; theme_builder_area=\u00bbpost_content\u00bb][\/et_pb_column][\/et_pb_row][et_pb_row _builder_version=\u00bb4.27.6&#8243; _module_preset=\u00bbdefault\u00bb theme_builder_area=\u00bbpost_content\u00bb][et_pb_column _builder_version=\u00bb4.27.6&#8243; _module_preset=\u00bbdefault\u00bb type=\u00bb4_4&#8243; theme_builder_area=\u00bbpost_content\u00bb][et_pb_text _builder_version=\u00bb4.27.6&#8243; _module_preset=\u00bbdefault\u00bb theme_builder_area=\u00bbpost_content\u00bb hover_enabled=\u00bb0&#8243; sticky_enabled=\u00bb0&#8243;]<\/p>\n<p style=\"text-align: justify;\">Estas instituciones deber\u00e1n reportar las validaciones practicadas a la Direcci\u00f3n de Inspecci\u00f3n y Vigilancia de la Secretar\u00eda de Educaci\u00f3n Departamental de Arauca a m\u00e1s tardar el \u00faltimo d\u00eda h\u00e1bil del mes de enero del siguiente a\u00f1o. La autorizaci\u00f3n estar\u00e1 vigente durante el a\u00f1o 2026.<\/p>\n<p style=\"text-align: justify;\">Consulte aqu\u00ed la Resoluci\u00f3n 389 de 2026 aqu\u00ed<\/p>\n<p>[\/et_pb_text][\/et_pb_column][\/et_pb_row][et_pb_row _builder_version=\u00bb4.27.6&#8243; _module_preset=\u00bbdefault\u00bb theme_builder_area=\u00bbpost_content\u00bb][et_pb_column _builder_version=\u00bb4.27.6&#8243; _module_preset=\u00bbdefault\u00bb type=\u00bb4_4&#8243; theme_builder_area=\u00bbpost_content\u00bb][et_pb_divider _builder_version=\u00bb4.27.6&#8243; _module_preset=\u00bbdefault\u00bb theme_builder_area=\u00bbpost_content\u00bb hover_enabled=\u00bb0&#8243; sticky_enabled=\u00bb0&#8243;][\/et_pb_divider][\/et_pb_column][\/et_pb_row][et_pb_row _builder_version=\u00bb4.27.6&#8243; _module_preset=\u00bbdefault\u00bb theme_builder_area=\u00bbpost_content\u00bb link_option_url=\u00bbhttps:\/\/www.sedarauca.edu.co\/wp-content\/uploads\/2026\/03\/Resolucion-389-de-2026_EE-autorizados-para-validacion-1.pdf\u00bb link_option_url_new_window=\u00bbon\u00bb hover_enabled=\u00bb0&#8243; sticky_enabled=\u00bb0&#8243;][et_pb_column _builder_version=\u00bb4.27.6&#8243; _module_preset=\u00bbdefault\u00bb type=\u00bb4_4&#8243; theme_builder_area=\u00bbpost_content\u00bb][et_pb_code _builder_version=\u00bb4.27.6&#8243; _module_preset=\u00bbdefault\u00bb theme_builder_area=\u00bbpost_content\u00bb link_option_url=\u00bbhttps:\/\/www.sedarauca.edu.co\/wp-content\/uploads\/2026\/03\/Resolucion-389-de-2026_EE-autorizados-para-validacion-1.pdf\u00bb link_option_url_new_window=\u00bbon\u00bb hover_enabled=\u00bb0&#8243; sticky_enabled=\u00bb0&#8243;]<a href=\"https:\/\/www.sedarauca.edu.co\/wp-content\/uploads\/2026\/03\/Resolucion-389-de-2026_EE-autorizados-para-validacion-1.pdf\" class=\"pdfemb-viewer\" style=\"\" data-width=\"max\" data-height=\"max\" data-toolbar=\"bottom\" data-toolbar-fixed=\"on\">Resolucion-389-de-2026_EE-autorizados-para-validacion-1<\/a>[\/et_pb_code][\/et_pb_column][\/et_pb_row][\/et_pb_section]<\/p>\n","protected":false},"excerpt":{"rendered":"<p>Arauca, 10 de febrero 2026. La Gobernaci\u00f3n de Arauca, mediante la Resoluci\u00f3n 389 de 2026, autoriz\u00f3 a 22 instituciones educativas oficiales y no oficiales (privadas) del departamento para llevar a cabo, de manera gratuita, procesos de validaci\u00f3n de estudios desde la educaci\u00f3n b\u00e1sica hasta el grado d\u00e9cimo durante la vigencia 2026. La autorizaci\u00f3n se otorga [&hellip;]<\/p>\n","protected":false},"author":1,"featured_media":14595,"comment_status":"closed","ping_status":"closed","sticky":false,"template":"","format":"standard","meta":{"_et_pb_use_builder":"on","_et_pb_old_content":"","_et_gb_content_width":"","footnotes":""},"categories":[21,6],"tags":[],"class_list":["post-14594","post","type-post","status-publish","format-standard","has-post-thumbnail","hentry","category-boletin","category-noticias"],"_links":{"self":[{"href":"https:\/\/www.sedarauca.edu.co\/index.php\/wp-json\/wp\/v2\/posts\/14594","targetHints":{"allow":["GET"]}}],"collection":[{"href":"https:\/\/www.sedarauca.edu.co\/index.php\/wp-json\/wp\/v2\/posts"}],"about":[{"href":"https:\/\/www.sedarauca.edu.co\/index.php\/wp-json\/wp\/v2\/types\/post"}],"author":[{"embeddable":true,"href":"https:\/\/www.sedarauca.edu.co\/index.php\/wp-json\/wp\/v2\/users\/1"}],"replies":[{"embeddable":true,"href":"https:\/\/www.sedarauca.edu.co\/index.php\/wp-json\/wp\/v2\/comments?post=14594"}],"version-history":[{"count":4,"href":"https:\/\/www.sedarauca.edu.co\/index.php\/wp-json\/wp\/v2\/posts\/14594\/revisions"}],"predecessor-version":[{"id":14605,"href":"https:\/\/www.sedarauca.edu.co\/index.php\/wp-json\/wp\/v2\/posts\/14594\/revisions\/14605"}],"wp:featuredmedia":[{"embeddable":true,"href":"https:\/\/www.sedarauca.edu.co\/index.php\/wp-json\/wp\/v2\/media\/14595"}],"wp:attachment":[{"href":"https:\/\/www.sedarauca.edu.co\/index.php\/wp-json\/wp\/v2\/media?parent=14594"}],"wp:term":[{"taxonomy":"category","embeddable":true,"href":"https:\/\/www.sedarauca.edu.co\/index.php\/wp-json\/wp\/v2\/categories?post=14594"},{"taxonomy":"post_tag","embeddable":true,"href":"https:\/\/www.sedarauca.edu.co\/index.php\/wp-json\/wp\/v2\/tags?post=14594"}],"curies":[{"name":"wp","href":"https:\/\/api.w.org\/{rel}","templated":true}]}}