{"id":14558,"date":"2026-03-04T14:35:00","date_gmt":"2026-03-04T19:35:00","guid":{"rendered":"https:\/\/www.sedarauca.edu.co\/?p=14558"},"modified":"2026-03-04T18:48:04","modified_gmt":"2026-03-04T23:48:04","slug":"la-gobernacion-invita-a-participar-de-las-veedurias-ciudadanas-del-programa-de-alimentacion-escolar-pae-2026","status":"publish","type":"post","link":"https:\/\/www.sedarauca.edu.co\/index.php\/2026\/03\/04\/la-gobernacion-invita-a-participar-de-las-veedurias-ciudadanas-del-programa-de-alimentacion-escolar-pae-2026\/","title":{"rendered":"Gobierno Departamental invita a la conformaci\u00f3n de veedur\u00edas ciudadanas para el control social del PAE"},"content":{"rendered":"<p>[et_pb_section fb_built=\u00bb1&#8243; theme_builder_area=\u00bbpost_content\u00bb _builder_version=\u00bb4.27.6&#8243; _module_preset=\u00bbdefault\u00bb][et_pb_row _builder_version=\u00bb4.27.6&#8243; _module_preset=\u00bbdefault\u00bb theme_builder_area=\u00bbpost_content\u00bb][et_pb_column _builder_version=\u00bb4.27.6&#8243; _module_preset=\u00bbdefault\u00bb type=\u00bb4_4&#8243; theme_builder_area=\u00bbpost_content\u00bb][et_pb_text _builder_version=\u00bb4.27.6&#8243; _module_preset=\u00bbdefault\u00bb theme_builder_area=\u00bbpost_content\u00bb hover_enabled=\u00bb0&#8243; sticky_enabled=\u00bb0&#8243; custom_margin=\u00bb-30px||||false|false\u00bb]<\/p>\n<p style=\"text-align: center;\"><em>La participaci\u00f3n ciudadana permite seguir consolidando el Programa de Alimentaci\u00f3n Escolar de Arauca como referente a nivel nacional.<\/em><\/p>\n<p>[\/et_pb_text][\/et_pb_column][\/et_pb_row][et_pb_row _builder_version=\u00bb4.27.6&#8243; _module_preset=\u00bbdefault\u00bb theme_builder_area=\u00bbpost_content\u00bb][et_pb_column _builder_version=\u00bb4.27.6&#8243; _module_preset=\u00bbdefault\u00bb type=\u00bb4_4&#8243; theme_builder_area=\u00bbpost_content\u00bb][et_pb_text _builder_version=\u00bb4.27.6&#8243; _module_preset=\u00bbdefault\u00bb theme_builder_area=\u00bbpost_content\u00bb hover_enabled=\u00bb0&#8243; sticky_enabled=\u00bb0&#8243;]<\/p>\n<p style=\"text-align: justify;\"><strong>Arauca, 04 de marzo de 2026.<\/strong> La Secretar\u00eda de Educaci\u00f3n Departamental de Arauca, a trav\u00e9s de su secretario Ariel Pedraza Pinz\u00f3n, invita a la comunidad educativa de los siete municipios a conformar veedur\u00edas ciudadanas, con el prop\u00f3sito de ejercer control social y acompa\u00f1amiento a la ejecuci\u00f3n de los contratos 536, 537 y 674 de 2025, correspondientes a la operaci\u00f3n del Programa de Alimentaci\u00f3n Escolar (PAE) para poblaci\u00f3n ind\u00edgena y mayoritaria respectivamente, con una inversi\u00f3n que supera los 51.700 millones de pesos.<\/p>\n<p style=\"text-align: justify;\">La convocatoria est\u00e1 dirigida a padres de familia, docentes, directivos docentes, estudiantes, l\u00edderes comunitarios y ciudadan\u00eda en general, quienes podr\u00e1n participar en la vigilancia de las diferentes modalidades que ofrece el programa, garantizando la correcta prestaci\u00f3n del servicio a 36.341 estudiantes en las 450 sedes educativas oficiales con cobertura en el Departamento.<\/p>\n<p style=\"text-align: justify;\">El secretario de Educaci\u00f3n Departamental destac\u00f3 que la participaci\u00f3n ciudadana es un pilar fundamental para asegurar la transparencia, eficiencia y adecuada ejecuci\u00f3n de los recursos p\u00fablicos, as\u00ed como para la protecci\u00f3n de los derechos de los ni\u00f1os, ni\u00f1as, adolescentes y j\u00f3venes beneficiarios del programa.<\/p>\n<p style=\"text-align: justify;\">\u201cEs fundamental que la comunidad educativa se organice y participe activamente en los procesos de vigilancia del PAE, fortaleciendo el control social y contribuyendo a una prestaci\u00f3n oportuna y de calidad del servicio\u201d, se\u00f1al\u00f3 el secretario Ariel Pedraza.<\/p>\n<p style=\"text-align: justify;\">La Secretar\u00eda de Educaci\u00f3n Departamental record\u00f3 que las veedur\u00edas ciudadanas son un mecanismo de participaci\u00f3n promovido por el Ministerio de Educaci\u00f3n Nacional y se encuentran reguladas por la Ley 850 de 2003, la cual faculta a los ciudadanos para ejercer la funci\u00f3n de vigilancia y control sobre la gesti\u00f3n p\u00fablica y la correcta ejecuci\u00f3n de los recursos destinados al PAE.<\/p>\n<p>[\/et_pb_text][\/et_pb_column][\/et_pb_row][\/et_pb_section]<\/p>\n","protected":false},"excerpt":{"rendered":"<p>La participaci\u00f3n ciudadana permite seguir consolidando el Programa de Alimentaci\u00f3n Escolar de Arauca como referente a nivel nacional.Arauca, 04 de marzo de 2026. La Secretar\u00eda de Educaci\u00f3n Departamental de Arauca, a trav\u00e9s de su secretario Ariel Pedraza Pinz\u00f3n, invita a la comunidad educativa de los siete municipios a conformar veedur\u00edas ciudadanas, con el prop\u00f3sito de [&hellip;]<\/p>\n","protected":false},"author":1,"featured_media":14559,"comment_status":"closed","ping_status":"closed","sticky":false,"template":"","format":"standard","meta":{"_et_pb_use_builder":"on","_et_pb_old_content":"","_et_gb_content_width":"","footnotes":""},"categories":[6,17],"tags":[],"class_list":["post-14558","post","type-post","status-publish","format-standard","has-post-thumbnail","hentry","category-noticias","category-pae"],"_links":{"self":[{"href":"https:\/\/www.sedarauca.edu.co\/index.php\/wp-json\/wp\/v2\/posts\/14558","targetHints":{"allow":["GET"]}}],"collection":[{"href":"https:\/\/www.sedarauca.edu.co\/index.php\/wp-json\/wp\/v2\/posts"}],"about":[{"href":"https:\/\/www.sedarauca.edu.co\/index.php\/wp-json\/wp\/v2\/types\/post"}],"author":[{"embeddable":true,"href":"https:\/\/www.sedarauca.edu.co\/index.php\/wp-json\/wp\/v2\/users\/1"}],"replies":[{"embeddable":true,"href":"https:\/\/www.sedarauca.edu.co\/index.php\/wp-json\/wp\/v2\/comments?post=14558"}],"version-history":[{"count":4,"href":"https:\/\/www.sedarauca.edu.co\/index.php\/wp-json\/wp\/v2\/posts\/14558\/revisions"}],"predecessor-version":[{"id":14564,"href":"https:\/\/www.sedarauca.edu.co\/index.php\/wp-json\/wp\/v2\/posts\/14558\/revisions\/14564"}],"wp:featuredmedia":[{"embeddable":true,"href":"https:\/\/www.sedarauca.edu.co\/index.php\/wp-json\/wp\/v2\/media\/14559"}],"wp:attachment":[{"href":"https:\/\/www.sedarauca.edu.co\/index.php\/wp-json\/wp\/v2\/media?parent=14558"}],"wp:term":[{"taxonomy":"category","embeddable":true,"href":"https:\/\/www.sedarauca.edu.co\/index.php\/wp-json\/wp\/v2\/categories?post=14558"},{"taxonomy":"post_tag","embeddable":true,"href":"https:\/\/www.sedarauca.edu.co\/index.php\/wp-json\/wp\/v2\/tags?post=14558"}],"curies":[{"name":"wp","href":"https:\/\/api.w.org\/{rel}","templated":true}]}}