{"id":1429,"date":"2023-02-03T00:02:00","date_gmt":"2023-02-03T05:02:00","guid":{"rendered":"http:\/\/www.sedarauca.edu.co\/?p=1429"},"modified":"2023-02-02T23:26:02","modified_gmt":"2023-02-03T04:26:02","slug":"convocatoria-interna-no-005-de-2023-profesional-universitario-codigo-219-grado-01","status":"publish","type":"post","link":"https:\/\/www.sedarauca.edu.co\/index.php\/2023\/02\/03\/convocatoria-interna-no-005-de-2023-profesional-universitario-codigo-219-grado-01\/","title":{"rendered":"<strong>Convocatoria Interna No. 005 de 2023 \u2013 Encargo Profesional Universitario C\u00f3digo 219, Grado 01<\/strong>"},"content":{"rendered":"<p>[et_pb_section fb_built=\u00bb1&#8243; _builder_version=\u00bb4.19.5&#8243; _module_preset=\u00bbdefault\u00bb global_colors_info=\u00bb{}\u00bb][et_pb_row _builder_version=\u00bb4.19.5&#8243; _module_preset=\u00bbdefault\u00bb global_colors_info=\u00bb{}\u00bb][et_pb_column type=\u00bb4_4&#8243; _builder_version=\u00bb4.19.5&#8243; _module_preset=\u00bbdefault\u00bb global_colors_info=\u00bb{}\u00bb][et_pb_text _builder_version=\u00bb4.19.5&#8243; _module_preset=\u00bbdefault\u00bb global_colors_info=\u00bb{}\u00bb]<\/p>\n<p class=\"x_MsoNormal\" style=\"text-align: justify;\"><span class=\"x_ContentPasted1\"><strong>EMPLEO:<\/strong> Encargo vacante de Profesional Universitario C\u00f3digo 219, Grado 01, de la planta de cargos de la Secretar\u00eda de Educaci\u00f3n Departamental de Arauca, Nivel \u00a0<\/span><span class=\"x_ContentPasted1\">Central, Financiada con Recursos del Sistema General de Participaciones \u2014 Educaci\u00f3n. Dependencia: Calidad Educativa.\u00a0<\/span><\/p>\n<p class=\"x_MsoNormal\" style=\"text-align: justify;\"><span class=\"x_ContentPasted1\"><strong>DIRIGIDA A:<\/strong> Servidores p\u00fablicos (administrativos) de los establecimientos educativos del departamento de Arauca adscritos a la Secretar\u00eda de Educaci\u00f3n Departamental y Gobernaci\u00f3n de Arauca.\u00a0<\/span><\/p>\n<p class=\"x_MsoNormal\" style=\"text-align: justify;\"><span class=\"x_ContentPasted1\"><strong>APERTURA:<\/strong> A partir de hoy 03 de febrero de 2023, cuentan con 3 d\u00edas h\u00e1biles para manifestar inter\u00e9s en el cargo, esto lo pueden hacer mediante un oficio que deber\u00e1n radicar a trav\u00e9s de la ventanilla \u00fanica de archivo central de la Gobernaci\u00f3n de Arauca o por el Servicio de Atenci\u00f3n al Ciudadano &#8211; SAC.\u00a0<\/span><\/p>\n<p class=\"x_MsoNormal\" style=\"text-align: justify;\"><span class=\"x_ContentPasted1\">En el PDF adjunto encontrar\u00e1n los detalles de esta Convocatoria.\u00a0<\/span><\/p>\n<p>[\/et_pb_text][\/et_pb_column][\/et_pb_row][et_pb_row _builder_version=\u00bb4.19.5&#8243; _module_preset=\u00bbdefault\u00bb global_colors_info=\u00bb{}\u00bb][et_pb_column type=\u00bb4_4&#8243; _builder_version=\u00bb4.19.5&#8243; _module_preset=\u00bbdefault\u00bb global_colors_info=\u00bb{}\u00bb][et_pb_code _builder_version=\u00bb4.19.5&#8243; _module_preset=\u00bbdefault\u00bb global_colors_info=\u00bb{}\u00bb]<a href=\"https:\/\/www.sedarauca.edu.co\/wp-content\/uploads\/2023\/02\/CONVOCATORIA-005-DE-2023-PROFESIONAL-UNIVERSITARIO-CALIDAD-EDUCATIVA.pdf\" class=\"pdfemb-viewer\" style=\"\" data-width=\"max\" data-height=\"max\" data-toolbar=\"bottom\" data-toolbar-fixed=\"on\">CONVOCATORIA-005-DE-2023-PROFESIONAL-UNIVERSITARIO-CALIDAD-EDUCATIVA<\/a>[\/et_pb_code][\/et_pb_column][\/et_pb_row][et_pb_row _builder_version=\u00bb4.19.5&#8243; _module_preset=\u00bbdefault\u00bb global_colors_info=\u00bb{}\u00bb][et_pb_column type=\u00bb4_4&#8243; _builder_version=\u00bb4.19.5&#8243; _module_preset=\u00bbdefault\u00bb global_colors_info=\u00bb{}\u00bb][et_pb_button button_url=\u00bbhttps:\/\/www.sedarauca.edu.co\/wp-content\/uploads\/2023\/02\/CONVOCATORIA-005-DE-2023-PROFESIONAL-UNIVERSITARIO-CALIDAD-EDUCATIVA.pdf\u00bb url_new_window=\u00bbon\u00bb button_text=\u00bbDescargar Convocatoria Interna No. 005 de 2023&#8243; button_alignment=\u00bbcenter\u00bb _builder_version=\u00bb4.19.5&#8243; _module_preset=\u00bbdefault\u00bb custom_button=\u00bbon\u00bb button_text_color=\u00bb#FFFFFF\u00bb button_bg_color=\u00bb#0C71C3&#8243; button_border_radius=\u00bb30px\u00bb button_icon=\u00bb&#xf1c1;||fa||900&#8243; global_colors_info=\u00bb{}\u00bb][\/et_pb_button][\/et_pb_column][\/et_pb_row][\/et_pb_section]<\/p>\n","protected":false},"excerpt":{"rendered":"<p>EMPLEO: Encargo vacante de Profesional Universitario C\u00f3digo 219, Grado 01, de la planta de cargos de la Secretar\u00eda de Educaci\u00f3n Departamental de Arauca, Nivel \u00a0Central, Financiada con Recursos del Sistema General de Participaciones \u2014 Educaci\u00f3n. Dependencia: Calidad Educativa.\u00a0 DIRIGIDA A: Servidores p\u00fablicos (administrativos) de los establecimientos educativos del departamento de Arauca adscritos a la Secretar\u00eda [&hellip;]<\/p>\n","protected":false},"author":1,"featured_media":1432,"comment_status":"closed","ping_status":"closed","sticky":false,"template":"","format":"standard","meta":{"_et_pb_use_builder":"on","_et_pb_old_content":"","_et_gb_content_width":"","footnotes":""},"categories":[7,25],"tags":[],"class_list":["post-1429","post","type-post","status-publish","format-standard","has-post-thumbnail","hentry","category-convocatoria","category-publicacion"],"_links":{"self":[{"href":"https:\/\/www.sedarauca.edu.co\/index.php\/wp-json\/wp\/v2\/posts\/1429","targetHints":{"allow":["GET"]}}],"collection":[{"href":"https:\/\/www.sedarauca.edu.co\/index.php\/wp-json\/wp\/v2\/posts"}],"about":[{"href":"https:\/\/www.sedarauca.edu.co\/index.php\/wp-json\/wp\/v2\/types\/post"}],"author":[{"embeddable":true,"href":"https:\/\/www.sedarauca.edu.co\/index.php\/wp-json\/wp\/v2\/users\/1"}],"replies":[{"embeddable":true,"href":"https:\/\/www.sedarauca.edu.co\/index.php\/wp-json\/wp\/v2\/comments?post=1429"}],"version-history":[{"count":8,"href":"https:\/\/www.sedarauca.edu.co\/index.php\/wp-json\/wp\/v2\/posts\/1429\/revisions"}],"predecessor-version":[{"id":1464,"href":"https:\/\/www.sedarauca.edu.co\/index.php\/wp-json\/wp\/v2\/posts\/1429\/revisions\/1464"}],"wp:featuredmedia":[{"embeddable":true,"href":"https:\/\/www.sedarauca.edu.co\/index.php\/wp-json\/wp\/v2\/media\/1432"}],"wp:attachment":[{"href":"https:\/\/www.sedarauca.edu.co\/index.php\/wp-json\/wp\/v2\/media?parent=1429"}],"wp:term":[{"taxonomy":"category","embeddable":true,"href":"https:\/\/www.sedarauca.edu.co\/index.php\/wp-json\/wp\/v2\/categories?post=1429"},{"taxonomy":"post_tag","embeddable":true,"href":"https:\/\/www.sedarauca.edu.co\/index.php\/wp-json\/wp\/v2\/tags?post=1429"}],"curies":[{"name":"wp","href":"https:\/\/api.w.org\/{rel}","templated":true}]}}