{"id":1381,"date":"2023-01-31T08:46:00","date_gmt":"2023-01-31T13:46:00","guid":{"rendered":"https:\/\/www.sedarauca.edu.co\/?p=1381"},"modified":"2023-02-01T18:51:53","modified_gmt":"2023-02-01T23:51:53","slug":"convocatoria-interna-no-002-de-2023","status":"publish","type":"post","link":"https:\/\/www.sedarauca.edu.co\/index.php\/2023\/01\/31\/convocatoria-interna-no-002-de-2023\/","title":{"rendered":"<strong>Convocatoria Interna No. 002 de 2023 &#8211; T\u00e9cnico Operativo C\u00f3digo 314, Grado 10<\/strong>"},"content":{"rendered":"<p>[et_pb_section fb_built=\u00bb1&#8243; _builder_version=\u00bb4.19.5&#8243; _module_preset=\u00bbdefault\u00bb global_colors_info=\u00bb{}\u00bb][et_pb_row _builder_version=\u00bb4.19.5&#8243; _module_preset=\u00bbdefault\u00bb global_colors_info=\u00bb{}\u00bb][et_pb_column type=\u00bb4_4&#8243; _builder_version=\u00bb4.19.5&#8243; _module_preset=\u00bbdefault\u00bb global_colors_info=\u00bb{}\u00bb][et_pb_text _builder_version=\u00bb4.19.5&#8243; _module_preset=\u00bbdefault\u00bb global_colors_info=\u00bb{}\u00bb]<\/p>\n<div class=\"x_elementToProof\" style=\"text-align: justify;\"><span><strong>EMPLEO:<\/strong> Encargo vacante de T\u00e9cnico Operativo C\u00f3digo 314, Grado 10, de la planta de cargos de la Secretar\u00eda de Educaci\u00f3n Departamental de Arauca, Nivel Central, Financiada con Recursos del Sistema General de Participaciones \u2014 Educaci\u00f3n._<\/span><\/div>\n<div class=\"x_elementToProof x_ContentPasted1\" style=\"text-align: justify;\">\n<div><\/div>\n<div class=\"x_ContentPasted1\"><strong>APERTURA:<\/strong> A partir de hoy 31 de enero de 2023, cuentan con 3 d\u00edas h\u00e1biles para manifestar inter\u00e9s en el cargo, esto lo pueden hacer mediante un oficio que deber\u00e1n radicar a trav\u00e9s de la ventanilla \u00fanica de archivo central de la Gobernaci\u00f3n de Arauca o por el Servicio de Atenci\u00f3n al Ciudadano &#8211; SAC.<\/div>\n<div><\/div>\n<p>En el <strong>PDF adjunto<\/strong> encontrar\u00e1n los pormenores de esta Convocatoria.<\/div>\n<div class=\"x_elementToProof x_ContentPasted1\" style=\"text-align: justify;\"><\/div>\n<p>[\/et_pb_text][et_pb_text _builder_version=\u00bb4.19.5&#8243; _module_preset=\u00bbdefault\u00bb hover_enabled=\u00bb0&#8243; sticky_enabled=\u00bb0&#8243;]<\/p>\n<a href=\"https:\/\/www.sedarauca.edu.co\/wp-content\/uploads\/2023\/01\/CONVOCATORIA-No.-002-DE-2023-TECNICO-OPERATIVO-CODIGO-314-GRADO-10..pdf\" class=\"pdfemb-viewer\" style=\"\" data-width=\"max\" data-height=\"max\" data-toolbar=\"bottom\" data-toolbar-fixed=\"on\">CONVOCATORIA-No.-002-DE-2023-TECNICO-OPERATIVO-CODIGO-314-GRADO-10.<\/a>\n<p>[\/et_pb_text][et_pb_button button_url=\u00bbhttps:\/\/www.sedarauca.edu.co\/wp-content\/uploads\/2023\/01\/CONVOCATORIA-No.-002-DE-2023-TECNICO-OPERATIVO-CODIGO-314-GRADO-10..pdf\u00bb url_new_window=\u00bbon\u00bb button_text=\u00bbDescargar PDF Convocatoria 002&#8243; button_alignment=\u00bbcenter\u00bb _builder_version=\u00bb4.19.5&#8243; _module_preset=\u00bbdefault\u00bb custom_button=\u00bbon\u00bb button_text_color=\u00bb#FFFFFF\u00bb button_bg_color=\u00bb#0C71C3&#8243; button_border_radius=\u00bb30px\u00bb button_icon=\u00bb&#xf1c1;||fa||900&#8243; global_colors_info=\u00bb{}\u00bb][\/et_pb_button][\/et_pb_column][\/et_pb_row][\/et_pb_section]<\/p>\n","protected":false},"excerpt":{"rendered":"<p>EMPLEO: Encargo vacante de T\u00e9cnico Operativo C\u00f3digo 314, Grado 10, de la planta de cargos de la Secretar\u00eda de Educaci\u00f3n Departamental de Arauca, Nivel Central, Financiada con Recursos del Sistema General de Participaciones \u2014 Educaci\u00f3n._ APERTURA: A partir de hoy 31 de enero de 2023, cuentan con 3 d\u00edas h\u00e1biles para manifestar inter\u00e9s en el [&hellip;]<\/p>\n","protected":false},"author":1,"featured_media":1385,"comment_status":"closed","ping_status":"closed","sticky":false,"template":"","format":"standard","meta":{"_et_pb_use_builder":"on","_et_pb_old_content":"","_et_gb_content_width":"","footnotes":""},"categories":[7,25],"tags":[],"class_list":["post-1381","post","type-post","status-publish","format-standard","has-post-thumbnail","hentry","category-convocatoria","category-publicacion"],"_links":{"self":[{"href":"https:\/\/www.sedarauca.edu.co\/index.php\/wp-json\/wp\/v2\/posts\/1381","targetHints":{"allow":["GET"]}}],"collection":[{"href":"https:\/\/www.sedarauca.edu.co\/index.php\/wp-json\/wp\/v2\/posts"}],"about":[{"href":"https:\/\/www.sedarauca.edu.co\/index.php\/wp-json\/wp\/v2\/types\/post"}],"author":[{"embeddable":true,"href":"https:\/\/www.sedarauca.edu.co\/index.php\/wp-json\/wp\/v2\/users\/1"}],"replies":[{"embeddable":true,"href":"https:\/\/www.sedarauca.edu.co\/index.php\/wp-json\/wp\/v2\/comments?post=1381"}],"version-history":[{"count":12,"href":"https:\/\/www.sedarauca.edu.co\/index.php\/wp-json\/wp\/v2\/posts\/1381\/revisions"}],"predecessor-version":[{"id":1410,"href":"https:\/\/www.sedarauca.edu.co\/index.php\/wp-json\/wp\/v2\/posts\/1381\/revisions\/1410"}],"wp:featuredmedia":[{"embeddable":true,"href":"https:\/\/www.sedarauca.edu.co\/index.php\/wp-json\/wp\/v2\/media\/1385"}],"wp:attachment":[{"href":"https:\/\/www.sedarauca.edu.co\/index.php\/wp-json\/wp\/v2\/media?parent=1381"}],"wp:term":[{"taxonomy":"category","embeddable":true,"href":"https:\/\/www.sedarauca.edu.co\/index.php\/wp-json\/wp\/v2\/categories?post=1381"},{"taxonomy":"post_tag","embeddable":true,"href":"https:\/\/www.sedarauca.edu.co\/index.php\/wp-json\/wp\/v2\/tags?post=1381"}],"curies":[{"name":"wp","href":"https:\/\/api.w.org\/{rel}","templated":true}]}}