{"id":1336,"date":"2023-01-16T10:02:00","date_gmt":"2023-01-16T15:02:00","guid":{"rendered":"http:\/\/www.sedarauca.edu.co\/?p=1336"},"modified":"2023-01-26T19:14:08","modified_gmt":"2023-01-27T00:14:08","slug":"convocatoria-interna-no-001-de-2023-rector-i-e-san-jose-de-la-pesquera","status":"publish","type":"post","link":"https:\/\/www.sedarauca.edu.co\/index.php\/2023\/01\/16\/convocatoria-interna-no-001-de-2023-rector-i-e-san-jose-de-la-pesquera\/","title":{"rendered":"<strong>Convocatoria Interna No. 001 de 2023 &#8211; Rector Instituci\u00f3n Educativa San Jos\u00e9 de La Pesquera<\/strong>"},"content":{"rendered":"\n\n[et_pb_section fb_built=\u00bb1&#8243; _builder_version=\u00bb4.19.4&#8243; _module_preset=\u00bbdefault\u00bb global_colors_info=\u00bb{}\u00bb][et_pb_row _builder_version=\u00bb4.19.4&#8243; _module_preset=\u00bbdefault\u00bb global_colors_info=\u00bb{}\u00bb][et_pb_column type=\u00bb4_4&#8243; _builder_version=\u00bb4.19.4&#8243; _module_preset=\u00bbdefault\u00bb global_colors_info=\u00bb{}\u00bb][et_pb_text _builder_version=\u00bb4.19.4&#8243; _module_preset=\u00bbdefault\u00bb global_colors_info=\u00bb{}\u00bb]<p style=\"text-align: justify;\">La Secretar\u00eda de Educaci\u00f3n del Departamento de Arauca, en cumplimiento del Decreto 490 de 2016 y en aplicaci\u00f3n del art\u00edculo 24 de la Ley 909 de 2004 , y Circular No. 20171000000027, del 09 de febrero de 2017, Decreto 2105 del 14 de diciembre de 2017 del M.E.N, directrices e instructivo de la Comisi\u00f3n Nacional del Servicio Civil, sobre la provisi\u00f3n mediante la figura de Encargo de cargos Directivos Docentes \u2014 RECTOR, COORDINADOR y DIRECTOR RURAL, convoca a los DOCENTES en Propiedad, es decir, que ostenten derechos de carrera, inscrito en el escalaf\u00f3n docente interesados en acceder por encargo como RECTOR, hasta tanto se provea el cargo en propiedad, en periodo de prueba o proceso ordinario de traslado, para que radiquen su solicitud en la Oficina de Archivo Central de la Gobernaci\u00f3n del Departamento ubicado en la calle 20 carrera 21 esquina, Barrio el Centro, Primer Piso, o en la Plataforma de Servicio de atenci\u00f3n al Ciudadano SAC, a partir del 16 al 17 de enero de 2023, en el horario laboral de 8:00 am a 6:00 pm.<\/p>\n<p style=\"text-align: justify;\">Que mediante Decreto 490 de 2016 y Decreto 2105 del 14 de diciembre de 2017 emanados del Ministerio de Educaci\u00f3n Nacional \u00abPor el cual se modifica parcialmente el Decreto 1075 de 2015 , \u00danico Reglamentario del Sector Educaci\u00f3n, en relaci\u00f3n con la jornada \u00fanica escolar, los tipos de cargos del -sistema especial de carrera docente y su forma de provisi\u00f3n, los concursos docentes y la actividad laboral docente en el servicio educativo de los niveles de preescolar, b\u00e1sica y media.\u00bb , la siguiente es la descripci\u00f3n del Cargo de Directivo Docente:<\/p>\n<p style=\"text-align: justify;\"><strong>Nro Cargos:<span>\u00a0<\/span><\/strong>1<br \/><strong>Empleo:<\/strong><span>\u00a0<\/span>DIrectivo Docente<br \/><strong>Cargo:<span>\u00a0<\/span><\/strong>Rector<br \/><strong>Establecimiento Educativo:<span>\u00a0<\/span><\/strong>Instituci\u00f3n Educativa San Jos\u00e9 de La Pesquera<\/p>\n<p style=\"text-align: justify;\"><strong>Prop\u00f3sito principal del cargo:<\/strong><span>\u00a0<\/span>El rector y director rural son los directivos docentes que tienen la responsabilidad de dirigir y gestionar pedag\u00f3gica y administrativamente el funcionamiento de un establecimiento educativo. Su labor es de car\u00e1cter profesional que, sobre la base de una formaci\u00f3n y experiencia especifica de reconocida trayectoria en el sector educativo, se ocupa de los procesos relacionados con la planeaci\u00f3n, direcci\u00f3n, orientaci\u00f3n, programaci\u00f3n, administraci\u00f3n y evaluaci\u00f3n de las pr\u00e1cticas y din\u00e1micas educativas que se llevan a cabo en la instituci\u00f3n, y de las relaciones interinstitucionales y de convivencia con el entorno, la familia y la comunidad educativa.<br \/>El rector y el director rural son los superiores inmediatos del personal docente, directivo docente y administrativo a su cargo; mantendr\u00e1 relaci\u00f3n directa con los estudiantes, la<br \/>familia o acudiente en el marco de sus competencias y los procesos establecidos en el establecimiento educativo por el Gobierno Escolar.<br \/>El superior inmediato del rector o director rural es el gobernador o alcalde de la respectiva Entidad Territorial Certificada, o quien este designe.<\/p>[\/et_pb_text][et_pb_button button_url=\u00bbhttps:\/\/www.sedarauca.edu.co\/wp-content\/uploads\/2023\/01\/CONVOCATORIA-No.-001-DE-2023-RECTOR-I.E.-SAN-JOSE-DE-LA-PESQUERA.pdf\u00bb url_new_window=\u00bbon\u00bb button_text=\u00bbVer\/Descargar PDF\u00bb button_alignment=\u00bbcenter\u00bb _builder_version=\u00bb4.19.4&#8243; _module_preset=\u00bbdefault\u00bb custom_button=\u00bbon\u00bb button_text_color=\u00bb#FFFFFF\u00bb button_bg_color=\u00bb#0C71C3&#8243; button_border_radius=\u00bb30px\u00bb button_icon=\u00bb&#xf1c1;||fa||900&#8243; hover_enabled=\u00bb0&#8243; global_colors_info=\u00bb{}\u00bb sticky_enabled=\u00bb0&#8243;][\/et_pb_button][\/et_pb_column][\/et_pb_row][\/et_pb_section]\n\n","protected":false},"excerpt":{"rendered":"<p>La Secretar\u00eda de Educaci\u00f3n del Departamento de Arauca, en cumplimiento del Decreto 490 de 2016 y en aplicaci\u00f3n del art\u00edculo 24 de la Ley 909 de 2004 , y Circular No. 20171000000027, del 09 de febrero de 2017, Decreto 2105 del 14 de diciembre de 2017 del M.E.N, directrices e instructivo de la Comisi\u00f3n Nacional [&hellip;]<\/p>\n","protected":false},"author":1,"featured_media":1355,"comment_status":"closed","ping_status":"closed","sticky":false,"template":"","format":"standard","meta":{"_et_pb_use_builder":"on","_et_pb_old_content":"","_et_gb_content_width":"","footnotes":""},"categories":[7,25],"tags":[31],"class_list":["post-1336","post","type-post","status-publish","format-standard","has-post-thumbnail","hentry","category-convocatoria","category-publicacion","tag-convocatoria-interna"],"_links":{"self":[{"href":"https:\/\/www.sedarauca.edu.co\/index.php\/wp-json\/wp\/v2\/posts\/1336","targetHints":{"allow":["GET"]}}],"collection":[{"href":"https:\/\/www.sedarauca.edu.co\/index.php\/wp-json\/wp\/v2\/posts"}],"about":[{"href":"https:\/\/www.sedarauca.edu.co\/index.php\/wp-json\/wp\/v2\/types\/post"}],"author":[{"embeddable":true,"href":"https:\/\/www.sedarauca.edu.co\/index.php\/wp-json\/wp\/v2\/users\/1"}],"replies":[{"embeddable":true,"href":"https:\/\/www.sedarauca.edu.co\/index.php\/wp-json\/wp\/v2\/comments?post=1336"}],"version-history":[{"count":7,"href":"https:\/\/www.sedarauca.edu.co\/index.php\/wp-json\/wp\/v2\/posts\/1336\/revisions"}],"predecessor-version":[{"id":1370,"href":"https:\/\/www.sedarauca.edu.co\/index.php\/wp-json\/wp\/v2\/posts\/1336\/revisions\/1370"}],"wp:featuredmedia":[{"embeddable":true,"href":"https:\/\/www.sedarauca.edu.co\/index.php\/wp-json\/wp\/v2\/media\/1355"}],"wp:attachment":[{"href":"https:\/\/www.sedarauca.edu.co\/index.php\/wp-json\/wp\/v2\/media?parent=1336"}],"wp:term":[{"taxonomy":"category","embeddable":true,"href":"https:\/\/www.sedarauca.edu.co\/index.php\/wp-json\/wp\/v2\/categories?post=1336"},{"taxonomy":"post_tag","embeddable":true,"href":"https:\/\/www.sedarauca.edu.co\/index.php\/wp-json\/wp\/v2\/tags?post=1336"}],"curies":[{"name":"wp","href":"https:\/\/api.w.org\/{rel}","templated":true}]}}