{"id":13044,"date":"2025-11-28T16:48:00","date_gmt":"2025-11-28T21:48:00","guid":{"rendered":"https:\/\/www.sedarauca.edu.co\/?p=13044"},"modified":"2025-12-09T15:56:47","modified_gmt":"2025-12-09T20:56:47","slug":"departamento-de-arauca-asegura-vigilancia-en-132-sedes-educativas-oficiales","status":"publish","type":"post","link":"https:\/\/www.sedarauca.edu.co\/index.php\/2025\/11\/28\/departamento-de-arauca-asegura-vigilancia-en-132-sedes-educativas-oficiales\/","title":{"rendered":"Departamento de Arauca asegura vigilancia en 132 sedes educativas oficiales"},"content":{"rendered":"<p>[et_pb_section fb_built=\u00bb1&#8243; theme_builder_area=\u00bbpost_content\u00bb _builder_version=\u00bb4.27.5&#8243; _module_preset=\u00bbdefault\u00bb][et_pb_row _builder_version=\u00bb4.27.5&#8243; _module_preset=\u00bbdefault\u00bb theme_builder_area=\u00bbpost_content\u00bb][et_pb_column _builder_version=\u00bb4.27.5&#8243; _module_preset=\u00bbdefault\u00bb type=\u00bb4_4&#8243; theme_builder_area=\u00bbpost_content\u00bb][et_pb_text _builder_version=\u00bb4.27.5&#8243; _module_preset=\u00bbdefault\u00bb theme_builder_area=\u00bbpost_content\u00bb hover_enabled=\u00bb0&#8243; sticky_enabled=\u00bb0&#8243;]<\/p>\n<p style=\"text-align: center;\"><em>186 vigilantes fortalecen la seguridad y protecci\u00f3n de los entornos escolares en Arauca<\/em><\/p>\n<p style=\"text-align: justify;\"><strong>Arauca, 28 de noviembre 2025.<\/strong> La Secretar\u00eda de Educaci\u00f3n Departamental socializ\u00f3 el Contrato N.\u00b0 656 de 2025, destinado a la prestaci\u00f3n del servicio de vigilancia en los establecimientos educativos oficiales del departamento. Esta operaci\u00f3n cuenta con una inversi\u00f3n de $1.630 millones, orientada a garantizar la protecci\u00f3n de la infraestructura escolar, el bienestar de la comunidad educativa y la reducci\u00f3n de riesgos asociados al hurto y da\u00f1os en bienes p\u00fablicos.<\/p>\n<p style=\"text-align: justify;\">Para el cumplimiento de este servicio fueron asignados 186 vigilantes, distribuidos en 132 sedes priorizadas en los siete municipios del departamento. Su labor ser\u00e1 desarrollada en articulaci\u00f3n con los equipos directivos de las instituciones educativas, asegurando presencia permanente y mecanismos de control que permitan ambientes escolares seguros y protegidos tanto en zonas urbanas como rurales.<\/p>\n<p style=\"text-align: justify;\">La implementaci\u00f3n del contrato beneficiar\u00e1 a m\u00e1s de 52.000 estudiantes, quienes contar\u00e1n con espacios educativos resguardados y adecuados para el desarrollo de las actividades acad\u00e9micas. La vigilancia busca prevenir el hurto de equipos, mobiliario y recursos pedag\u00f3gicos, as\u00ed como mitigar riesgos que puedan afectar la continuidad del servicio educativo.<\/p>\n<p style=\"text-align: justify;\">Esta acci\u00f3n se enmarca en las estrategias del gobernador Renson Mart\u00ednez Prada, enfocadas en fortalecer la calidad educativa desde todos sus componentes, incluyendo la infraestructura, la seguridad y el bienestar escolar como elementos indispensables para garantizar trayectorias educativas completas.<\/p>\n<p style=\"text-align: justify;\">El secretario de Educaci\u00f3n Departamental, Ariel Pedraza Pinz\u00f3n, resalt\u00f3 que \u201cla seguridad escolar tambi\u00e9n es garant\u00eda de permanencia. Proteger nuestros colegios es proteger las oportunidades de aprendizaje de nuestras ni\u00f1as, ni\u00f1os y j\u00f3venes\u201d, destacando la importancia de contar con un servicio de vigilancia id\u00f3neo, oportuno y articulado con las necesidades de cada instituci\u00f3n.<\/p>\n<p style=\"text-align: justify;\">Con esta inversi\u00f3n, el Departamento reafirma su compromiso con la creaci\u00f3n de entornos seguros, confiables y dignos para toda la comunidad educativa de Arauca.<\/p>\n<p>[\/et_pb_text][\/et_pb_column][\/et_pb_row][\/et_pb_section]<\/p>\n","protected":false},"excerpt":{"rendered":"<p>186 vigilantes fortalecen la seguridad y protecci\u00f3n de los entornos escolares en Arauca Arauca, 28 de noviembre 2025. La Secretar\u00eda de Educaci\u00f3n Departamental socializ\u00f3 el Contrato N.\u00b0 656 de 2025, destinado a la prestaci\u00f3n del servicio de vigilancia en los establecimientos educativos oficiales del departamento. Esta operaci\u00f3n cuenta con una inversi\u00f3n de $1.630 millones, orientada [&hellip;]<\/p>\n","protected":false},"author":1,"featured_media":13046,"comment_status":"closed","ping_status":"closed","sticky":false,"template":"","format":"standard","meta":{"_et_pb_use_builder":"on","_et_pb_old_content":"","_et_gb_content_width":"","footnotes":""},"categories":[6],"tags":[],"class_list":["post-13044","post","type-post","status-publish","format-standard","has-post-thumbnail","hentry","category-noticias"],"_links":{"self":[{"href":"https:\/\/www.sedarauca.edu.co\/index.php\/wp-json\/wp\/v2\/posts\/13044","targetHints":{"allow":["GET"]}}],"collection":[{"href":"https:\/\/www.sedarauca.edu.co\/index.php\/wp-json\/wp\/v2\/posts"}],"about":[{"href":"https:\/\/www.sedarauca.edu.co\/index.php\/wp-json\/wp\/v2\/types\/post"}],"author":[{"embeddable":true,"href":"https:\/\/www.sedarauca.edu.co\/index.php\/wp-json\/wp\/v2\/users\/1"}],"replies":[{"embeddable":true,"href":"https:\/\/www.sedarauca.edu.co\/index.php\/wp-json\/wp\/v2\/comments?post=13044"}],"version-history":[{"count":2,"href":"https:\/\/www.sedarauca.edu.co\/index.php\/wp-json\/wp\/v2\/posts\/13044\/revisions"}],"predecessor-version":[{"id":13047,"href":"https:\/\/www.sedarauca.edu.co\/index.php\/wp-json\/wp\/v2\/posts\/13044\/revisions\/13047"}],"wp:featuredmedia":[{"embeddable":true,"href":"https:\/\/www.sedarauca.edu.co\/index.php\/wp-json\/wp\/v2\/media\/13046"}],"wp:attachment":[{"href":"https:\/\/www.sedarauca.edu.co\/index.php\/wp-json\/wp\/v2\/media?parent=13044"}],"wp:term":[{"taxonomy":"category","embeddable":true,"href":"https:\/\/www.sedarauca.edu.co\/index.php\/wp-json\/wp\/v2\/categories?post=13044"},{"taxonomy":"post_tag","embeddable":true,"href":"https:\/\/www.sedarauca.edu.co\/index.php\/wp-json\/wp\/v2\/tags?post=13044"}],"curies":[{"name":"wp","href":"https:\/\/api.w.org\/{rel}","templated":true}]}}