{"id":1281,"date":"2023-01-10T15:05:00","date_gmt":"2023-01-10T20:05:00","guid":{"rendered":"https:\/\/www.sedarauca.edu.co\/?p=1281"},"modified":"2023-01-11T09:45:03","modified_gmt":"2023-01-11T14:45:03","slug":"conozca-el-calendario-academico-2023-para-las-instituciones-educativas-del-departamento-de-arauca","status":"publish","type":"post","link":"https:\/\/www.sedarauca.edu.co\/index.php\/2023\/01\/10\/conozca-el-calendario-academico-2023-para-las-instituciones-educativas-del-departamento-de-arauca\/","title":{"rendered":"<strong>As\u00ed es el calendario acad\u00e9mico 2023 para las Instituciones Educativas del departamento de Arauca<\/strong>"},"content":{"rendered":"\n\n\n\n[et_pb_section fb_built=\u00bb1&#8243; theme_builder_area=\u00bbpost_content\u00bb _builder_version=\u00bb4.19.4&#8243; _module_preset=\u00bbdefault\u00bb][et_pb_row _builder_version=\u00bb4.19.4&#8243; _module_preset=\u00bbdefault\u00bb theme_builder_area=\u00bbpost_content\u00bb][et_pb_column _builder_version=\u00bb4.19.4&#8243; _module_preset=\u00bbdefault\u00bb type=\u00bb4_4&#8243; theme_builder_area=\u00bbpost_content\u00bb][et_pb_text _builder_version=\u00bb4.19.4&#8243; _module_preset=\u00bbdefault\u00bb theme_builder_area=\u00bbpost_content\u00bb hover_enabled=\u00bb0&#8243; sticky_enabled=\u00bb0&#8243; custom_margin=\u00bb-30px||-25px||false|false\u00bb]<ul>\n<li style=\"text-align: justify;\"><em>La Resoluci\u00f3n No 3024 de 2022 puede ser consultada en la p\u00e1gina de la Entidad Territorial Certificada de Arauca en <\/em><a href=\"http:\/\/www.arauca.gov.co\"><em>arauca.gov.co<\/em><\/a><em> y <\/em><a href=\"https:\/\/www.sedarauca.edu.co\"><em>www.sedarauca.edu.co<\/em><\/a><\/li>\n<li style=\"text-align: justify;\"><em>El calendario plantea el cumplimiento de las 40 semanas lectivas.<\/em><\/li>\n<li style=\"text-align: justify;\"><em>Las matr\u00edculas se encuentran abiertas en los establecimientos educativos de los siete municipios.<\/em><\/li>\n<\/ul>[\/et_pb_text][\/et_pb_column][\/et_pb_row][et_pb_row _builder_version=\u00bb4.19.4&#8243; _module_preset=\u00bbdefault\u00bb theme_builder_area=\u00bbpost_content\u00bb][et_pb_column _builder_version=\u00bb4.19.4&#8243; _module_preset=\u00bbdefault\u00bb type=\u00bb4_4&#8243; theme_builder_area=\u00bbpost_content\u00bb][et_pb_text _builder_version=\u00bb4.19.4&#8243; _module_preset=\u00bbdefault\u00bb theme_builder_area=\u00bbpost_content\u00bb hover_enabled=\u00bb0&#8243; sticky_enabled=\u00bb0&#8243;]<p style=\"text-align: justify;\"><strong>Arauca, 10 de enero de 2022. \u00a0<\/strong>La Administraci\u00f3n Departamental \u201cConstruyendo Futuro\u201d a trav\u00e9s de la Secretar\u00eda de Educaci\u00f3n Departamental estableci\u00f3 mediante Resoluci\u00f3n No. 3024 de 2022, el calendario escolar y acad\u00e9mico general del 2023, para los Establecimientos Educativos Oficiales y No Oficiales de los municipios no certificados del departamento de Arauca, que prestan el servicio p\u00fablico educativo en los niveles de Preescolar, B\u00e1sica y Media.<\/p>\n<p style=\"text-align: justify;\">\n<p style=\"text-align: justify;\">El calendario plantea el cumplimiento de las 40 semanas lectivas, distribuidas en dos per\u00edodos semestrales, as\u00ed:<\/p>\n<p style=\"text-align: justify;\">\u00a0<strong>PRIMER PERIODO SEMESTRAL LECTIVO<\/strong>: Del 23 de enero al 18 de junio de 2023. Veinte (20) semanas lectivas, excluyendo la Semana Santa que va del 03 de abril 2023 al 09 de abril de 2023.<\/p>\n<p style=\"text-align: justify;\"><strong>SEGUNDO PERIODO SEMESTRAL LECTIVO:<\/strong> Del 10 de julio al 03 de diciembre de 2023. Veinte (20) semanas lectivas. Excluyendo la Cuarta Semana de Desarrollo Institucional comprendida del 09 al 15 de octubre de 2023.<\/p>\n<p style=\"text-align: justify;\"><strong><u>Vacaciones estudiantes<\/u><\/strong><\/p>\n<p style=\"text-align: justify;\">El receso estudiantil tendr\u00eda un total de 12 semanas para los establecimientos educativos oficiales, en el que podr\u00e1n disfrutar en las fechas establecidas.<\/p>\n<p style=\"text-align: justify;\">Tres (3) semanas: Del 02 al 22 de enero de 2023.<\/p>\n<p style=\"text-align: justify;\">Una (1) semana: Del 03 al 09 de abril de 2023.<\/p>\n<p style=\"text-align: justify;\">Tres (3) semanas: Del 19 de junio a 09 de julio de 2023.<\/p>\n<p style=\"text-align: justify;\">Una (1) semana: Del 09 al 15 de octubre de 2023.<\/p>\n<p style=\"text-align: justify;\">Cuatro (4) semanas: Del 04 al 31 diciembre de 2023.<\/p>\n<p style=\"text-align: justify;\"><strong><u>Vacaciones para directivos docentes y docentes<\/u><\/strong><\/p>\n<p style=\"text-align: justify;\">En este calendario escolar 2023, directivos docentes y docentes tendr\u00e1n derecho a siete (7) semanas, se dar\u00e1n en las siguientes fechas:<\/p>\n<p style=\"text-align: justify;\">Dos (2) semanas: Del 02 al 15 de enero 2023.<\/p>\n<p style=\"text-align: justify;\">Dos (2) semanas: Del 26 de junio al 09 de julio 2023.<\/p>\n<p style=\"text-align: justify;\">Tres (3) semanas: del 11 al 31 de diciembre de 2023.<\/p>\n<p style=\"text-align: justify;\"><strong><u>Calendario acad\u00e9mico para colegios privados<\/u><\/strong><\/p>\n<p style=\"text-align: justify;\">Para el caso de los Establecimientos Educativos no oficiales (privados), deber\u00e1n adoptar las medidas administrativas necesarias para organizar calendarios acad\u00e9micos que den cumplimiento a las cuarenta (40) semanas de duraci\u00f3n m\u00ednima establecida, y reportar esta informaci\u00f3n a la Direcci\u00f3n de Inspecci\u00f3n y Vigilancia de la Secretar\u00eda de Educaci\u00f3n Departamental, a m\u00e1s tardar en la primera semana de inicio de trabajo acad\u00e9mico con los estudiantes.<\/p>\n<p style=\"text-align: justify;\">El secretario de Educaci\u00f3n Departamental Marceliano Guerrero Alvarado, invita a padres de familia y\/o cuidadores a matricular a sus hijos en el establecimiento educativo m\u00e1s cercano a su lugar de residencia, y les recuerda que para este a\u00f1o 2.023 hay una oferta total de 68.131 cupos en las instituciones educativas p\u00fablicas, por lo que se busca que todos los ni\u00f1os, ni\u00f1as y adolescentes sean matriculados sin excepci\u00f3n alguna.<\/p>[\/et_pb_text][\/et_pb_column][\/et_pb_row][et_pb_row _builder_version=\u00bb4.19.4&#8243; _module_preset=\u00bbdefault\u00bb theme_builder_area=\u00bbpost_content\u00bb][et_pb_column _builder_version=\u00bb4.19.4&#8243; _module_preset=\u00bbdefault\u00bb type=\u00bb4_4&#8243; theme_builder_area=\u00bbpost_content\u00bb][et_pb_video src=\u00bbhttps:\/\/youtu.be\/H5ND7dKo_cs\u00bb _builder_version=\u00bb4.19.4&#8243; _module_preset=\u00bbdefault\u00bb theme_builder_area=\u00bbpost_content\u00bb hover_enabled=\u00bb0&#8243; sticky_enabled=\u00bb0&#8243;][\/et_pb_video][\/et_pb_column][\/et_pb_row][\/et_pb_section]\n\n\n\n","protected":false},"excerpt":{"rendered":"<p>La Resoluci\u00f3n No 3024 de 2022 puede ser consultada en la p\u00e1gina de la Entidad Territorial Certificada de Arauca en arauca.gov.co y www.sedarauca.edu.co El calendario plantea el cumplimiento de las 40 semanas lectivas. Las matr\u00edculas se encuentran abiertas en los establecimientos educativos de los siete municipios. Arauca, 10 de enero de 2022. \u00a0La Administraci\u00f3n Departamental [&hellip;]<\/p>\n","protected":false},"author":1,"featured_media":1286,"comment_status":"closed","ping_status":"closed","sticky":false,"template":"","format":"standard","meta":{"_et_pb_use_builder":"on","_et_pb_old_content":"","_et_gb_content_width":"","footnotes":""},"categories":[21,6],"tags":[],"class_list":["post-1281","post","type-post","status-publish","format-standard","has-post-thumbnail","hentry","category-boletin","category-noticias"],"_links":{"self":[{"href":"https:\/\/www.sedarauca.edu.co\/index.php\/wp-json\/wp\/v2\/posts\/1281","targetHints":{"allow":["GET"]}}],"collection":[{"href":"https:\/\/www.sedarauca.edu.co\/index.php\/wp-json\/wp\/v2\/posts"}],"about":[{"href":"https:\/\/www.sedarauca.edu.co\/index.php\/wp-json\/wp\/v2\/types\/post"}],"author":[{"embeddable":true,"href":"https:\/\/www.sedarauca.edu.co\/index.php\/wp-json\/wp\/v2\/users\/1"}],"replies":[{"embeddable":true,"href":"https:\/\/www.sedarauca.edu.co\/index.php\/wp-json\/wp\/v2\/comments?post=1281"}],"version-history":[{"count":5,"href":"https:\/\/www.sedarauca.edu.co\/index.php\/wp-json\/wp\/v2\/posts\/1281\/revisions"}],"predecessor-version":[{"id":1290,"href":"https:\/\/www.sedarauca.edu.co\/index.php\/wp-json\/wp\/v2\/posts\/1281\/revisions\/1290"}],"wp:featuredmedia":[{"embeddable":true,"href":"https:\/\/www.sedarauca.edu.co\/index.php\/wp-json\/wp\/v2\/media\/1286"}],"wp:attachment":[{"href":"https:\/\/www.sedarauca.edu.co\/index.php\/wp-json\/wp\/v2\/media?parent=1281"}],"wp:term":[{"taxonomy":"category","embeddable":true,"href":"https:\/\/www.sedarauca.edu.co\/index.php\/wp-json\/wp\/v2\/categories?post=1281"},{"taxonomy":"post_tag","embeddable":true,"href":"https:\/\/www.sedarauca.edu.co\/index.php\/wp-json\/wp\/v2\/tags?post=1281"}],"curies":[{"name":"wp","href":"https:\/\/api.w.org\/{rel}","templated":true}]}}