{"id":12798,"date":"2025-11-02T09:22:00","date_gmt":"2025-11-02T14:22:00","guid":{"rendered":"https:\/\/www.sedarauca.edu.co\/?p=12798"},"modified":"2025-11-13T11:01:51","modified_gmt":"2025-11-13T16:01:51","slug":"revista-institucional-lo-mejor-en-educacion-edicion-n2","status":"publish","type":"post","link":"https:\/\/www.sedarauca.edu.co\/index.php\/2025\/11\/02\/revista-institucional-lo-mejor-en-educacion-edicion-n2\/","title":{"rendered":"Revista institucional \u00abLo Mejor en Educaci\u00f3n\u00bb edici\u00f3n N\u00b02"},"content":{"rendered":"<p>[et_pb_section fb_built=\u00bb1&#8243; theme_builder_area=\u00bbpost_content\u00bb _builder_version=\u00bb4.27.4&#8243; _module_preset=\u00bbdefault\u00bb][et_pb_row _builder_version=\u00bb4.27.4&#8243; _module_preset=\u00bbdefault\u00bb theme_builder_area=\u00bbpost_content\u00bb][et_pb_column _builder_version=\u00bb4.27.4&#8243; _module_preset=\u00bbdefault\u00bb type=\u00bb4_4&#8243; theme_builder_area=\u00bbpost_content\u00bb][et_pb_text _builder_version=\u00bb4.27.4&#8243; _module_preset=\u00bbdefault\u00bb theme_builder_area=\u00bbpost_content\u00bb hover_enabled=\u00bb0&#8243; sticky_enabled=\u00bb0&#8243;]<\/p>\n<p style=\"text-align: center;\"><em>Una mirada a lo que estamos construyendo juntos<\/em><\/p>\n<p style=\"text-align: justify;\"><strong>Arauca 2 de noviembre 2025.<\/strong> La educaci\u00f3n en Arauca est\u00e1 en movimiento, creciendo y fortaleci\u00e9ndose desde las aulas, los territorios y las comunidades. La edici\u00f3n del mes del octubre, nos invita a reconocer ese avance: el resultado de esfuerzos compartidos entre estudiantes, docentes, familias y el Gobierno Departamental.<\/p>\n<p style=\"text-align: justify;\">Aqu\u00ed no solo se cuenta lo que se ha hecho; se reconoce lo que nos impulsa. Porque una mejor educaci\u00f3n no se construye solo con infraestructura y programas, sino con cercan\u00eda, compromiso y sentido humano. Cada historia que encontrar\u00e1s en estas p\u00e1ginas refleja ese prop\u00f3sito: acompa\u00f1ar, abrir caminos y garantizar oportunidades reales para aprender.<\/p>\n<p style=\"text-align: justify;\">Las voces de estudiantes que descubren nuevas experiencias, el talento del magisterio que inspira dentro y fuera del aula, las iniciativas que nacen en la ruralidad para transformar el entorno, y la gesti\u00f3n que fortalece las condiciones para permanecer en la escuela, son parte de una mirada que nos recuerda por qu\u00e9 educar es sembrar futuro<\/p>\n<p style=\"text-align: justify;\">Te invitamos a recorrer esta edici\u00f3n con atenci\u00f3n y orgullo.<br \/>Porque en cada proceso, en cada ruta, en cada paso, se construye un Arauca Mejor:<br \/>una educaci\u00f3n m\u00e1s cercana, m\u00e1s digna\u00a0y\u00a0m\u00e1s\u00a0humana.<\/p>\n<p>Para acceder a ella en modo revista accede haciendo click <a href=\"https:\/\/www.calameo.com\/read\/008053508a35912a1e15e\">aqu\u00ed<\/a><br \/>Tambi\u00e9n encontrar\u00e1s su versi\u00f3n pdf a continuaci\u00f3n:\u00a0<\/p>\n<p>[\/et_pb_text][\/et_pb_column][\/et_pb_row][et_pb_row _builder_version=\u00bb4.27.4&#8243; _module_preset=\u00bbdefault\u00bb theme_builder_area=\u00bbpost_content\u00bb link_option_url=\u00bbhttps:\/\/www.sedarauca.edu.co\/wp-content\/uploads\/2025\/11\/Lo-Mejor-En-Educacion-N\u00b02.pdf\u00bb hover_enabled=\u00bb0&#8243; sticky_enabled=\u00bb0&#8243;][et_pb_column _builder_version=\u00bb4.27.4&#8243; _module_preset=\u00bbdefault\u00bb type=\u00bb4_4&#8243; theme_builder_area=\u00bbpost_content\u00bb][et_pb_divider _builder_version=\u00bb4.27.4&#8243; _module_preset=\u00bbdefault\u00bb theme_builder_area=\u00bbpost_content\u00bb hover_enabled=\u00bb0&#8243; sticky_enabled=\u00bb0&#8243;][\/et_pb_divider][\/et_pb_column][\/et_pb_row][et_pb_row _builder_version=\u00bb4.27.4&#8243; _module_preset=\u00bbdefault\u00bb theme_builder_area=\u00bbpost_content\u00bb link_option_url=\u00bbhttps:\/\/www.sedarauca.edu.co\/wp-content\/uploads\/2025\/11\/Lo-Mejor-En-Educacion-N\u00b02.pdf\u00bb link_option_url_new_window=\u00bbon\u00bb hover_enabled=\u00bb0&#8243; sticky_enabled=\u00bb0&#8243;][et_pb_column _builder_version=\u00bb4.27.4&#8243; _module_preset=\u00bbdefault\u00bb type=\u00bb4_4&#8243; theme_builder_area=\u00bbpost_content\u00bb][et_pb_code _builder_version=\u00bb4.27.4&#8243; _module_preset=\u00bbdefault\u00bb theme_builder_area=\u00bbpost_content\u00bb hover_enabled=\u00bb0&#8243; sticky_enabled=\u00bb0&#8243; link_option_url=\u00bbhttps:\/\/www.sedarauca.edu.co\/wp-content\/uploads\/2025\/11\/Lo-Mejor-En-Educacion-N\u00b02.pdf\u00bb link_option_url_new_window=\u00bbon\u00bb]<a href=\"https:\/\/www.sedarauca.edu.co\/wp-content\/uploads\/2025\/11\/Lo-Mejor-En-Educacion-N\u00b02.pdf\" class=\"pdfemb-viewer\" style=\"\" data-width=\"max\" data-height=\"max\" data-toolbar=\"bottom\" data-toolbar-fixed=\"on\">Lo-Mejor-En-Educacion-N\u00b02<\/a>[\/et_pb_code][\/et_pb_column][\/et_pb_row][\/et_pb_section]<\/p>\n","protected":false},"excerpt":{"rendered":"<p>Una mirada a lo que estamos construyendo juntos Arauca 2 de noviembre 2025. La educaci\u00f3n en Arauca est\u00e1 en movimiento, creciendo y fortaleci\u00e9ndose desde las aulas, los territorios y las comunidades. La edici\u00f3n del mes del octubre, nos invita a reconocer ese avance: el resultado de esfuerzos compartidos entre estudiantes, docentes, familias y el Gobierno [&hellip;]<\/p>\n","protected":false},"author":1,"featured_media":12812,"comment_status":"closed","ping_status":"closed","sticky":false,"template":"","format":"standard","meta":{"_et_pb_use_builder":"on","_et_pb_old_content":"","_et_gb_content_width":"","footnotes":""},"categories":[40,44,42,6,17,39],"tags":[],"class_list":["post-12798","post","type-post","status-publish","format-standard","has-post-thumbnail","hentry","category-encuentro","category-gestion","category-men","category-noticias","category-pae","category-transporte-escolar"],"_links":{"self":[{"href":"https:\/\/www.sedarauca.edu.co\/index.php\/wp-json\/wp\/v2\/posts\/12798","targetHints":{"allow":["GET"]}}],"collection":[{"href":"https:\/\/www.sedarauca.edu.co\/index.php\/wp-json\/wp\/v2\/posts"}],"about":[{"href":"https:\/\/www.sedarauca.edu.co\/index.php\/wp-json\/wp\/v2\/types\/post"}],"author":[{"embeddable":true,"href":"https:\/\/www.sedarauca.edu.co\/index.php\/wp-json\/wp\/v2\/users\/1"}],"replies":[{"embeddable":true,"href":"https:\/\/www.sedarauca.edu.co\/index.php\/wp-json\/wp\/v2\/comments?post=12798"}],"version-history":[{"count":6,"href":"https:\/\/www.sedarauca.edu.co\/index.php\/wp-json\/wp\/v2\/posts\/12798\/revisions"}],"predecessor-version":[{"id":12821,"href":"https:\/\/www.sedarauca.edu.co\/index.php\/wp-json\/wp\/v2\/posts\/12798\/revisions\/12821"}],"wp:featuredmedia":[{"embeddable":true,"href":"https:\/\/www.sedarauca.edu.co\/index.php\/wp-json\/wp\/v2\/media\/12812"}],"wp:attachment":[{"href":"https:\/\/www.sedarauca.edu.co\/index.php\/wp-json\/wp\/v2\/media?parent=12798"}],"wp:term":[{"taxonomy":"category","embeddable":true,"href":"https:\/\/www.sedarauca.edu.co\/index.php\/wp-json\/wp\/v2\/categories?post=12798"},{"taxonomy":"post_tag","embeddable":true,"href":"https:\/\/www.sedarauca.edu.co\/index.php\/wp-json\/wp\/v2\/tags?post=12798"}],"curies":[{"name":"wp","href":"https:\/\/api.w.org\/{rel}","templated":true}]}}