{"id":12770,"date":"2025-10-31T14:15:00","date_gmt":"2025-10-31T19:15:00","guid":{"rendered":"https:\/\/www.sedarauca.edu.co\/?p=12770"},"modified":"2025-11-10T10:34:05","modified_gmt":"2025-11-10T15:34:05","slug":"arauca-se-mueve-con-responsabilidad-mas-de-300-estudiantes-fortalecen-su-conciencia-vial","status":"publish","type":"post","link":"https:\/\/www.sedarauca.edu.co\/index.php\/2025\/10\/31\/arauca-se-mueve-con-responsabilidad-mas-de-300-estudiantes-fortalecen-su-conciencia-vial\/","title":{"rendered":"Arauca se mueve con Responsabilidad: m\u00e1s de 300 estudiantes fortalecen su conciencia vial"},"content":{"rendered":"<p>[et_pb_section fb_built=\u00bb1&#8243; theme_builder_area=\u00bbpost_content\u00bb _builder_version=\u00bb4.27.4&#8243; _module_preset=\u00bbdefault\u00bb][et_pb_row _builder_version=\u00bb4.27.4&#8243; _module_preset=\u00bbdefault\u00bb theme_builder_area=\u00bbpost_content\u00bb][et_pb_column _builder_version=\u00bb4.27.4&#8243; _module_preset=\u00bbdefault\u00bb type=\u00bb4_4&#8243; theme_builder_area=\u00bbpost_content\u00bb][et_pb_text _builder_version=\u00bb4.27.4&#8243; _module_preset=\u00bbdefault\u00bb theme_builder_area=\u00bbpost_content\u00bb hover_enabled=\u00bb0&#8243; sticky_enabled=\u00bb0&#8243;]<\/p>\n<p style=\"text-align: center;\">\u201cEn las instituciones educativas avanza en una estrategia pedag\u00f3gica que promueve la seguridad y el respeto por la vida en las v\u00edas\u201d<\/p>\n<p style=\"text-align: justify;\"><strong>Arauca, 31 de octubre de 2025.<\/strong> El Instituto de Tr\u00e1nsito y Transporte del Departamento de Arauca (ITTDAR), en articulaci\u00f3n con la Gobernaci\u00f3n de Arauca, avanza con la campa\u00f1a \u201cArauca se mueve con Responsabilidad\u201d, una estrategia pedag\u00f3gica orientada a fortalecer la conciencia vial y promover el respeto por la vida entre los estudiantes de instituciones educativas del departamento.<\/p>\n<p style=\"text-align: justify;\">La iniciativa se ha desarrollado en los municipios de Fortul, Saravena y Arauca, llegando a siete instituciones educativas y beneficiando a m\u00e1s de 300 estudiantes de los grados d\u00e9cimo y once, quienes participaron activamente en jornadas te\u00f3rico-pr\u00e1cticas sobre educaci\u00f3n vial, liderazgo y prevenci\u00f3n.<\/p>\n<p style=\"text-align: justify;\">En Fortul, la campa\u00f1a se llev\u00f3 a cabo en la Instituci\u00f3n Educativa Alejandro Humboldt; en Saravena, participaron las instituciones Concentraci\u00f3n de Desarrollo Rural (CDR) y Rafael Pombo; mientras que en la capital araucana, las actividades se realizaron en las instituciones T\u00e9cnico Comercial Jos\u00e9 Eustasio Rivera, La Frontera, Gustavo Villa D\u00edaz y la Normal Superior Mar\u00eda Inmaculada.<\/p>\n<p style=\"text-align: justify;\">Durante las jornadas, los j\u00f3venes participaron en charlas, dramatizaciones y ejercicios pr\u00e1cticos sobre seguridad vial, reflexionando sobre el uso correcto del casco y el cintur\u00f3n de seguridad, el respeto por las se\u00f1ales de tr\u00e1nsito y los riesgos asociados al exceso de velocidad o la conducci\u00f3n en estado de embriaguez.<\/p>\n<p style=\"text-align: justify;\">Con el mensaje \u201cTu accidente nos afecta a todos\u201d, desde la administraci\u00f3n departamental, a trav\u00e9s de la Secretar\u00eda de Educaci\u00f3n Departamental, reafirmamos nuestro compromiso con la educaci\u00f3n vial y la formaci\u00f3n de una ciudadan\u00eda m\u00e1s responsable en las v\u00edas del departamento.<\/p>\n<p>[\/et_pb_text][\/et_pb_column][\/et_pb_row][et_pb_row _builder_version=\u00bb4.27.4&#8243; _module_preset=\u00bbdefault\u00bb theme_builder_area=\u00bbpost_content\u00bb][et_pb_column _builder_version=\u00bb4.27.4&#8243; _module_preset=\u00bbdefault\u00bb type=\u00bb4_4&#8243; theme_builder_area=\u00bbpost_content\u00bb][et_pb_gallery _builder_version=\u00bb4.27.4&#8243; _module_preset=\u00bbdefault\u00bb theme_builder_area=\u00bbpost_content\u00bb gallery_ids=\u00bb12784,12775,12776,12777,12778,12779,12780,12781,12782,12783&#8243; hover_enabled=\u00bb0&#8243; sticky_enabled=\u00bb0&#8243;][\/et_pb_gallery][\/et_pb_column][\/et_pb_row][\/et_pb_section]<\/p>\n","protected":false},"excerpt":{"rendered":"<p>\u201cEn las instituciones educativas avanza en una estrategia pedag\u00f3gica que promueve la seguridad y el respeto por la vida en las v\u00edas\u201d Arauca, 31 de octubre de 2025. El Instituto de Tr\u00e1nsito y Transporte del Departamento de Arauca (ITTDAR), en articulaci\u00f3n con la Gobernaci\u00f3n de Arauca, avanza con la campa\u00f1a \u201cArauca se mueve con Responsabilidad\u201d, [&hellip;]<\/p>\n","protected":false},"author":1,"featured_media":12773,"comment_status":"closed","ping_status":"closed","sticky":false,"template":"","format":"standard","meta":{"_et_pb_use_builder":"on","_et_pb_old_content":"","_et_gb_content_width":"","footnotes":""},"categories":[6],"tags":[],"class_list":["post-12770","post","type-post","status-publish","format-standard","has-post-thumbnail","hentry","category-noticias"],"_links":{"self":[{"href":"https:\/\/www.sedarauca.edu.co\/index.php\/wp-json\/wp\/v2\/posts\/12770","targetHints":{"allow":["GET"]}}],"collection":[{"href":"https:\/\/www.sedarauca.edu.co\/index.php\/wp-json\/wp\/v2\/posts"}],"about":[{"href":"https:\/\/www.sedarauca.edu.co\/index.php\/wp-json\/wp\/v2\/types\/post"}],"author":[{"embeddable":true,"href":"https:\/\/www.sedarauca.edu.co\/index.php\/wp-json\/wp\/v2\/users\/1"}],"replies":[{"embeddable":true,"href":"https:\/\/www.sedarauca.edu.co\/index.php\/wp-json\/wp\/v2\/comments?post=12770"}],"version-history":[{"count":3,"href":"https:\/\/www.sedarauca.edu.co\/index.php\/wp-json\/wp\/v2\/posts\/12770\/revisions"}],"predecessor-version":[{"id":12785,"href":"https:\/\/www.sedarauca.edu.co\/index.php\/wp-json\/wp\/v2\/posts\/12770\/revisions\/12785"}],"wp:featuredmedia":[{"embeddable":true,"href":"https:\/\/www.sedarauca.edu.co\/index.php\/wp-json\/wp\/v2\/media\/12773"}],"wp:attachment":[{"href":"https:\/\/www.sedarauca.edu.co\/index.php\/wp-json\/wp\/v2\/media?parent=12770"}],"wp:term":[{"taxonomy":"category","embeddable":true,"href":"https:\/\/www.sedarauca.edu.co\/index.php\/wp-json\/wp\/v2\/categories?post=12770"},{"taxonomy":"post_tag","embeddable":true,"href":"https:\/\/www.sedarauca.edu.co\/index.php\/wp-json\/wp\/v2\/tags?post=12770"}],"curies":[{"name":"wp","href":"https:\/\/api.w.org\/{rel}","templated":true}]}}