{"id":12615,"date":"2025-10-03T08:17:00","date_gmt":"2025-10-03T13:17:00","guid":{"rendered":"https:\/\/www.sedarauca.edu.co\/?p=12615"},"modified":"2025-10-30T11:15:22","modified_gmt":"2025-10-30T16:15:22","slug":"revista-institucional-lo-mejor-en-educacion","status":"publish","type":"post","link":"https:\/\/www.sedarauca.edu.co\/index.php\/2025\/10\/03\/revista-institucional-lo-mejor-en-educacion\/","title":{"rendered":"Revista Institucional \u201cLo Mejor en Educaci\u00f3n\u201d"},"content":{"rendered":"<p>[et_pb_section fb_built=\u00bb1&#8243; theme_builder_area=\u00bbpost_content\u00bb _builder_version=\u00bb4.27.4&#8243; _module_preset=\u00bbdefault\u00bb][et_pb_row _builder_version=\u00bb4.27.4&#8243; _module_preset=\u00bbdefault\u00bb theme_builder_area=\u00bbpost_content\u00bb][et_pb_column _builder_version=\u00bb4.27.4&#8243; _module_preset=\u00bbdefault\u00bb type=\u00bb4_4&#8243; theme_builder_area=\u00bbpost_content\u00bb][et_pb_text _builder_version=\u00bb4.27.4&#8243; _module_preset=\u00bbdefault\u00bb theme_builder_area=\u00bbpost_content\u00bb hover_enabled=\u00bb0&#8243; sticky_enabled=\u00bb0&#8243;]<\/p>\n<p data-start=\"250\" data-end=\"525\"><strong>Arauca 3 de octubre 2025<\/strong>. La Secretar\u00eda de Educaci\u00f3n del Departamento de Arauca presenta la primer edici\u00f3n revista institucional <strong data-start=\"338\" data-end=\"363\">Lo Mejor en Educaci\u00f3n<\/strong>, un espacio informativo creado para compartir de manera transparente los avances, proyectos y resultados m\u00e1s importantes del sector educativo en el territorio.<\/p>\n<p data-start=\"527\" data-end=\"832\">Esta publicaci\u00f3n recoge las acciones desarrolladas junto a instituciones educativas, comunidades, docentes, estudiantes, familias y aliados interinstitucionales, con el prop\u00f3sito de visibilizar los procesos que fortalecen la educaci\u00f3n p\u00fablica y contribuyen al bienestar integral de la comunidad escolar.<\/p>\n<p data-start=\"834\" data-end=\"1085\"><strong data-start=\"834\" data-end=\"859\">Lo Mejor en Educaci\u00f3n<\/strong> se publica de forma mensual y est\u00e1 dirigida a toda la ciudadan\u00eda, con un enfoque cercano, claro y accesible, que permite conocer c\u00f3mo avanza la garant\u00eda del derecho a la educaci\u00f3n en los siete municipios del departamento.<\/p>\n<p data-start=\"1087\" data-end=\"1315\">Invitamos a la comunidad educativa y a la ciudadan\u00eda en general a consultar y difundir esta revista, como una herramienta que refleja el compromiso colectivo con una educaci\u00f3n m\u00e1s inclusiva, digna y con oportunidades para todos.<\/p>\n<p>[\/et_pb_text][\/et_pb_column][\/et_pb_row][et_pb_row _builder_version=\u00bb4.27.4&#8243; _module_preset=\u00bbdefault\u00bb theme_builder_area=\u00bbpost_content\u00bb link_option_url=\u00bbhttps:\/\/www.sedarauca.edu.co\/wp-content\/uploads\/2025\/10\/Lo-Mejor-En-Educacion-2.pdf\u00bb link_option_url_new_window=\u00bbon\u00bb hover_enabled=\u00bb0&#8243; sticky_enabled=\u00bb0&#8243;][et_pb_column _builder_version=\u00bb4.27.4&#8243; _module_preset=\u00bbdefault\u00bb type=\u00bb4_4&#8243; theme_builder_area=\u00bbpost_content\u00bb][et_pb_code _builder_version=\u00bb4.27.4&#8243; _module_preset=\u00bbdefault\u00bb theme_builder_area=\u00bbpost_content\u00bb link_option_url=\u00bbhttps:\/\/www.sedarauca.edu.co\/wp-content\/uploads\/2025\/10\/Lo-Mejor-En-Educacion-2.pdf\u00bb link_option_url_new_window=\u00bbon\u00bb hover_enabled=\u00bb0&#8243; sticky_enabled=\u00bb0&#8243;]<a href=\"https:\/\/www.sedarauca.edu.co\/wp-content\/uploads\/2025\/10\/Lo-Mejor-En-Educacion-2.pdf\" class=\"pdfemb-viewer\" style=\"\" data-width=\"max\" data-height=\"max\" data-toolbar=\"bottom\" data-toolbar-fixed=\"on\">Lo-Mejor-En-Educacion-2<\/a>[\/et_pb_code][\/et_pb_column][\/et_pb_row][\/et_pb_section]<\/p>\n","protected":false},"excerpt":{"rendered":"<p>Arauca 3 de octubre 2025. La Secretar\u00eda de Educaci\u00f3n del Departamento de Arauca presenta la primer edici\u00f3n revista institucional Lo Mejor en Educaci\u00f3n, un espacio informativo creado para compartir de manera transparente los avances, proyectos y resultados m\u00e1s importantes del sector educativo en el territorio. Esta publicaci\u00f3n recoge las acciones desarrolladas junto a instituciones educativas, [&hellip;]<\/p>\n","protected":false},"author":1,"featured_media":12616,"comment_status":"closed","ping_status":"closed","sticky":false,"template":"","format":"standard","meta":{"_et_pb_use_builder":"on","_et_pb_old_content":"","_et_gb_content_width":"","footnotes":""},"categories":[44,42,6,17,39],"tags":[],"class_list":["post-12615","post","type-post","status-publish","format-standard","has-post-thumbnail","hentry","category-gestion","category-men","category-noticias","category-pae","category-transporte-escolar"],"_links":{"self":[{"href":"https:\/\/www.sedarauca.edu.co\/index.php\/wp-json\/wp\/v2\/posts\/12615","targetHints":{"allow":["GET"]}}],"collection":[{"href":"https:\/\/www.sedarauca.edu.co\/index.php\/wp-json\/wp\/v2\/posts"}],"about":[{"href":"https:\/\/www.sedarauca.edu.co\/index.php\/wp-json\/wp\/v2\/types\/post"}],"author":[{"embeddable":true,"href":"https:\/\/www.sedarauca.edu.co\/index.php\/wp-json\/wp\/v2\/users\/1"}],"replies":[{"embeddable":true,"href":"https:\/\/www.sedarauca.edu.co\/index.php\/wp-json\/wp\/v2\/comments?post=12615"}],"version-history":[{"count":3,"href":"https:\/\/www.sedarauca.edu.co\/index.php\/wp-json\/wp\/v2\/posts\/12615\/revisions"}],"predecessor-version":[{"id":12620,"href":"https:\/\/www.sedarauca.edu.co\/index.php\/wp-json\/wp\/v2\/posts\/12615\/revisions\/12620"}],"wp:featuredmedia":[{"embeddable":true,"href":"https:\/\/www.sedarauca.edu.co\/index.php\/wp-json\/wp\/v2\/media\/12616"}],"wp:attachment":[{"href":"https:\/\/www.sedarauca.edu.co\/index.php\/wp-json\/wp\/v2\/media?parent=12615"}],"wp:term":[{"taxonomy":"category","embeddable":true,"href":"https:\/\/www.sedarauca.edu.co\/index.php\/wp-json\/wp\/v2\/categories?post=12615"},{"taxonomy":"post_tag","embeddable":true,"href":"https:\/\/www.sedarauca.edu.co\/index.php\/wp-json\/wp\/v2\/tags?post=12615"}],"curies":[{"name":"wp","href":"https:\/\/api.w.org\/{rel}","templated":true}]}}