{"id":12607,"date":"2025-10-28T17:27:53","date_gmt":"2025-10-28T22:27:53","guid":{"rendered":"https:\/\/www.sedarauca.edu.co\/?p=12607"},"modified":"2025-10-28T17:54:16","modified_gmt":"2025-10-28T22:54:16","slug":"convocatoria-laboral-interna-no-017-de-2025-secretaria-de-educacion-departamental","status":"publish","type":"post","link":"https:\/\/www.sedarauca.edu.co\/index.php\/2025\/10\/28\/convocatoria-laboral-interna-no-017-de-2025-secretaria-de-educacion-departamental\/","title":{"rendered":"Convocatoria Laboral Interna No. 017 de 2025 &#8211; Secretar\u00eda de Educaci\u00f3n Departamental"},"content":{"rendered":"<p>[et_pb_section fb_built=\u00bb1&#8243; theme_builder_area=\u00bbpost_content\u00bb _builder_version=\u00bb4.27.4&#8243; _module_preset=\u00bbdefault\u00bb][et_pb_row _builder_version=\u00bb4.27.4&#8243; _module_preset=\u00bbdefault\u00bb theme_builder_area=\u00bbpost_content\u00bb][et_pb_column _builder_version=\u00bb4.27.4&#8243; _module_preset=\u00bbdefault\u00bb type=\u00bb4_4&#8243; theme_builder_area=\u00bbpost_content\u00bb][et_pb_text _builder_version=\u00bb4.27.4&#8243; _module_preset=\u00bbdefault\u00bb theme_builder_area=\u00bbpost_content\u00bb hover_enabled=\u00bb0&#8243; sticky_enabled=\u00bb0&#8243;]<\/p>\n<p style=\"text-align: justify;\"><strong>Arauca, 28 de octubre de 2025.<\/strong> La Secretar\u00eda de Educaci\u00f3n Departamental invita a los servidores p\u00fablicos en propiedad de la Gobernaci\u00f3n de Arauca y de los Establecimientos Educativos del Departamento que hayan superado el per\u00edodo de prueba, a participar en la Convocatoria Interna No. 017 de 2025, para proveer mediante encargo en vacancia definitiva el cargo de Profesional Universitario C\u00f3digo 219 \u2013 Grado 01, adscrito al \u00e1rea de Calidad Educativa \u2013 Mejoramiento Continuo, financiado con recursos del Sistema General de Participaciones \u2013 Educaci\u00f3n.<\/p>\n<p style=\"text-align: justify;\"><strong>Postulaciones:<\/strong> <br \/>Plazo: Del 29 al 31 de octubre 2025 a las 11:59 p.m. <br \/>Lugar de recepci\u00f3n: Ventanilla \u00fanica de archivo central de la Gobernaci\u00f3n de Arauca o por la Plataforma de Servicio de Atenci\u00f3n al Ciudadano (SAC).<br \/>Requisito: Adjuntar soportes que certifiquen su experiencia, independientemente de que esta informaci\u00f3n ya est\u00e9 registrada en la hoja de vida.<\/p>\n<p>[\/et_pb_text][\/et_pb_column][\/et_pb_row][et_pb_row _builder_version=\u00bb4.27.4&#8243; _module_preset=\u00bbdefault\u00bb theme_builder_area=\u00bbpost_content\u00bb][et_pb_column _builder_version=\u00bb4.27.4&#8243; _module_preset=\u00bbdefault\u00bb type=\u00bb4_4&#8243; theme_builder_area=\u00bbpost_content\u00bb][et_pb_divider _builder_version=\u00bb4.27.4&#8243; _module_preset=\u00bbdefault\u00bb theme_builder_area=\u00bbpost_content\u00bb hover_enabled=\u00bb0&#8243; sticky_enabled=\u00bb0&#8243;][\/et_pb_divider][\/et_pb_column][\/et_pb_row][et_pb_row _builder_version=\u00bb4.27.4&#8243; _module_preset=\u00bbdefault\u00bb theme_builder_area=\u00bbpost_content\u00bb link_option_url=\u00bbhttps:\/\/www.sedarauca.edu.co\/wp-content\/uploads\/2025\/10\/CONVOCATORIA-017-DE-2025.pdf\u00bb link_option_url_new_window=\u00bbon\u00bb hover_enabled=\u00bb0&#8243; sticky_enabled=\u00bb0&#8243;][et_pb_column _builder_version=\u00bb4.27.4&#8243; _module_preset=\u00bbdefault\u00bb type=\u00bb4_4&#8243; theme_builder_area=\u00bbpost_content\u00bb][et_pb_code _builder_version=\u00bb4.27.4&#8243; _module_preset=\u00bbdefault\u00bb theme_builder_area=\u00bbpost_content\u00bb hover_enabled=\u00bb0&#8243; sticky_enabled=\u00bb0&#8243; link_option_url=\u00bbhttps:\/\/www.sedarauca.edu.co\/wp-content\/uploads\/2025\/10\/CONVOCATORIA-017-DE-2025.pdf\u00bb link_option_url_new_window=\u00bbon\u00bb]<a href=\"https:\/\/www.sedarauca.edu.co\/wp-content\/uploads\/2025\/10\/CONVOCATORIA-017-DE-2025.pdf\" class=\"pdfemb-viewer\" style=\"\" data-width=\"max\" data-height=\"max\" data-toolbar=\"bottom\" data-toolbar-fixed=\"on\">CONVOCATORIA-017-DE-2025<\/a>[\/et_pb_code][\/et_pb_column][\/et_pb_row][\/et_pb_section]<\/p>\n","protected":false},"excerpt":{"rendered":"<p>Arauca, 28 de octubre de 2025. La Secretar\u00eda de Educaci\u00f3n Departamental invita a los servidores p\u00fablicos en propiedad de la Gobernaci\u00f3n de Arauca y de los Establecimientos Educativos del Departamento que hayan superado el per\u00edodo de prueba, a participar en la Convocatoria Interna No. 017 de 2025, para proveer mediante encargo en vacancia definitiva el [&hellip;]<\/p>\n","protected":false},"author":1,"featured_media":12608,"comment_status":"closed","ping_status":"closed","sticky":false,"template":"","format":"standard","meta":{"_et_pb_use_builder":"on","_et_pb_old_content":"","_et_gb_content_width":"","footnotes":""},"categories":[7,25],"tags":[],"class_list":["post-12607","post","type-post","status-publish","format-standard","has-post-thumbnail","hentry","category-convocatoria","category-publicacion"],"_links":{"self":[{"href":"https:\/\/www.sedarauca.edu.co\/index.php\/wp-json\/wp\/v2\/posts\/12607","targetHints":{"allow":["GET"]}}],"collection":[{"href":"https:\/\/www.sedarauca.edu.co\/index.php\/wp-json\/wp\/v2\/posts"}],"about":[{"href":"https:\/\/www.sedarauca.edu.co\/index.php\/wp-json\/wp\/v2\/types\/post"}],"author":[{"embeddable":true,"href":"https:\/\/www.sedarauca.edu.co\/index.php\/wp-json\/wp\/v2\/users\/1"}],"replies":[{"embeddable":true,"href":"https:\/\/www.sedarauca.edu.co\/index.php\/wp-json\/wp\/v2\/comments?post=12607"}],"version-history":[{"count":4,"href":"https:\/\/www.sedarauca.edu.co\/index.php\/wp-json\/wp\/v2\/posts\/12607\/revisions"}],"predecessor-version":[{"id":12613,"href":"https:\/\/www.sedarauca.edu.co\/index.php\/wp-json\/wp\/v2\/posts\/12607\/revisions\/12613"}],"wp:featuredmedia":[{"embeddable":true,"href":"https:\/\/www.sedarauca.edu.co\/index.php\/wp-json\/wp\/v2\/media\/12608"}],"wp:attachment":[{"href":"https:\/\/www.sedarauca.edu.co\/index.php\/wp-json\/wp\/v2\/media?parent=12607"}],"wp:term":[{"taxonomy":"category","embeddable":true,"href":"https:\/\/www.sedarauca.edu.co\/index.php\/wp-json\/wp\/v2\/categories?post=12607"},{"taxonomy":"post_tag","embeddable":true,"href":"https:\/\/www.sedarauca.edu.co\/index.php\/wp-json\/wp\/v2\/tags?post=12607"}],"curies":[{"name":"wp","href":"https:\/\/api.w.org\/{rel}","templated":true}]}}