{"id":12586,"date":"2025-10-28T15:23:48","date_gmt":"2025-10-28T20:23:48","guid":{"rendered":"https:\/\/www.sedarauca.edu.co\/?p=12586"},"modified":"2025-10-28T15:38:46","modified_gmt":"2025-10-28T20:38:46","slug":"educacion-que-transforma-arauca-participa-en-el-campamento-fest-de-innovacion-educativa","status":"publish","type":"post","link":"https:\/\/www.sedarauca.edu.co\/index.php\/2025\/10\/28\/educacion-que-transforma-arauca-participa-en-el-campamento-fest-de-innovacion-educativa\/","title":{"rendered":"Educaci\u00f3n que transforma: Arauca participa en el Campamento FEST de innovaci\u00f3n educativa"},"content":{"rendered":"<p>[et_pb_section fb_built=\u00bb1&#8243; theme_builder_area=\u00bbpost_content\u00bb _builder_version=\u00bb4.27.4&#8243; _module_preset=\u00bbdefault\u00bb][et_pb_row _builder_version=\u00bb4.27.4&#8243; _module_preset=\u00bbdefault\u00bb theme_builder_area=\u00bbpost_content\u00bb hover_enabled=\u00bb0&#8243; sticky_enabled=\u00bb0&#8243;][et_pb_column _builder_version=\u00bb4.27.4&#8243; _module_preset=\u00bbdefault\u00bb type=\u00bb4_4&#8243; theme_builder_area=\u00bbpost_content\u00bb][et_pb_text _builder_version=\u00bb4.27.4&#8243; _module_preset=\u00bbdefault\u00bb theme_builder_area=\u00bbpost_content\u00bb hover_enabled=\u00bb0&#8243; sticky_enabled=\u00bb0&#8243;]<\/p>\n<p style=\"text-align: center;\"><em>Estudiantes rurales crean c\u00f3mics cient\u00edficos para proponer soluciones a problem\u00e1ticas locales.<\/em><\/p>\n<p data-start=\"385\" data-end=\"924\" style=\"text-align: justify;\"><strong>Arauca, 28 de octubre de 2025.<\/strong> Estudiantes de los <strong data-start=\"437\" data-end=\"475\">Centros Educativos R\u00f3mulo Gallegos<\/strong> y <strong data-start=\"478\" data-end=\"505\">Ricardo Nieto Caballero<\/strong> participan en el <strong data-start=\"523\" data-end=\"578\">Campamento FEST de Ciencia, Tecnolog\u00eda e Innovaci\u00f3n<\/strong>, que se desarrolla en la ciudad de <strong data-start=\"614\" data-end=\"650\">Medell\u00edn del 27 al 30 de octubre<\/strong>. Este encuentro nacional re\u00fane a j\u00f3venes de distintas regiones del pa\u00eds para fortalecer su pensamiento cr\u00edtico y creativo, a trav\u00e9s del dise\u00f1o de un <strong data-start=\"800\" data-end=\"820\">c\u00f3mic cient\u00edfico<\/strong> que aborda problem\u00e1ticas reales de sus comunidades desde la <strong data-start=\"881\" data-end=\"923\">ciencia, la tecnolog\u00eda y la innovaci\u00f3n<\/strong>.<\/p>\n<p data-start=\"926\" data-end=\"1212\" style=\"text-align: justify;\">El equipo del <strong data-start=\"940\" data-end=\"976\">Centro Educativo R\u00f3mulo Gallegos<\/strong> cre\u00f3 un c\u00f3mic que propone una <strong data-start=\"1007\" data-end=\"1055\">soluci\u00f3n tecnol\u00f3gica para el arreo de ganado<\/strong>, utilizando <strong data-start=\"1068\" data-end=\"1111\">drones con sistemas de sonido adaptados<\/strong>, con el prop\u00f3sito de <strong data-start=\"1133\" data-end=\"1178\">optimizar las labores del sector ganadero<\/strong> y mejorar la productividad rural.<\/p>\n<p data-start=\"1214\" data-end=\"1272\" style=\"text-align: justify;\"><strong data-start=\"1214\" data-end=\"1270\">Equipo cient\u00edfico \u2014 Centro Educativo R\u00f3mulo Gallegos<\/strong><\/p>\n<ul data-start=\"1273\" data-end=\"1499\" style=\"text-align: justify;\">\n<li data-start=\"1273\" data-end=\"1319\">\n<p data-start=\"1275\" data-end=\"1319\"><strong data-start=\"1275\" data-end=\"1287\">Docente:<\/strong> Jhon Emerson Torres Contreras<\/p>\n<\/li>\n<li data-start=\"1320\" data-end=\"1499\">\n<p data-start=\"1322\" data-end=\"1499\"><strong data-start=\"1322\" data-end=\"1341\">Investigadores:<\/strong> Cristian Caleb Quecho Mateus, Melany Hasbleidy Villanueva Coronel, Heydi Nathalya Beltr\u00e1n Mora, Mar\u00eda Alejandra Torres Mart\u00ednez y Jes\u00fas David Gamboa Acevedo.<\/p>\n<\/li>\n<\/ul>\n<p data-start=\"2874\" data-end=\"3074\" style=\"text-align: justify;\">\n<p>[\/et_pb_text][\/et_pb_column][\/et_pb_row][et_pb_row _builder_version=\u00bb4.27.4&#8243; _module_preset=\u00bbdefault\u00bb theme_builder_area=\u00bbpost_content\u00bb][et_pb_column _builder_version=\u00bb4.27.4&#8243; _module_preset=\u00bbdefault\u00bb type=\u00bb4_4&#8243; theme_builder_area=\u00bbpost_content\u00bb][et_pb_gallery _builder_version=\u00bb4.27.4&#8243; _module_preset=\u00bbdefault\u00bb theme_builder_area=\u00bbpost_content\u00bb gallery_ids=\u00bb12602,12597,12596,12598,12599,12600,12595,12601&#8243; hover_enabled=\u00bb0&#8243; sticky_enabled=\u00bb0&#8243;][\/et_pb_gallery][\/et_pb_column][\/et_pb_row][et_pb_row _builder_version=\u00bb4.27.4&#8243; _module_preset=\u00bbdefault\u00bb theme_builder_area=\u00bbpost_content\u00bb][et_pb_column _builder_version=\u00bb4.27.4&#8243; _module_preset=\u00bbdefault\u00bb type=\u00bb4_4&#8243; theme_builder_area=\u00bbpost_content\u00bb][et_pb_text _builder_version=\u00bb4.27.4&#8243; _module_preset=\u00bbdefault\u00bb theme_builder_area=\u00bbpost_content\u00bb hover_enabled=\u00bb0&#8243; sticky_enabled=\u00bb0&#8243;]<\/p>\n<p data-start=\"1501\" data-end=\"2026\" style=\"text-align: justify;\">Por su parte, los estudiantes del <strong data-start=\"1535\" data-end=\"1579\">Centro Educativo Ricardo Nieto Caballero<\/strong>, ubicado en la vereda <strong data-start=\"1602\" data-end=\"1634\">La Isla del Charo,<\/strong>\u00a0presentan un c\u00f3mic centrado en la <strong data-start=\"1670\" data-end=\"1745\">problem\u00e1tica ambiental causada por la quema indiscriminada de pl\u00e1sticos<\/strong> y la <strong data-start=\"1751\" data-end=\"1795\">falta de recolecci\u00f3n de residuos s\u00f3lidos<\/strong>. A trav\u00e9s de su propuesta, los estudiantes buscan <strong data-start=\"1846\" data-end=\"1914\">sensibilizar a la comunidad sobre el cuidado del entorno natural<\/strong> y promover una <strong data-start=\"1930\" data-end=\"1962\">cultura ambiental sostenible<\/strong> que contribuya a preservar la riqueza ecol\u00f3gica del territorio.<\/p>\n<p data-start=\"2028\" data-end=\"2094\" style=\"text-align: justify;\"><strong data-start=\"2028\" data-end=\"2092\">Equipo cient\u00edfico \u2014 Centro Educativo Ricardo Nieto Caballero<\/strong><\/p>\n<ul data-start=\"2095\" data-end=\"2303\" style=\"text-align: justify;\">\n<li data-start=\"2095\" data-end=\"2132\">\n<p data-start=\"2097\" data-end=\"2132\"><strong data-start=\"2097\" data-end=\"2109\">Docente:<\/strong> Edwar Pedraza Pinz\u00f3n<\/p>\n<\/li>\n<li data-start=\"2133\" data-end=\"2303\">\n<p data-start=\"2135\" data-end=\"2303\"><strong data-start=\"2135\" data-end=\"2154\">Investigadores:<\/strong> Elianyer Josue Cortez Uribe, Wendy Gisel Baena P\u00e9rez, Karol Ximena Fl\u00f3rez Fern\u00e1ndez, Victoria Sophia Rivera Espitia y Freyler Adenis Salcedo Lozada.<\/p>\n<\/li>\n<\/ul>\n<p data-start=\"2874\" data-end=\"3074\" style=\"text-align: justify;\">\n<p>[\/et_pb_text][\/et_pb_column][\/et_pb_row][et_pb_row _builder_version=\u00bb4.27.4&#8243; _module_preset=\u00bbdefault\u00bb theme_builder_area=\u00bbpost_content\u00bb][et_pb_column _builder_version=\u00bb4.27.4&#8243; _module_preset=\u00bbdefault\u00bb type=\u00bb4_4&#8243; theme_builder_area=\u00bbpost_content\u00bb][et_pb_gallery _builder_version=\u00bb4.27.4&#8243; _module_preset=\u00bbdefault\u00bb theme_builder_area=\u00bbpost_content\u00bb gallery_ids=\u00bb12588,12587,12590,12591,12593,12592,12589&#8243; hover_enabled=\u00bb0&#8243; sticky_enabled=\u00bb0&#8243;][\/et_pb_gallery][\/et_pb_column][\/et_pb_row][et_pb_row _builder_version=\u00bb4.27.4&#8243; _module_preset=\u00bbdefault\u00bb theme_builder_area=\u00bbpost_content\u00bb][et_pb_column _builder_version=\u00bb4.27.4&#8243; _module_preset=\u00bbdefault\u00bb type=\u00bb4_4&#8243; theme_builder_area=\u00bbpost_content\u00bb][et_pb_text _builder_version=\u00bb4.27.4&#8243; _module_preset=\u00bbdefault\u00bb theme_builder_area=\u00bbpost_content\u00bb hover_enabled=\u00bb0&#8243; sticky_enabled=\u00bb0&#8243;]<\/p>\n<p data-start=\"2305\" data-end=\"2517\" style=\"text-align: justify;\">La participaci\u00f3n de estos j\u00f3venes refleja el <strong data-start=\"2350\" data-end=\"2437\">compromiso de la comunidad educativa araucana con la ciencia aplicada al territorio<\/strong>, proyectando a la escuela como un espacio para investigar, crear y transformar.<\/p>\n<p data-start=\"2519\" data-end=\"2872\" style=\"text-align: justify;\">Gracias al liderazgo del <strong data-start=\"2544\" data-end=\"2580\">gobernador Renson Mart\u00ednez Prada<\/strong>, la <strong data-start=\"2585\" data-end=\"2636\">Secretar\u00eda de Educaci\u00f3n Departamental de Arauca<\/strong> contin\u00faa impulsando experiencias pedag\u00f3gicas que fortalecen la <strong data-start=\"2700\" data-end=\"2749\">creatividad, la investigaci\u00f3n y la innovaci\u00f3n<\/strong> en los estudiantes rurales, promoviendo una educaci\u00f3n que <strong data-start=\"2808\" data-end=\"2871\">forma ciudadanos conscientes y comprometidos con su entorno<\/strong>.<\/p>\n<p data-start=\"2874\" data-end=\"3074\" style=\"text-align: justify;\">Con este tipo de iniciativas, <strong data-start=\"2904\" data-end=\"3012\">Arauca demuestra que la ciencia y el arte se encuentran para construir soluciones reales desde las aulas<\/strong>, inspirando a una nueva generaci\u00f3n de j\u00f3venes investigadores.<\/p>\n<p>[\/et_pb_text][\/et_pb_column][\/et_pb_row][\/et_pb_section]<\/p>\n","protected":false},"excerpt":{"rendered":"<p>Estudiantes rurales crean c\u00f3mics cient\u00edficos para proponer soluciones a problem\u00e1ticas locales. Arauca, 28 de octubre de 2025. Estudiantes de los Centros Educativos R\u00f3mulo Gallegos y Ricardo Nieto Caballero participan en el Campamento FEST de Ciencia, Tecnolog\u00eda e Innovaci\u00f3n, que se desarrolla en la ciudad de Medell\u00edn del 27 al 30 de octubre. Este encuentro nacional [&hellip;]<\/p>\n","protected":false},"author":1,"featured_media":12602,"comment_status":"closed","ping_status":"closed","sticky":false,"template":"","format":"standard","meta":{"_et_pb_use_builder":"on","_et_pb_old_content":"","_et_gb_content_width":"","footnotes":""},"categories":[40,42,6],"tags":[],"class_list":["post-12586","post","type-post","status-publish","format-standard","has-post-thumbnail","hentry","category-encuentro","category-men","category-noticias"],"_links":{"self":[{"href":"https:\/\/www.sedarauca.edu.co\/index.php\/wp-json\/wp\/v2\/posts\/12586","targetHints":{"allow":["GET"]}}],"collection":[{"href":"https:\/\/www.sedarauca.edu.co\/index.php\/wp-json\/wp\/v2\/posts"}],"about":[{"href":"https:\/\/www.sedarauca.edu.co\/index.php\/wp-json\/wp\/v2\/types\/post"}],"author":[{"embeddable":true,"href":"https:\/\/www.sedarauca.edu.co\/index.php\/wp-json\/wp\/v2\/users\/1"}],"replies":[{"embeddable":true,"href":"https:\/\/www.sedarauca.edu.co\/index.php\/wp-json\/wp\/v2\/comments?post=12586"}],"version-history":[{"count":3,"href":"https:\/\/www.sedarauca.edu.co\/index.php\/wp-json\/wp\/v2\/posts\/12586\/revisions"}],"predecessor-version":[{"id":12606,"href":"https:\/\/www.sedarauca.edu.co\/index.php\/wp-json\/wp\/v2\/posts\/12586\/revisions\/12606"}],"wp:featuredmedia":[{"embeddable":true,"href":"https:\/\/www.sedarauca.edu.co\/index.php\/wp-json\/wp\/v2\/media\/12602"}],"wp:attachment":[{"href":"https:\/\/www.sedarauca.edu.co\/index.php\/wp-json\/wp\/v2\/media?parent=12586"}],"wp:term":[{"taxonomy":"category","embeddable":true,"href":"https:\/\/www.sedarauca.edu.co\/index.php\/wp-json\/wp\/v2\/categories?post=12586"},{"taxonomy":"post_tag","embeddable":true,"href":"https:\/\/www.sedarauca.edu.co\/index.php\/wp-json\/wp\/v2\/tags?post=12586"}],"curies":[{"name":"wp","href":"https:\/\/api.w.org\/{rel}","templated":true}]}}