{"id":12521,"date":"2025-10-21T09:58:08","date_gmt":"2025-10-21T14:58:08","guid":{"rendered":"https:\/\/www.sedarauca.edu.co\/?p=12521"},"modified":"2025-10-21T10:05:15","modified_gmt":"2025-10-21T15:05:15","slug":"el-canto-la-danza-y-la-poesia-de-araucana-vibran-en-el-encuentro-folclorico-del-magisterio-2025","status":"publish","type":"post","link":"https:\/\/www.sedarauca.edu.co\/index.php\/2025\/10\/21\/el-canto-la-danza-y-la-poesia-de-araucana-vibran-en-el-encuentro-folclorico-del-magisterio-2025\/","title":{"rendered":"El canto, la danza y la poes\u00eda de Araucana vibran en el Encuentro Folcl\u00f3rico del Magisterio 2025"},"content":{"rendered":"<p>[et_pb_section fb_built=\u00bb1&#8243; theme_builder_area=\u00bbpost_content\u00bb _builder_version=\u00bb4.27.4&#8243; _module_preset=\u00bbdefault\u00bb][et_pb_row _builder_version=\u00bb4.27.4&#8243; _module_preset=\u00bbdefault\u00bb theme_builder_area=\u00bbpost_content\u00bb][et_pb_column _builder_version=\u00bb4.27.4&#8243; _module_preset=\u00bbdefault\u00bb type=\u00bb4_4&#8243; theme_builder_area=\u00bbpost_content\u00bb][et_pb_text _builder_version=\u00bb4.27.4&#8243; _module_preset=\u00bbdefault\u00bb theme_builder_area=\u00bbpost_content\u00bb hover_enabled=\u00bb0&#8243; sticky_enabled=\u00bb0&#8243;]<\/p>\n<p data-start=\"375\" data-end=\"672\" style=\"text-align: center;\"><em>22 docentes representan al departamento en esta importante muestra nacional de arte, cultura y educaci\u00f3n.<\/em><\/p>\n<p data-start=\"375\" data-end=\"672\" style=\"text-align: justify;\"><strong data-start=\"375\" data-end=\"409\"><br \/>Arauca, 21 de octubre de 2025.<\/strong> El <strong data-start=\"413\" data-end=\"442\">talento docente de Arauca<\/strong> se hace presente en el <strong data-start=\"466\" data-end=\"532\">Encuentro Folcl\u00f3rico y Cultural del Magisterio Colombiano 2025<\/strong>, que se desarrolla del <strong data-start=\"556\" data-end=\"602\">19 al 22 de octubre en Cartagena de Indias<\/strong>, con la participaci\u00f3n de <strong data-start=\"628\" data-end=\"669\">22 educadores de nuestro departamento<\/strong>.<\/p>\n<p data-start=\"674\" data-end=\"926\" style=\"text-align: justify;\">El evento re\u00fane a <strong data-start=\"692\" data-end=\"744\">850 docentes de los 32 departamentos y de Bogot\u00e1<\/strong>, quienes comparten sus saberes y tradiciones en un escenario que celebra <strong data-start=\"818\" data-end=\"923\">el arte, la cultura y la educaci\u00f3n como pilares para fortalecer la identidad y la diversidad del pa\u00eds<\/strong>.<\/p>\n<p data-start=\"928\" data-end=\"1295\" style=\"text-align: justify;\">La <strong data-start=\"931\" data-end=\"955\">delegaci\u00f3n de Arauca<\/strong> participa en las modalidades de <strong data-start=\"988\" data-end=\"1021\">danza, teatro, canto y poes\u00eda<\/strong>, destac\u00e1ndose por su <strong data-start=\"1043\" data-end=\"1152\">creatividad, entrega y compromiso con la promoci\u00f3n del arte como herramienta pedag\u00f3gica y veh\u00edculo de paz<\/strong>. Cada presentaci\u00f3n refleja el <strong data-start=\"1183\" data-end=\"1232\">sentir de un territorio que valora sus ra\u00edces<\/strong> y la importancia de transmitirlas a las nuevas generaciones.<\/p>\n<p data-start=\"1297\" data-end=\"1645\" style=\"text-align: justify;\">El <strong data-start=\"1300\" data-end=\"1361\">Encuentro Folcl\u00f3rico y Cultural del Magisterio Colombiano<\/strong>, organizado por el <strong data-start=\"1381\" data-end=\"1417\">Ministerio de Educaci\u00f3n Nacional<\/strong> en concertaci\u00f3n con la <strong data-start=\"1441\" data-end=\"1489\">Federaci\u00f3n Colombiana de Educadores (FECODE)<\/strong>, busca reconocer el papel de los <strong data-start=\"1523\" data-end=\"1609\">maestros como guardianes de la memoria cultural y agentes de transformaci\u00f3n social<\/strong> desde sus comunidades educativas.<\/p>\n<p data-start=\"1647\" data-end=\"1957\" style=\"text-align: justify;\">Bajo el liderazgo del <strong data-start=\"1669\" data-end=\"1705\">gobernador Renson Mart\u00ednez Prada<\/strong>, la <strong data-start=\"1710\" data-end=\"1761\">Secretar\u00eda de Educaci\u00f3n Departamental de Arauca<\/strong> reafirma su compromiso con el <strong data-start=\"1792\" data-end=\"1851\">fortalecimiento de la formaci\u00f3n integral del magisterio<\/strong>, destacando el <strong data-start=\"1867\" data-end=\"1954\">arte, la cultura y la educaci\u00f3n como ejes esenciales para construir un Arauca mejor<\/strong>.<\/p>\n<p>[\/et_pb_text][\/et_pb_column][\/et_pb_row][et_pb_row _builder_version=\u00bb4.27.4&#8243; _module_preset=\u00bbdefault\u00bb theme_builder_area=\u00bbpost_content\u00bb][et_pb_column _builder_version=\u00bb4.27.4&#8243; _module_preset=\u00bbdefault\u00bb type=\u00bb4_4&#8243; theme_builder_area=\u00bbpost_content\u00bb][et_pb_gallery _builder_version=\u00bb4.27.4&#8243; _module_preset=\u00bbdefault\u00bb theme_builder_area=\u00bbpost_content\u00bb gallery_ids=\u00bb12527,12526,12525,12524,12523,12522&#8243; hover_enabled=\u00bb0&#8243; sticky_enabled=\u00bb0&#8243;][\/et_pb_gallery][\/et_pb_column][\/et_pb_row][\/et_pb_section]<\/p>\n","protected":false},"excerpt":{"rendered":"<p>22 docentes representan al departamento en esta importante muestra nacional de arte, cultura y educaci\u00f3n. Arauca, 21 de octubre de 2025. El talento docente de Arauca se hace presente en el Encuentro Folcl\u00f3rico y Cultural del Magisterio Colombiano 2025, que se desarrolla del 19 al 22 de octubre en Cartagena de Indias, con la participaci\u00f3n [&hellip;]<\/p>\n","protected":false},"author":1,"featured_media":12527,"comment_status":"closed","ping_status":"closed","sticky":false,"template":"","format":"standard","meta":{"_et_pb_use_builder":"on","_et_pb_old_content":"","_et_gb_content_width":"","footnotes":""},"categories":[40,42,6],"tags":[],"class_list":["post-12521","post","type-post","status-publish","format-standard","has-post-thumbnail","hentry","category-encuentro","category-men","category-noticias"],"_links":{"self":[{"href":"https:\/\/www.sedarauca.edu.co\/index.php\/wp-json\/wp\/v2\/posts\/12521","targetHints":{"allow":["GET"]}}],"collection":[{"href":"https:\/\/www.sedarauca.edu.co\/index.php\/wp-json\/wp\/v2\/posts"}],"about":[{"href":"https:\/\/www.sedarauca.edu.co\/index.php\/wp-json\/wp\/v2\/types\/post"}],"author":[{"embeddable":true,"href":"https:\/\/www.sedarauca.edu.co\/index.php\/wp-json\/wp\/v2\/users\/1"}],"replies":[{"embeddable":true,"href":"https:\/\/www.sedarauca.edu.co\/index.php\/wp-json\/wp\/v2\/comments?post=12521"}],"version-history":[{"count":3,"href":"https:\/\/www.sedarauca.edu.co\/index.php\/wp-json\/wp\/v2\/posts\/12521\/revisions"}],"predecessor-version":[{"id":12530,"href":"https:\/\/www.sedarauca.edu.co\/index.php\/wp-json\/wp\/v2\/posts\/12521\/revisions\/12530"}],"wp:featuredmedia":[{"embeddable":true,"href":"https:\/\/www.sedarauca.edu.co\/index.php\/wp-json\/wp\/v2\/media\/12527"}],"wp:attachment":[{"href":"https:\/\/www.sedarauca.edu.co\/index.php\/wp-json\/wp\/v2\/media?parent=12521"}],"wp:term":[{"taxonomy":"category","embeddable":true,"href":"https:\/\/www.sedarauca.edu.co\/index.php\/wp-json\/wp\/v2\/categories?post=12521"},{"taxonomy":"post_tag","embeddable":true,"href":"https:\/\/www.sedarauca.edu.co\/index.php\/wp-json\/wp\/v2\/tags?post=12521"}],"curies":[{"name":"wp","href":"https:\/\/api.w.org\/{rel}","templated":true}]}}