{"id":12437,"date":"2025-10-11T16:37:00","date_gmt":"2025-10-11T21:37:00","guid":{"rendered":"https:\/\/www.sedarauca.edu.co\/?p=12437"},"modified":"2025-10-15T11:18:43","modified_gmt":"2025-10-15T16:18:43","slug":"maestros-y-maestras-a-la-par-representaron-a-nuestro-departamento-en-los-juegos-deportivos-del-magisterio-2025","status":"publish","type":"post","link":"https:\/\/www.sedarauca.edu.co\/index.php\/2025\/10\/11\/maestros-y-maestras-a-la-par-representaron-a-nuestro-departamento-en-los-juegos-deportivos-del-magisterio-2025\/","title":{"rendered":"Maestros y maestras a la par representaron a nuestro departamento en los Juegos Deportivos del Magisterio 2025."},"content":{"rendered":"\n[et_pb_section fb_built=\u00bb1&#8243; theme_builder_area=\u00bbpost_content\u00bb _builder_version=\u00bb4.27.4&#8243; _module_preset=\u00bbdefault\u00bb][et_pb_row _builder_version=\u00bb4.27.4&#8243; _module_preset=\u00bbdefault\u00bb theme_builder_area=\u00bbpost_content\u00bb][et_pb_column _builder_version=\u00bb4.27.4&#8243; _module_preset=\u00bbdefault\u00bb type=\u00bb4_4&#8243; theme_builder_area=\u00bbpost_content\u00bb][et_pb_text _builder_version=\u00bb4.27.4&#8243; _module_preset=\u00bbdefault\u00bb theme_builder_area=\u00bbpost_content\u00bb hover_enabled=\u00bb0&#8243; sticky_enabled=\u00bb0&#8243;]<p style=\"text-align: justify;\"><em>Arauca particip\u00f3 con 89 docentes en la Fase Zonal Orinoqu\u00eda, destac\u00e1ndose en f\u00fatbol y f\u00fatbol sala.<\/em><\/p>\n<p style=\"text-align: justify;\"><strong>Arauca, 11 de octubre de 2025.<\/strong> Con entusiasmo, compromiso y esp\u00edritu deportivo, la delegaci\u00f3n araucana conformada por 89 docentes y directivos docentes particip\u00f3 en la Fase Zonal Orinoqu\u00eda de los Juegos Deportivos Nacionales del Magisterio 2025, celebrada en diferentes complejos deportivos de Villavicencio, Meta.<\/p>\n<p style=\"text-align: justify;\">El evento, que reuni\u00f3 a <strong>33 delegaciones del pa\u00eds<\/strong>, hace parte de la estrategia nacional impulsada por el <strong>Ministerio de Educaci\u00f3n Nacional<\/strong>, en articulaci\u00f3n con el <strong>Ministerio del Deporte <\/strong>y <strong>FECODE<\/strong>, para fortalecer la salud, el bienestar y la integraci\u00f3n del magisterio colombiano.<\/p>\n<p style=\"text-align: justify;\">Arauca particip\u00f3 en todas las disciplinas convocadas<strong> \u2014baloncesto, f\u00fatbol, f\u00fatbol sala y voleibol coliseo, en las ramas masculina y femenina\u2014<\/strong> demostrando compromiso, disciplina y trabajo en equipo.<\/p>\n<p style=\"text-align: justify;\">Entre los resultados m\u00e1s destacados, sobresalieron los t\u00edtulos obtenidos por el equipo de <strong>f\u00fatbol sala femenino<\/strong> y el <strong>equipo de f\u00fatbol masculino<\/strong>, quienes se coronaron<strong> campeones de la<\/strong> <strong>Fase Zonal Orinoqu\u00eda<\/strong>, dejando en alto el nombre del departamento.<\/p>\n<p style=\"text-align: justify;\">Los Juegos son una fiesta deportiva y cultural que reafirma la importancia del <strong>deporte como motor de bienestar f\u00edsico, mental y emocional para los educadores del pa\u00eds.<\/strong> M\u00e1s all\u00e1 de la competencia, promueven la convivencia, el respeto y la integraci\u00f3n entre docentes de distintas regiones, fortaleciendo lazos que trascienden las aulas.<\/p>\n<p style=\"text-align: justify;\">Seg\u00fan el Ministerio de Educaci\u00f3n Nacional, <strong>las y los docentes clasificados avanzar\u00e1n a la fase final nacional<\/strong>, que se realizar\u00e1 en <strong>octubre de 2026<\/strong>, donde se reunir\u00e1n los mejores representantes de cada zona para celebrar la gran final de esta fiesta del magisterio colombiano.<\/p>\n<p style=\"text-align: justify;\">Con esta participaci\u00f3n, <strong>la Gobernaci\u00f3n de Arauca, liderada por el ingeniero Renson Mart\u00ednez Prada<\/strong>, y la <strong>Secretar\u00eda de Educaci\u00f3n Departamental,<\/strong>\u00a0reafirman su compromiso con el bienestar y la formaci\u00f3n integral del magisterio, reconociendo en sus docentes el ejemplo de liderazgo, entrega y pasi\u00f3n que impulsa la educaci\u00f3n en el territorio.<\/p>[\/et_pb_text][\/et_pb_column][\/et_pb_row][et_pb_row _builder_version=\u00bb4.27.4&#8243; _module_preset=\u00bbdefault\u00bb theme_builder_area=\u00bbpost_content\u00bb][et_pb_column _builder_version=\u00bb4.27.4&#8243; _module_preset=\u00bbdefault\u00bb type=\u00bb4_4&#8243; theme_builder_area=\u00bbpost_content\u00bb][et_pb_gallery _builder_version=\u00bb4.27.4&#8243; _module_preset=\u00bbdefault\u00bb theme_builder_area=\u00bbpost_content\u00bb gallery_ids=\u00bb12453,12444,12452,12451,12443,12442,12450,12449,12448,12447,12446,12445,12441,12440&#8243; hover_enabled=\u00bb0&#8243; sticky_enabled=\u00bb0&#8243;][\/et_pb_gallery][\/et_pb_column][\/et_pb_row][\/et_pb_section]\n","protected":false},"excerpt":{"rendered":"<p>Arauca particip\u00f3 con 89 docentes en la Fase Zonal Orinoqu\u00eda, destac\u00e1ndose en f\u00fatbol y f\u00fatbol sala. Arauca, 11 de octubre de 2025. Con entusiasmo, compromiso y esp\u00edritu deportivo, la delegaci\u00f3n araucana conformada por 89 docentes y directivos docentes particip\u00f3 en la Fase Zonal Orinoqu\u00eda de los Juegos Deportivos Nacionales del Magisterio 2025, celebrada en diferentes [&hellip;]<\/p>\n","protected":false},"author":1,"featured_media":12456,"comment_status":"closed","ping_status":"closed","sticky":false,"template":"","format":"standard","meta":{"_et_pb_use_builder":"on","_et_pb_old_content":"","_et_gb_content_width":"","footnotes":""},"categories":[6,1],"tags":[],"class_list":["post-12437","post","type-post","status-publish","format-standard","has-post-thumbnail","hentry","category-noticias","category-sin-categoria"],"_links":{"self":[{"href":"https:\/\/www.sedarauca.edu.co\/index.php\/wp-json\/wp\/v2\/posts\/12437","targetHints":{"allow":["GET"]}}],"collection":[{"href":"https:\/\/www.sedarauca.edu.co\/index.php\/wp-json\/wp\/v2\/posts"}],"about":[{"href":"https:\/\/www.sedarauca.edu.co\/index.php\/wp-json\/wp\/v2\/types\/post"}],"author":[{"embeddable":true,"href":"https:\/\/www.sedarauca.edu.co\/index.php\/wp-json\/wp\/v2\/users\/1"}],"replies":[{"embeddable":true,"href":"https:\/\/www.sedarauca.edu.co\/index.php\/wp-json\/wp\/v2\/comments?post=12437"}],"version-history":[{"count":3,"href":"https:\/\/www.sedarauca.edu.co\/index.php\/wp-json\/wp\/v2\/posts\/12437\/revisions"}],"predecessor-version":[{"id":12457,"href":"https:\/\/www.sedarauca.edu.co\/index.php\/wp-json\/wp\/v2\/posts\/12437\/revisions\/12457"}],"wp:featuredmedia":[{"embeddable":true,"href":"https:\/\/www.sedarauca.edu.co\/index.php\/wp-json\/wp\/v2\/media\/12456"}],"wp:attachment":[{"href":"https:\/\/www.sedarauca.edu.co\/index.php\/wp-json\/wp\/v2\/media?parent=12437"}],"wp:term":[{"taxonomy":"category","embeddable":true,"href":"https:\/\/www.sedarauca.edu.co\/index.php\/wp-json\/wp\/v2\/categories?post=12437"},{"taxonomy":"post_tag","embeddable":true,"href":"https:\/\/www.sedarauca.edu.co\/index.php\/wp-json\/wp\/v2\/tags?post=12437"}],"curies":[{"name":"wp","href":"https:\/\/api.w.org\/{rel}","templated":true}]}}