{"id":12191,"date":"2025-09-19T14:34:00","date_gmt":"2025-09-19T19:34:00","guid":{"rendered":"https:\/\/www.sedarauca.edu.co\/?p=12191"},"modified":"2025-09-22T12:58:53","modified_gmt":"2025-09-22T17:58:53","slug":"el-departamento-de-arauca-consolido-propuestas-para-el-foro-educativo-nacional","status":"publish","type":"post","link":"https:\/\/www.sedarauca.edu.co\/index.php\/2025\/09\/19\/el-departamento-de-arauca-consolido-propuestas-para-el-foro-educativo-nacional\/","title":{"rendered":"El departamento de Arauca consolid\u00f3 propuestas para el Foro Educativo Nacional"},"content":{"rendered":"<p>[et_pb_section fb_built=\u00bb1&#8243; theme_builder_area=\u00bbpost_content\u00bb _builder_version=\u00bb4.27.4&#8243; _module_preset=\u00bbdefault\u00bb custom_padding=\u00bb0px|||||\u00bb][et_pb_row _builder_version=\u00bb4.27.4&#8243; _module_preset=\u00bbdefault\u00bb theme_builder_area=\u00bbpost_content\u00bb][et_pb_column _builder_version=\u00bb4.27.4&#8243; _module_preset=\u00bbdefault\u00bb type=\u00bb4_4&#8243; theme_builder_area=\u00bbpost_content\u00bb][et_pb_text _builder_version=\u00bb4.27.4&#8243; _module_preset=\u00bbdefault\u00bb theme_builder_area=\u00bbpost_content\u00bb hover_enabled=\u00bb0&#8243; sticky_enabled=\u00bb0&#8243;]<\/p>\n<p style=\"text-align: justify;\">\u201cSo\u00f1ar la educaci\u00f3n es tarea de todos; construirla tambi\u00e9n\u201d<\/p>\n<p style=\"text-align: justify;\"><strong>Arauca, 19 de septiembre de 2025.<\/strong> Durante dos d\u00edas, el municipio de Saravena fue sede del Foro Educativo Departamental 2025, un espacio que convoc\u00f3 a m\u00e1s 300 participantes de los siete municipios del departamento. El encuentro se desarroll\u00f3 en la Instituci\u00f3n Educativa T\u00e9cnica Industrial Rafael Pombo, en cumplimiento de la Directiva No. 001 de 2025 del Ministerio de Educaci\u00f3n Nacional, y fue liderado por la Secretar\u00eda de Educaci\u00f3n Departamental en articulaci\u00f3n con la Asociaci\u00f3n de Educadores de Arauca (ASEDAR) y el Centro de Estudios e Investigaciones Docentes (CEID). Este foro se consolid\u00f3 como un escenario clave de reflexi\u00f3n y proyecci\u00f3n bajo el lema \u201cParticipaci\u00f3n Social y Popular por una Educaci\u00f3n Digna y Transformadora\u201d.<\/p>\n<p style=\"text-align: justify;\">La jornada inicial abri\u00f3 con ponencias que plantearon los retos y oportunidades de la educaci\u00f3n en Arauca y, en horas de la tarde, se instalaron 11 mesas de trabajo donde docentes, estudiantes, directivos, familias, autoridades locales y organizaciones sociales dialogaron en torno a las propuestas recogidas en los foros institucionales y municipales.<\/p>\n<p style=\"text-align: justify;\">El segundo d\u00eda, esas voces confluyeron en una plenaria departamental, que permiti\u00f3 consolidar un documento de relator\u00eda con conclusiones y apuestas conjuntas en temas como transporte escolar, alimentaci\u00f3n, infraestructura, planta docente y financiaci\u00f3n. Dicho documento ser\u00e1 la base de la agenda que Arauca llevar\u00e1 al Foro Nacional de Educaci\u00f3n en noviembre, adem\u00e1s de orientar la construcci\u00f3n del Plan Decenal de Educaci\u00f3n 2025\u20132035.<\/p>\n<p style=\"text-align: justify;\">En este marco, el presidente de ASEDAR, Ra\u00fal Leal, subray\u00f3 la importancia de la participaci\u00f3n social: \u201cEstamos so\u00f1ando con una educaci\u00f3n digna para el pueblo; no dejemos que nos arrebaten lo que hemos conquistado. Este foro demuestra que la educaci\u00f3n se construye con la voz y la acci\u00f3n de todos\u201d. A su vez, el alcalde de Saravena, Juan Ignacio Cifuentes, celebr\u00f3 que el municipio fuera epicentro del debate y de la nueva sede universitaria: \u201cHoy Saravena es capital de la educaci\u00f3n en Arauca; desde aqu\u00ed reafirmamos nuestro compromiso con la juventud y el futuro del departamento\u201d.<\/p>\n<p style=\"text-align: justify;\">Finalmente, el secretario de Educaci\u00f3n Departamental, Ariel Pedraza, resalt\u00f3 que el foro es m\u00e1s que un evento: \u201cCuando no sabemos para d\u00f3nde vamos, lo m\u00e1s seguro es que nos perdemos; este foro nos ayuda a trazar ese camino com\u00fan\u201d. Con la clausura del encuentro, Arauca reafirma su compromiso con una educaci\u00f3n p\u00fablica incluyente, digna y transformadora, fruto del trabajo articulado entre instituciones y la comunidad educativa.<\/p>\n<p>[\/et_pb_text][\/et_pb_column][\/et_pb_row][et_pb_row _builder_version=\u00bb4.27.4&#8243; _module_preset=\u00bbdefault\u00bb theme_builder_area=\u00bbpost_content\u00bb][et_pb_column _builder_version=\u00bb4.27.4&#8243; _module_preset=\u00bbdefault\u00bb type=\u00bb4_4&#8243; theme_builder_area=\u00bbpost_content\u00bb][et_pb_gallery _builder_version=\u00bb4.27.4&#8243; _module_preset=\u00bbdefault\u00bb theme_builder_area=\u00bbpost_content\u00bb gallery_ids=\u00bb12192,12193,12196,12204,12203,12200,12202,12199,12194,12195,12198,12201,12197&#8243; hover_enabled=\u00bb0&#8243; sticky_enabled=\u00bb0&#8243;][\/et_pb_gallery][\/et_pb_column][\/et_pb_row][\/et_pb_section]<\/p>\n","protected":false},"excerpt":{"rendered":"<p>\u201cSo\u00f1ar la educaci\u00f3n es tarea de todos; construirla tambi\u00e9n\u201d Arauca, 19 de septiembre de 2025. Durante dos d\u00edas, el municipio de Saravena fue sede del Foro Educativo Departamental 2025, un espacio que convoc\u00f3 a m\u00e1s 300 participantes de los siete municipios del departamento. El encuentro se desarroll\u00f3 en la Instituci\u00f3n Educativa T\u00e9cnica Industrial Rafael Pombo, [&hellip;]<\/p>\n","protected":false},"author":1,"featured_media":12208,"comment_status":"closed","ping_status":"closed","sticky":false,"template":"","format":"standard","meta":{"_et_pb_use_builder":"on","_et_pb_old_content":"","_et_gb_content_width":"","footnotes":""},"categories":[42,6],"tags":[],"class_list":["post-12191","post","type-post","status-publish","format-standard","has-post-thumbnail","hentry","category-men","category-noticias"],"_links":{"self":[{"href":"https:\/\/www.sedarauca.edu.co\/index.php\/wp-json\/wp\/v2\/posts\/12191","targetHints":{"allow":["GET"]}}],"collection":[{"href":"https:\/\/www.sedarauca.edu.co\/index.php\/wp-json\/wp\/v2\/posts"}],"about":[{"href":"https:\/\/www.sedarauca.edu.co\/index.php\/wp-json\/wp\/v2\/types\/post"}],"author":[{"embeddable":true,"href":"https:\/\/www.sedarauca.edu.co\/index.php\/wp-json\/wp\/v2\/users\/1"}],"replies":[{"embeddable":true,"href":"https:\/\/www.sedarauca.edu.co\/index.php\/wp-json\/wp\/v2\/comments?post=12191"}],"version-history":[{"count":3,"href":"https:\/\/www.sedarauca.edu.co\/index.php\/wp-json\/wp\/v2\/posts\/12191\/revisions"}],"predecessor-version":[{"id":12207,"href":"https:\/\/www.sedarauca.edu.co\/index.php\/wp-json\/wp\/v2\/posts\/12191\/revisions\/12207"}],"wp:featuredmedia":[{"embeddable":true,"href":"https:\/\/www.sedarauca.edu.co\/index.php\/wp-json\/wp\/v2\/media\/12208"}],"wp:attachment":[{"href":"https:\/\/www.sedarauca.edu.co\/index.php\/wp-json\/wp\/v2\/media?parent=12191"}],"wp:term":[{"taxonomy":"category","embeddable":true,"href":"https:\/\/www.sedarauca.edu.co\/index.php\/wp-json\/wp\/v2\/categories?post=12191"},{"taxonomy":"post_tag","embeddable":true,"href":"https:\/\/www.sedarauca.edu.co\/index.php\/wp-json\/wp\/v2\/tags?post=12191"}],"curies":[{"name":"wp","href":"https:\/\/api.w.org\/{rel}","templated":true}]}}