{"id":11926,"date":"2025-08-07T07:55:00","date_gmt":"2025-08-07T12:55:00","guid":{"rendered":"https:\/\/www.sedarauca.edu.co\/?p=11926"},"modified":"2025-08-27T18:05:11","modified_gmt":"2025-08-27T23:05:11","slug":"gobernacion-de-arauca-advierte-sobre-la-importancia-del-uso-de-calzado-adecuado-tras-serie-de-accidentes-laborales","status":"publish","type":"post","link":"https:\/\/www.sedarauca.edu.co\/index.php\/2025\/08\/07\/gobernacion-de-arauca-advierte-sobre-la-importancia-del-uso-de-calzado-adecuado-tras-serie-de-accidentes-laborales\/","title":{"rendered":"Gobernaci\u00f3n de Arauca advierte sobre la importancia del uso de calzado adecuado tras serie de accidentes laborales"},"content":{"rendered":"<p>[et_pb_section fb_built=\u00bb1&#8243; theme_builder_area=\u00bbpost_content\u00bb _builder_version=\u00bb4.27.4&#8243; _module_preset=\u00bbdefault\u00bb][et_pb_row _builder_version=\u00bb4.27.4&#8243; _module_preset=\u00bbdefault\u00bb theme_builder_area=\u00bbpost_content\u00bb][et_pb_column _builder_version=\u00bb4.27.4&#8243; _module_preset=\u00bbdefault\u00bb type=\u00bb4_4&#8243; theme_builder_area=\u00bbpost_content\u00bb][et_pb_text _builder_version=\u00bb4.27.4&#8243; _module_preset=\u00bbdefault\u00bb theme_builder_area=\u00bbpost_content\u00bb custom_margin=\u00bb-20px||||false|false\u00bb hover_enabled=\u00bb0&#8243; sticky_enabled=\u00bb0&#8243;]<\/p>\n<p style=\"text-align: justify;\"><strong>Arauca, 6 de agosto de 2025.\u00a0<\/strong>En lo que va del a\u00f1o, la Gobernaci\u00f3n de Arauca ha registrado una serie de accidentes laborales que ponen en evidencia la urgencia de prestar especial atenci\u00f3n al calzado utilizado dentro y fuera de las instalaciones gubernamentales.<\/p>\n<p style=\"text-align: justify;\">Cuatro de estos lamentables eventos ocurrieron entre febrero y julio de 2025, en pasillos, rampas y escaleras, dejando como saldo lesiones que van desde abrasiones y esguinces hasta fracturas, que podr\u00edan haberse prevenido con el uso de calzado adecuado. \u00a0<\/p>\n<p style=\"text-align: justify;\"><strong>Detalle de accidentes recientes en la Gobernaci\u00f3n de Arauca<\/strong>:<\/p>\n<p style=\"text-align: justify;\"><strong>1)<\/strong>\u00a0\u00a0\u00a0\u00a0<em>10 de febrero<\/em>: Durante la jornada laboral, un trabajador descend\u00eda por una escalera de concreto ubicada en uno de los pasillos internos de la Gobernaci\u00f3n. Al llegar al \u00faltimo escal\u00f3n, por la falta de precauci\u00f3n y concentraci\u00f3n, resbala abruptamente, impactando directamente sus rodillas contra el suelo. El resultado fueron abrasiones visibles en la rodilla derecha junto con un dolor generalizado en las extremidades inferiores.<\/p>\n<p style=\"text-align: justify;\"><strong>2)<\/strong>\u00a0\u00a0\u00a0\u00a0<em>18 de febrero<\/em>: Una trabajadora, que asisti\u00f3 a una capacitaci\u00f3n fuera de la entidad, se dirig\u00eda hacia el ba\u00f1o por una rampa externa que carec\u00eda de un tratamiento antideslizante adecuado. La superficie lisa, junto con la pendiente y el calzado con suela deslizante, provocaron que perdiera completamente el equilibrio y cayera fuertemente contra el suelo. Al caer, sufri\u00f3 un fuerte impacto en el tobillo derecho contra el borde de la rampa, ocasionando fracturas en tibia y peron\u00e9.<\/p>\n<p style=\"text-align: justify;\"><strong>3)<\/strong>\u00a0\u00a0\u00a0\u00a0<em>6 de marzo<\/em>: Una trabajadora caminaba con sandalias de plataforma de manera rutinaria por el pasillo cuando se le dobl\u00f3 el pie y perdi\u00f3 el equilibrio. Aunque logr\u00f3 evitar una ca\u00edda completa sosteni\u00e9ndose en un compa\u00f1ero, sufri\u00f3 una torsi\u00f3n dolorosa en el tobillo izquierdo, con inflamaci\u00f3n significativa posterior.<\/p>\n<p style=\"text-align: justify;\"><strong>4)<\/strong>\u00a0\u00a0\u00a0\u00a0<em>1 de julio<\/em>: Al concluir una capacitaci\u00f3n fuera de la entidad, una trabajadora se desplazaba hacia la salida cuando pis\u00f3 una superficie mojada con tacones altos, causando la p\u00e9rdida del equilibrio y una ca\u00edda frontal al suelo. Las consecuencias fueron dolorosas inflamaciones y hematomas en ambas rodillas.<\/p>\n<p style=\"text-align: justify;\">Con base en estos hechos, la Secretar\u00eda General y Desarrollo Institucional, a trav\u00e9s del \u00e1rea de Seguridad y Salud en el Trabajo reitera las siguientes recomendaciones para todos los servidores p\u00fablicos y colaboradores:<\/p>\n<ul>\n<li style=\"text-align: justify;\">Evitar tacones, sandalias o calzado sin soporte en \u00e1reas laborales o con riesgo de resbalones o impactos.<\/li>\n<li style=\"text-align: justify;\">Mantener el calzado en buen estado para asegurar su efectividad en la prevenci\u00f3n de accidentes.<\/li>\n<li style=\"text-align: justify;\">Prestar extrema atenci\u00f3n al caminar en zonas con pendientes, escaleras, rampas o pisos mojados.<\/li>\n<li style=\"text-align: justify;\">Reportar oportunamente condiciones peligrosas como pisos h\u00famedos, superficies sin tratamiento antideslizante y objetos mal ubicados.<\/li>\n<\/ul>\n<p>[\/et_pb_text][\/et_pb_column][\/et_pb_row][et_pb_row _builder_version=\u00bb4.27.4&#8243; _module_preset=\u00bbdefault\u00bb column_structure=\u00bb1_5,3_5,1_5&#8243; theme_builder_area=\u00bbpost_content\u00bb][et_pb_column _builder_version=\u00bb4.27.4&#8243; _module_preset=\u00bbdefault\u00bb type=\u00bb1_5&#8243; theme_builder_area=\u00bbpost_content\u00bb][\/et_pb_column][et_pb_column _builder_version=\u00bb4.27.4&#8243; _module_preset=\u00bbdefault\u00bb type=\u00bb3_5&#8243; theme_builder_area=\u00bbpost_content\u00bb][et_pb_image src=\u00bbhttps:\/\/www.sedarauca.edu.co\/wp-content\/uploads\/2025\/08\/ProtegeTusPasos02.jpg\u00bb _builder_version=\u00bb4.27.4&#8243; _module_preset=\u00bbdefault\u00bb theme_builder_area=\u00bbpost_content\u00bb title_text=\u00bbProtegeTusPasos02&#8243; hover_enabled=\u00bb0&#8243; sticky_enabled=\u00bb0&#8243; custom_margin=\u00bb|-70px||-14px||\u00bb custom_padding=\u00bb|||0px||\u00bb][\/et_pb_image][\/et_pb_column][et_pb_column _builder_version=\u00bb4.27.4&#8243; _module_preset=\u00bbdefault\u00bb type=\u00bb1_5&#8243; theme_builder_area=\u00bbpost_content\u00bb][\/et_pb_column][\/et_pb_row][et_pb_row _builder_version=\u00bb4.27.4&#8243; _module_preset=\u00bbdefault\u00bb theme_builder_area=\u00bbpost_content\u00bb][et_pb_column _builder_version=\u00bb4.27.4&#8243; _module_preset=\u00bbdefault\u00bb type=\u00bb4_4&#8243; theme_builder_area=\u00bbpost_content\u00bb][et_pb_text _builder_version=\u00bb4.27.4&#8243; _module_preset=\u00bbdefault\u00bb theme_builder_area=\u00bbpost_content\u00bb hover_enabled=\u00bb0&#8243; sticky_enabled=\u00bb0&#8243;]<\/p>\n<p style=\"text-align: justify;\"><strong>Acci\u00f3n institucional<\/strong><\/p>\n<p style=\"text-align: justify;\"><span style=\"font-style: inherit; font-weight: inherit;\">La Gobernaci\u00f3n, bajo las directrices estrictas del se\u00f1or gobernador Renson Mart\u00ednez Prada, trabaja activamente en la evaluaci\u00f3n de espacios, supervisi\u00f3n rigurosa y capacitaci\u00f3n constante para garantizar un entorno de trabajo m\u00e1s seguro. Se espera que con estas medidas preventivas y la colaboraci\u00f3n activa de los empleados se puedan evitar accidentes que afecten la salud y bienestar de todos.<\/span><\/p>\n<p>[\/et_pb_text][\/et_pb_column][\/et_pb_row][\/et_pb_section]<\/p>\n","protected":false},"excerpt":{"rendered":"<p>Arauca, 6 de agosto de 2025.\u00a0En lo que va del a\u00f1o, la Gobernaci\u00f3n de Arauca ha registrado una serie de accidentes laborales que ponen en evidencia la urgencia de prestar especial atenci\u00f3n al calzado utilizado dentro y fuera de las instalaciones gubernamentales. Cuatro de estos lamentables eventos ocurrieron entre febrero y julio de 2025, en [&hellip;]<\/p>\n","protected":false},"author":1,"featured_media":11927,"comment_status":"closed","ping_status":"closed","sticky":false,"template":"","format":"standard","meta":{"_et_pb_use_builder":"on","_et_pb_old_content":"","_et_gb_content_width":"","footnotes":""},"categories":[21,6],"tags":[],"class_list":["post-11926","post","type-post","status-publish","format-standard","has-post-thumbnail","hentry","category-boletin","category-noticias"],"_links":{"self":[{"href":"https:\/\/www.sedarauca.edu.co\/index.php\/wp-json\/wp\/v2\/posts\/11926","targetHints":{"allow":["GET"]}}],"collection":[{"href":"https:\/\/www.sedarauca.edu.co\/index.php\/wp-json\/wp\/v2\/posts"}],"about":[{"href":"https:\/\/www.sedarauca.edu.co\/index.php\/wp-json\/wp\/v2\/types\/post"}],"author":[{"embeddable":true,"href":"https:\/\/www.sedarauca.edu.co\/index.php\/wp-json\/wp\/v2\/users\/1"}],"replies":[{"embeddable":true,"href":"https:\/\/www.sedarauca.edu.co\/index.php\/wp-json\/wp\/v2\/comments?post=11926"}],"version-history":[{"count":3,"href":"https:\/\/www.sedarauca.edu.co\/index.php\/wp-json\/wp\/v2\/posts\/11926\/revisions"}],"predecessor-version":[{"id":11932,"href":"https:\/\/www.sedarauca.edu.co\/index.php\/wp-json\/wp\/v2\/posts\/11926\/revisions\/11932"}],"wp:featuredmedia":[{"embeddable":true,"href":"https:\/\/www.sedarauca.edu.co\/index.php\/wp-json\/wp\/v2\/media\/11927"}],"wp:attachment":[{"href":"https:\/\/www.sedarauca.edu.co\/index.php\/wp-json\/wp\/v2\/media?parent=11926"}],"wp:term":[{"taxonomy":"category","embeddable":true,"href":"https:\/\/www.sedarauca.edu.co\/index.php\/wp-json\/wp\/v2\/categories?post=11926"},{"taxonomy":"post_tag","embeddable":true,"href":"https:\/\/www.sedarauca.edu.co\/index.php\/wp-json\/wp\/v2\/tags?post=11926"}],"curies":[{"name":"wp","href":"https:\/\/api.w.org\/{rel}","templated":true}]}}