{"id":11883,"date":"2025-08-19T17:43:00","date_gmt":"2025-08-19T22:43:00","guid":{"rendered":"https:\/\/www.sedarauca.edu.co\/?p=11883"},"modified":"2025-08-25T17:51:11","modified_gmt":"2025-08-25T22:51:11","slug":"el-gobierno-nacional-llega-a-arauca-para-seguir-construyendo-la-politica-publica-de-alimentacion-escolar-ppae","status":"publish","type":"post","link":"https:\/\/www.sedarauca.edu.co\/index.php\/2025\/08\/19\/el-gobierno-nacional-llega-a-arauca-para-seguir-construyendo-la-politica-publica-de-alimentacion-escolar-ppae\/","title":{"rendered":"El Gobierno Nacional llega a Arauca para seguir construyendo la Pol\u00edtica P\u00fablica de Alimentaci\u00f3n Escolar (PPAE)"},"content":{"rendered":"<p>[et_pb_section fb_built=\u00bb1&#8243; theme_builder_area=\u00bbpost_content\u00bb _builder_version=\u00bb4.27.4&#8243; _module_preset=\u00bbdefault\u00bb][et_pb_row _builder_version=\u00bb4.27.4&#8243; _module_preset=\u00bbdefault\u00bb theme_builder_area=\u00bbpost_content\u00bb][et_pb_column _builder_version=\u00bb4.27.4&#8243; _module_preset=\u00bbdefault\u00bb type=\u00bb4_4&#8243; theme_builder_area=\u00bbpost_content\u00bb][et_pb_text _builder_version=\u00bb4.27.4&#8243; _module_preset=\u00bbdefault\u00bb theme_builder_area=\u00bbpost_content\u00bb custom_margin=\u00bb-30px||||false|false\u00bb hover_enabled=\u00bb0&#8243; sticky_enabled=\u00bb0&#8243;]<\/p>\n<p style=\"text-align: center;\">Participa este jueves 21 de agosto en el taller que adelantar\u00e1 la Unidad de Alimentos para Aprender (UApA) registr\u00e1ndose en el link de inscripci\u00f3n.<\/p>\n<p>[\/et_pb_text][\/et_pb_column][\/et_pb_row][et_pb_row _builder_version=\u00bb4.27.4&#8243; _module_preset=\u00bbdefault\u00bb theme_builder_area=\u00bbpost_content\u00bb][et_pb_column _builder_version=\u00bb4.27.4&#8243; _module_preset=\u00bbdefault\u00bb type=\u00bb4_4&#8243; theme_builder_area=\u00bbpost_content\u00bb][et_pb_text _builder_version=\u00bb4.27.4&#8243; _module_preset=\u00bbdefault\u00bb theme_builder_area=\u00bbpost_content\u00bb hover_enabled=\u00bb0&#8243; sticky_enabled=\u00bb0&#8243;]<\/p>\n<p style=\"text-align: justify;\"><strong>Arauca, 19 de agosto de 2025<\/strong>. El Gobierno Nacional, a trav\u00e9s de la Unidad de Alimentaci\u00f3n para Aprender (UAPA), realizar\u00e1 un taller de construcci\u00f3n de la Pol\u00edtica P\u00fablica de Alimentaci\u00f3n Escolar (PPAE) este jueves 21 de agosto en el auditorio de Asedar de la ciudad de Arauca a las 8:00 a.m. Con el apoyo del Gobierno Departamental a trav\u00e9s de la Secretar\u00eda de Educaci\u00f3n, este evento busca identificar colectivamente los principales retos del PAE en territorio y construir un futuro mejor para la educaci\u00f3n y nutrici\u00f3n de los estudiantes.<\/p>\n<p style=\"text-align: justify;\">\u00abEstamos orgullosos de que Arauca haya sido reconocido por el Ministerio de Educaci\u00f3n como uno de los mejores PAE del pa\u00eds en diciembre de 2024, lo que demuestra el compromiso del Gobierno Departamental liderado por el ingeniero Renson Mart\u00ednez Prada\u00bb, afirm\u00f3 el secretario de Educaci\u00f3n, licenciado Ariel Pedraza Pinz\u00f3n. \u00abPara seguir siendo competitivos, es fundamental la participaci\u00f3n de rectores, docentes, estudiantes, padres de familia, organizaciones sociales, juntas de acci\u00f3n comunal, operadores PAE de poblaci\u00f3n mayoritaria e ind\u00edgena, entre otros\u00bb, agreg\u00f3.<\/p>\n<p style=\"text-align: justify;\">Actualmente, el PAE beneficia a m\u00e1s de 47 mil estudiantes, contando los que opera no solo el Departamento sino tambi\u00e9n los municipios (alcald\u00edas), con una cobertura del 100% de la matr\u00edcula en zona rural y del 75% en zona urbana en los 7 municipios. Esto demuestra el compromiso del Gobierno departamental con la educaci\u00f3n y el avance progresivo hacia la cobertura universal que promueve el Gobierno nacional.<\/p>\n<p style=\"text-align: justify;\">\u00abApoyamos todas las iniciativas que busquen mejorar la calidad de la educaci\u00f3n y la nutrici\u00f3n de nuestros estudiantes\u00bb, destac\u00f3 el secretario, enfatizando el compromiso del gobernador Renson Mart\u00ednez con la educaci\u00f3n.<\/p>\n<p style=\"text-align: justify;\">Los interesados en participar deber\u00e1n inscribirse a trav\u00e9s del siguiente enlace: <a href=\"https:\/\/forms.office.com\/r\/rpC5idBq0g\">https:\/\/forms.office.com\/r\/rpC5idBq0g<\/a>. La participaci\u00f3n activa es fundamental para garantizar que este proceso sea representativo y riguroso, y contribuya a la formulaci\u00f3n de una pol\u00edtica p\u00fablica s\u00f3lida centrada en el derecho a la alimentaci\u00f3n escolar y la educaci\u00f3n.<\/p>\n<p>[\/et_pb_text][\/et_pb_column][\/et_pb_row][et_pb_row _builder_version=\u00bb4.27.4&#8243; _module_preset=\u00bbdefault\u00bb column_structure=\u00bb1_5,3_5,1_5&#8243; theme_builder_area=\u00bbpost_content\u00bb][et_pb_column _builder_version=\u00bb4.27.4&#8243; _module_preset=\u00bbdefault\u00bb type=\u00bb1_5&#8243; theme_builder_area=\u00bbpost_content\u00bb][\/et_pb_column][et_pb_column _builder_version=\u00bb4.27.4&#8243; _module_preset=\u00bbdefault\u00bb type=\u00bb3_5&#8243; theme_builder_area=\u00bbpost_content\u00bb][et_pb_video src=\u00bbhttps:\/\/youtube.com\/shorts\/zz2R0BepOzg?feature=share\u00bb _builder_version=\u00bb4.27.4&#8243; _module_preset=\u00bbdefault\u00bb theme_builder_area=\u00bbpost_content\u00bb hover_enabled=\u00bb0&#8243; sticky_enabled=\u00bb0&#8243; border_radii=\u00bbon|30px|30px|30px|30px\u00bb][\/et_pb_video][\/et_pb_column][et_pb_column _builder_version=\u00bb4.27.4&#8243; _module_preset=\u00bbdefault\u00bb type=\u00bb1_5&#8243; theme_builder_area=\u00bbpost_content\u00bb][\/et_pb_column][\/et_pb_row][\/et_pb_section]<\/p>\n","protected":false},"excerpt":{"rendered":"<p>Participa este jueves 21 de agosto en el taller que adelantar\u00e1 la Unidad de Alimentos para Aprender (UApA) registr\u00e1ndose en el link de inscripci\u00f3n.Arauca, 19 de agosto de 2025. El Gobierno Nacional, a trav\u00e9s de la Unidad de Alimentaci\u00f3n para Aprender (UAPA), realizar\u00e1 un taller de construcci\u00f3n de la Pol\u00edtica P\u00fablica de Alimentaci\u00f3n Escolar (PPAE) [&hellip;]<\/p>\n","protected":false},"author":1,"featured_media":11884,"comment_status":"closed","ping_status":"closed","sticky":false,"template":"","format":"standard","meta":{"_et_pb_use_builder":"on","_et_pb_old_content":"","_et_gb_content_width":"","footnotes":""},"categories":[21,6,17],"tags":[],"class_list":["post-11883","post","type-post","status-publish","format-standard","has-post-thumbnail","hentry","category-boletin","category-noticias","category-pae"],"_links":{"self":[{"href":"https:\/\/www.sedarauca.edu.co\/index.php\/wp-json\/wp\/v2\/posts\/11883","targetHints":{"allow":["GET"]}}],"collection":[{"href":"https:\/\/www.sedarauca.edu.co\/index.php\/wp-json\/wp\/v2\/posts"}],"about":[{"href":"https:\/\/www.sedarauca.edu.co\/index.php\/wp-json\/wp\/v2\/types\/post"}],"author":[{"embeddable":true,"href":"https:\/\/www.sedarauca.edu.co\/index.php\/wp-json\/wp\/v2\/users\/1"}],"replies":[{"embeddable":true,"href":"https:\/\/www.sedarauca.edu.co\/index.php\/wp-json\/wp\/v2\/comments?post=11883"}],"version-history":[{"count":4,"href":"https:\/\/www.sedarauca.edu.co\/index.php\/wp-json\/wp\/v2\/posts\/11883\/revisions"}],"predecessor-version":[{"id":11888,"href":"https:\/\/www.sedarauca.edu.co\/index.php\/wp-json\/wp\/v2\/posts\/11883\/revisions\/11888"}],"wp:featuredmedia":[{"embeddable":true,"href":"https:\/\/www.sedarauca.edu.co\/index.php\/wp-json\/wp\/v2\/media\/11884"}],"wp:attachment":[{"href":"https:\/\/www.sedarauca.edu.co\/index.php\/wp-json\/wp\/v2\/media?parent=11883"}],"wp:term":[{"taxonomy":"category","embeddable":true,"href":"https:\/\/www.sedarauca.edu.co\/index.php\/wp-json\/wp\/v2\/categories?post=11883"},{"taxonomy":"post_tag","embeddable":true,"href":"https:\/\/www.sedarauca.edu.co\/index.php\/wp-json\/wp\/v2\/tags?post=11883"}],"curies":[{"name":"wp","href":"https:\/\/api.w.org\/{rel}","templated":true}]}}