{"id":11858,"date":"2025-08-19T07:40:00","date_gmt":"2025-08-19T12:40:00","guid":{"rendered":"https:\/\/www.sedarauca.edu.co\/?p=11858"},"modified":"2025-08-22T14:46:57","modified_gmt":"2025-08-22T19:46:57","slug":"gobernacion-de-arauca-reitera-compromiso-con-el-magisterio-y-llama-a-garantizar-la-continuidad-del-servicio-educativo","status":"publish","type":"post","link":"https:\/\/www.sedarauca.edu.co\/index.php\/2025\/08\/19\/gobernacion-de-arauca-reitera-compromiso-con-el-magisterio-y-llama-a-garantizar-la-continuidad-del-servicio-educativo\/","title":{"rendered":"Gobernaci\u00f3n de Arauca reitera compromiso con el magisterio y llama a garantizar la continuidad del servicio educativo"},"content":{"rendered":"\n[et_pb_section fb_built=\u00bb1&#8243; theme_builder_area=\u00bbpost_content\u00bb _builder_version=\u00bb4.27.4&#8243; _module_preset=\u00bbdefault\u00bb][et_pb_row _builder_version=\u00bb4.27.4&#8243; _module_preset=\u00bbdefault\u00bb theme_builder_area=\u00bbpost_content\u00bb][et_pb_column _builder_version=\u00bb4.27.4&#8243; _module_preset=\u00bbdefault\u00bb type=\u00bb4_4&#8243; theme_builder_area=\u00bbpost_content\u00bb][et_pb_text _builder_version=\u00bb4.27.4&#8243; _module_preset=\u00bbdefault\u00bb theme_builder_area=\u00bbpost_content\u00bb hover_enabled=\u00bb0&#8243; sticky_enabled=\u00bb0&#8243;]<p style=\"text-align: justify;\">La Secretar\u00eda de Educaci\u00f3n Departamental de Arauca rechaza de manera categ\u00f3rica las amenazas, insultos y se\u00f1alamientos de los que fue objeto el secretario de Educaci\u00f3n, Ariel Pedraza, as\u00ed como los mensajes intimidantes hacia los funcionarios encargados del proceso de n\u00f3mina. Estas acciones afectan la integridad de servidores p\u00fablicos que cumplen con su deber y generan un clima de tensi\u00f3n que repercute en su salud y bienestar.<\/p>\n<p style=\"text-align: justify;\">Es importante reiterar que la Secretar\u00eda se encuentra al d\u00eda con el pago de salarios y prestaciones a todos los docentes, directivos docentes y administrativos del departamento. El retroactivo corresponde a un ingreso adicional, sujeto a tr\u00e1mites administrativos y validaciones externas que ya est\u00e1n en curso y ser\u00e1n atendidos con responsabilidad y transparencia, tal como lo establece la ley.<\/p>\n<p style=\"text-align: justify;\">Confiamos en el compromiso de nuestras maestras y maestros, cuya vocaci\u00f3n y entrega han sido ejemplo en el territorio, por ello, invitamos respetuosamente a que este martes reciban a sus estudiantes en las aulas, garantizando as\u00ed la continuidad del proceso educativo que es tan valioso para nuestras ni\u00f1as, ni\u00f1os y adolescentes.<\/p>\n<p style=\"text-align: justify;\">La Secretar\u00eda de Educaci\u00f3n reconoce y valora profundamente la labor de los docentes y administrativos, y reitera que todos los esfuerzos est\u00e1n encaminados a culminar el proceso de retroactivo en el menor tiempo posible y dentro de los tiempos legales. En este prop\u00f3sito, el gobierno departamental mantiene su disposici\u00f3n permanente al di\u00e1logo y la concertaci\u00f3n, convencido de que solo a trav\u00e9s de la construcci\u00f3n conjunta es posible superar las dificultades y dar respuesta efectiva a las necesidades del sector educativo.<\/p>\n<p style=\"text-align: right;\"><strong><em>Arauca, 18 de agosto de 2025<\/em><\/strong><\/p>[\/et_pb_text][\/et_pb_column][\/et_pb_row][et_pb_row _builder_version=\u00bb4.27.4&#8243; _module_preset=\u00bbdefault\u00bb theme_builder_area=\u00bbpost_content\u00bb][et_pb_column _builder_version=\u00bb4.27.4&#8243; _module_preset=\u00bbdefault\u00bb type=\u00bb4_4&#8243; theme_builder_area=\u00bbpost_content\u00bb][et_pb_divider _builder_version=\u00bb4.27.4&#8243; _module_preset=\u00bbdefault\u00bb theme_builder_area=\u00bbpost_content\u00bb hover_enabled=\u00bb0&#8243; sticky_enabled=\u00bb0&#8243;][\/et_pb_divider][\/et_pb_column][\/et_pb_row][et_pb_row _builder_version=\u00bb4.27.4&#8243; _module_preset=\u00bbdefault\u00bb theme_builder_area=\u00bbpost_content\u00bb link_option_url=\u00bbhttps:\/\/www.sedarauca.edu.co\/wp-content\/uploads\/2025\/08\/012.-Gobierno-reitera-compromiso-con-el-magisterio.pdf\u00bb link_option_url_new_window=\u00bbon\u00bb hover_enabled=\u00bb0&#8243; sticky_enabled=\u00bb0&#8243;][et_pb_column _builder_version=\u00bb4.27.4&#8243; _module_preset=\u00bbdefault\u00bb type=\u00bb4_4&#8243; theme_builder_area=\u00bbpost_content\u00bb][et_pb_code _builder_version=\u00bb4.27.4&#8243; _module_preset=\u00bbdefault\u00bb theme_builder_area=\u00bbpost_content\u00bb hover_enabled=\u00bb0&#8243; sticky_enabled=\u00bb0&#8243; link_option_url=\u00bbhttps:\/\/www.sedarauca.edu.co\/wp-content\/uploads\/2025\/08\/012.-Gobierno-reitera-compromiso-con-el-magisterio.pdf\u00bb link_option_url_new_window=\u00bbon\u00bb]<a href=\"https:\/\/www.sedarauca.edu.co\/wp-content\/uploads\/2025\/08\/012.-Gobierno-reitera-compromiso-con-el-magisterio.pdf\" class=\"pdfemb-viewer\" style=\"\" data-width=\"max\" data-height=\"max\" data-toolbar=\"bottom\" data-toolbar-fixed=\"on\">012.-Gobierno-reitera-compromiso-con-el-magisterio<\/a>[\/et_pb_code][\/et_pb_column][\/et_pb_row][\/et_pb_section]\n","protected":false},"excerpt":{"rendered":"<p>La Secretar\u00eda de Educaci\u00f3n Departamental de Arauca rechaza de manera categ\u00f3rica las amenazas, insultos y se\u00f1alamientos de los que fue objeto el secretario de Educaci\u00f3n, Ariel Pedraza, as\u00ed como los mensajes intimidantes hacia los funcionarios encargados del proceso de n\u00f3mina. Estas acciones afectan la integridad de servidores p\u00fablicos que cumplen con su deber y generan [&hellip;]<\/p>\n","protected":false},"author":1,"featured_media":11859,"comment_status":"closed","ping_status":"closed","sticky":false,"template":"","format":"standard","meta":{"_et_pb_use_builder":"on","_et_pb_old_content":"","_et_gb_content_width":"","footnotes":""},"categories":[41,6],"tags":[],"class_list":["post-11858","post","type-post","status-publish","format-standard","has-post-thumbnail","hentry","category-comunicado","category-noticias"],"_links":{"self":[{"href":"https:\/\/www.sedarauca.edu.co\/index.php\/wp-json\/wp\/v2\/posts\/11858","targetHints":{"allow":["GET"]}}],"collection":[{"href":"https:\/\/www.sedarauca.edu.co\/index.php\/wp-json\/wp\/v2\/posts"}],"about":[{"href":"https:\/\/www.sedarauca.edu.co\/index.php\/wp-json\/wp\/v2\/types\/post"}],"author":[{"embeddable":true,"href":"https:\/\/www.sedarauca.edu.co\/index.php\/wp-json\/wp\/v2\/users\/1"}],"replies":[{"embeddable":true,"href":"https:\/\/www.sedarauca.edu.co\/index.php\/wp-json\/wp\/v2\/comments?post=11858"}],"version-history":[{"count":4,"href":"https:\/\/www.sedarauca.edu.co\/index.php\/wp-json\/wp\/v2\/posts\/11858\/revisions"}],"predecessor-version":[{"id":11865,"href":"https:\/\/www.sedarauca.edu.co\/index.php\/wp-json\/wp\/v2\/posts\/11858\/revisions\/11865"}],"wp:featuredmedia":[{"embeddable":true,"href":"https:\/\/www.sedarauca.edu.co\/index.php\/wp-json\/wp\/v2\/media\/11859"}],"wp:attachment":[{"href":"https:\/\/www.sedarauca.edu.co\/index.php\/wp-json\/wp\/v2\/media?parent=11858"}],"wp:term":[{"taxonomy":"category","embeddable":true,"href":"https:\/\/www.sedarauca.edu.co\/index.php\/wp-json\/wp\/v2\/categories?post=11858"},{"taxonomy":"post_tag","embeddable":true,"href":"https:\/\/www.sedarauca.edu.co\/index.php\/wp-json\/wp\/v2\/tags?post=11858"}],"curies":[{"name":"wp","href":"https:\/\/api.w.org\/{rel}","templated":true}]}}