{"id":11837,"date":"2025-08-19T07:49:00","date_gmt":"2025-08-19T12:49:00","guid":{"rendered":"https:\/\/www.sedarauca.edu.co\/?p=11837"},"modified":"2025-08-19T14:56:21","modified_gmt":"2025-08-19T19:56:21","slug":"la-educacion-superior-florece-en-arauca-la-uis-inicia-oficialmente-actividades-en-saravena","status":"publish","type":"post","link":"https:\/\/www.sedarauca.edu.co\/index.php\/2025\/08\/19\/la-educacion-superior-florece-en-arauca-la-uis-inicia-oficialmente-actividades-en-saravena\/","title":{"rendered":"La educaci\u00f3n superior florece en Arauca, la UIS inicia oficialmente actividades en Saravena"},"content":{"rendered":"<p>[et_pb_section fb_built=\u00bb1&#8243; theme_builder_area=\u00bbpost_content\u00bb _builder_version=\u00bb4.27.4&#8243; _module_preset=\u00bbdefault\u00bb][et_pb_row _builder_version=\u00bb4.27.4&#8243; _module_preset=\u00bbdefault\u00bb theme_builder_area=\u00bbpost_content\u00bb][et_pb_column _builder_version=\u00bb4.27.4&#8243; _module_preset=\u00bbdefault\u00bb type=\u00bb4_4&#8243; theme_builder_area=\u00bbpost_content\u00bb][et_pb_text _builder_version=\u00bb4.27.4&#8243; _module_preset=\u00bbdefault\u00bb theme_builder_area=\u00bbpost_content\u00bb hover_enabled=\u00bb0&#8243; sticky_enabled=\u00bb0&#8243; custom_margin=\u00bb-20px||||false|false\u00bb]<\/p>\n<h4 class=\"abstract aid-425300 cid-956\" style=\"text-align: center;\"><em>Gracias al compromiso del Gobierno Nacional de llevar educaci\u00f3n superior a todos los territorios del pa\u00eds, este martes 19 de agosto se realizar\u00e1 el acto inaugural de la Universidad Industrial de Santander (UIS) en Saravena.<\/em><\/h4>\n<p style=\"text-align: center;\"><em><span class=\"cf0\">En esta primera etapa, se ofrecen tres opciones acad<\/span><span class=\"cf1\">\u00e9micas con un total de 90 cupos disponibles.<\/span><\/em><\/p>\n<p>[\/et_pb_text][\/et_pb_column][\/et_pb_row][et_pb_row _builder_version=\u00bb4.27.4&#8243; _module_preset=\u00bbdefault\u00bb theme_builder_area=\u00bbpost_content\u00bb][et_pb_column _builder_version=\u00bb4.27.4&#8243; _module_preset=\u00bbdefault\u00bb type=\u00bb4_4&#8243; theme_builder_area=\u00bbpost_content\u00bb][et_pb_text _builder_version=\u00bb4.27.4&#8243; _module_preset=\u00bbdefault\u00bb theme_builder_area=\u00bbpost_content\u00bb hover_enabled=\u00bb0&#8243; sticky_enabled=\u00bb0&#8243;]<\/p>\n<p class=\"pf0\" style=\"text-align: justify;\"><span class=\"cf0\"><strong>Saravena, Arauca, 18 de agosto de 2025.<\/strong><span>\u00a0<\/span>La llegada de la UIS a Saravena es resultado del memorando de entendimiento firmado el 20 de mayo de 2025 entre el Ministerio de Educaci<\/span><span class=\"cf1\">\u00f3n, la Universidad Industrial de Santander, la Gobernaci\u00f3n de Arauca y la Alcald\u00eda de Saravena. Este esfuerzo articulado busca democratizar el acceso a la educaci\u00f3n superior p\u00fablica y de calidad, llevando oportunidades reales a la juventud de territorios hist\u00f3ricamente excluidos<\/span><\/p>\n<p style=\"text-align: justify;\"><span class=\"cf1\">En esta primera etapa, 90 estudiantes iniciar\u00e1n sus estudios en tres \u00e1reas estrat\u00e9gicamente definidas junto a la comunidad local:<\/span><\/p>\n<ul style=\"text-align: justify;\">\n<li><span class=\"cf1\">Ingenier\u00eda en Inteligencia Artificial (presencial)<\/span><\/li>\n<li><span class=\"cf1\">Zootecnia (presencial)<\/span><\/li>\n<li><span class=\"cf1\">Administraci\u00f3n Agroindustrial (a distancia, en ciclos proped\u00e9uticos con los programas T\u00e9cnica Profesional en Producci\u00f3n Agropecuaria y Tecnolog\u00eda Agroindustrial)<\/span><\/li>\n<\/ul>\n<p style=\"text-align: justify;\"><span class=\"cf1\">Cada opci\u00f3n cuenta con 30 cupos asignados. Para el primer semestre de 2026, se proyecta la apertura de cuatro programas adicionales, con una meta futura de hasta 20 programas acad\u00e9micos. Adem\u00e1s, en 2026 comenzar\u00e1n las actividades en la sede \u00abUniversidad de la Vida\u00bb, un campus modular que se construir\u00e1 en dos fases con una inversi\u00f3n superior a 25 mil millones de pesos, dise\u00f1ado para recibir a m\u00e1s de 2.000 estudiantes.<\/span><\/p>\n<p style=\"text-align: justify;\"><span class=\"cf1\">Las actividades acad\u00e9micas se llevar\u00e1n a cabo en las instalaciones del Instituto T\u00e9cnico Industrial Rafael Pombo, adecuadas especialmente para este prop\u00f3sito. Se intervinieron cinco espacios f\u00edsicos: cuatro aulas y una sala de c\u00f3mputo.<\/span><\/p>\n<p style=\"text-align: justify;\"><span class=\"cf1\">Las adecuaciones incluyeron instalaci\u00f3n de nuevos cielos rasos, renovaci\u00f3n de luminarias, canalizaciones el\u00e9ctricas y de comunicaciones, infraestructura para sistemas de aire acondicionado, implementaci\u00f3n del sistema<\/span><span>\u00a0<\/span><span class=\"cf1\">Poly<\/span><span class=\"cf1\">, una soluci\u00f3n h\u00edbrida de audio y video que permite clases remotas y aplicaci\u00f3n de pintura.<\/span><\/p>\n<p style=\"text-align: justify;\"><span class=\"cf1\">Adicionalmente, los espacios fueron dotados con mobiliario y equipos nuevos: sillas universitarias, atriles, bancos para docentes, tableros, televisores, mesas para sala de c\u00f3mputo y computadores de \u00faltima generaci\u00f3n, garantizando condiciones \u00f3ptimas para el desarrollo acad\u00e9mico.<\/span><\/p>\n<p style=\"text-align: justify;\"><span class=\"cf1\">El evento contar\u00e1 con la presencia del ministro de Educaci\u00f3n, Daniel Rojas Medell\u00edn, autoridades locales, directivos de la UIS y l\u00edderes comunitarios, quienes celebrar\u00e1n junto a los estudiantes este paso trascendental hacia una educaci\u00f3n digna y con oportunidades.<\/span><\/p>\n<p style=\"text-align: justify;\"><strong><span class=\"cf1\">Informaci\u00f3n:<\/span><\/strong><\/p>\n<ul style=\"text-align: justify;\">\n<li><span class=\"cf1\">Fecha: martes, 19 de agosto de 2025<\/span><\/li>\n<li><span class=\"cf1\">Hora: 9:00 a. m.<\/span><\/li>\n<li><span class=\"cf1\">Lugar: Auditorio I.E. T\u00e9cnico Industrial Rafael Pombo<\/span><span>\u00a0<\/span><span class=\"cf0\">&#8211; Calle 34 # 12-40, Saravena, Arauca<\/span><\/li>\n<\/ul>\n<p style=\"text-align: justify;\"><strong><span class=\"cf0\">EL ISER tambi<\/span><span class=\"cf1\">\u00e9n fortalece el ecosistema educativo superior en Saravena<\/span><\/strong><\/p>\n<p style=\"text-align: justify;\"><span class=\"cf1\">En paralelo a la llegada de la UIS, el Instituto Superior de Educaci\u00f3n Rural (ISER) avanza en su proceso de regionalizaci\u00f3n en Saravena. Actualmente ofrece los programas de Tecnolog\u00eda en Gesti\u00f3n Empresarial y Tecnolog\u00eda en Procesos Agroindustriales, ambos aprobados por el Ministerio de Educaci\u00f3n. Aunque la oferta inici\u00f3 en el primer semestre de 2025, hasta la fecha solo se ha dado apertura a la Tecnolog\u00eda en Gesti\u00f3n Empresarial, con un grupo inicial de 15 estudiantes, y para este segundo semestre se ha conformado un nuevo grupo con 20 estudiantes. Pr\u00f3ximamente se sumar\u00e1 la Tecnolog\u00eda en Gesti\u00f3n Comunitaria.<\/span><\/p>\n<p style=\"text-align: justify;\"><span class=\"cf1\">Adem\u00e1s, en articulaci\u00f3n con la estrategia nacional \u00abEducaci\u00f3n Superior en tu colegio\u00bb, promovida por el Ministerio, el ISER ha radicado los programas T\u00e9cnico Profesional en Procesos Administrativos Agropecuarios y Tecnolog\u00eda en Gesti\u00f3n de Empresas Agropecuarias, que ser\u00e1n implementados en la Instituci\u00f3n Educativa Jos\u00e9 Odel Lizarazo \u00abVILAMAGA\u00bb, donde actualmente opera su Centro Tutorial.<\/span><\/p>\n<p style=\"text-align: justify;\"><span class=\"cf1\"><br \/><em><strong>Fuente: <a href=\"https:\/\/www.mineducacion.gov.co\">https:\/\/www.mineducacion.gov.co<\/a>\u00a0<\/strong><\/em><br \/><\/span><\/p>\n<p>[\/et_pb_text][\/et_pb_column][\/et_pb_row][\/et_pb_section]<\/p>\n","protected":false},"excerpt":{"rendered":"<p>Gracias al compromiso del Gobierno Nacional de llevar educaci\u00f3n superior a todos los territorios del pa\u00eds, este martes 19 de agosto se realizar\u00e1 el acto inaugural de la Universidad Industrial de Santander (UIS) en Saravena. En esta primera etapa, se ofrecen tres opciones acad\u00e9micas con un total de 90 cupos disponibles.Saravena, Arauca, 18 de agosto [&hellip;]<\/p>\n","protected":false},"author":1,"featured_media":11838,"comment_status":"closed","ping_status":"closed","sticky":false,"template":"","format":"standard","meta":{"_et_pb_use_builder":"on","_et_pb_old_content":"","_et_gb_content_width":"","footnotes":""},"categories":[44,6],"tags":[],"class_list":["post-11837","post","type-post","status-publish","format-standard","has-post-thumbnail","hentry","category-gestion","category-noticias"],"_links":{"self":[{"href":"https:\/\/www.sedarauca.edu.co\/index.php\/wp-json\/wp\/v2\/posts\/11837","targetHints":{"allow":["GET"]}}],"collection":[{"href":"https:\/\/www.sedarauca.edu.co\/index.php\/wp-json\/wp\/v2\/posts"}],"about":[{"href":"https:\/\/www.sedarauca.edu.co\/index.php\/wp-json\/wp\/v2\/types\/post"}],"author":[{"embeddable":true,"href":"https:\/\/www.sedarauca.edu.co\/index.php\/wp-json\/wp\/v2\/users\/1"}],"replies":[{"embeddable":true,"href":"https:\/\/www.sedarauca.edu.co\/index.php\/wp-json\/wp\/v2\/comments?post=11837"}],"version-history":[{"count":4,"href":"https:\/\/www.sedarauca.edu.co\/index.php\/wp-json\/wp\/v2\/posts\/11837\/revisions"}],"predecessor-version":[{"id":11842,"href":"https:\/\/www.sedarauca.edu.co\/index.php\/wp-json\/wp\/v2\/posts\/11837\/revisions\/11842"}],"wp:featuredmedia":[{"embeddable":true,"href":"https:\/\/www.sedarauca.edu.co\/index.php\/wp-json\/wp\/v2\/media\/11838"}],"wp:attachment":[{"href":"https:\/\/www.sedarauca.edu.co\/index.php\/wp-json\/wp\/v2\/media?parent=11837"}],"wp:term":[{"taxonomy":"category","embeddable":true,"href":"https:\/\/www.sedarauca.edu.co\/index.php\/wp-json\/wp\/v2\/categories?post=11837"},{"taxonomy":"post_tag","embeddable":true,"href":"https:\/\/www.sedarauca.edu.co\/index.php\/wp-json\/wp\/v2\/tags?post=11837"}],"curies":[{"name":"wp","href":"https:\/\/api.w.org\/{rel}","templated":true}]}}