{"id":11814,"date":"2025-08-14T09:00:00","date_gmt":"2025-08-14T14:00:00","guid":{"rendered":"https:\/\/www.sedarauca.edu.co\/?p=11814"},"modified":"2025-08-19T10:04:19","modified_gmt":"2025-08-19T15:04:19","slug":"gobernador-renson-martinez-inicia-proyecto-de-3-600-millones-en-la-institucion-educativa-alejandro-humboldt-de-fortul","status":"publish","type":"post","link":"https:\/\/www.sedarauca.edu.co\/index.php\/2025\/08\/14\/gobernador-renson-martinez-inicia-proyecto-de-3-600-millones-en-la-institucion-educativa-alejandro-humboldt-de-fortul\/","title":{"rendered":"Gobernador Renson Mart\u00ednez inicia proyecto de $3.600 millones en la Instituci\u00f3n Educativa Alejandro Humboldt de Fortul"},"content":{"rendered":"<p>[et_pb_section fb_built=\u00bb1&#8243; _builder_version=\u00bb4.27.4&#8243; _module_preset=\u00bbdefault\u00bb global_colors_info=\u00bb{}\u00bb][et_pb_row _builder_version=\u00bb4.27.4&#8243; _module_preset=\u00bbdefault\u00bb global_colors_info=\u00bb{}\u00bb][et_pb_column type=\u00bb4_4&#8243; _builder_version=\u00bb4.27.4&#8243; _module_preset=\u00bbdefault\u00bb global_colors_info=\u00bb{}\u00bb][et_pb_text _builder_version=\u00bb4.27.4&#8243; _module_preset=\u00bbdefault\u00bb custom_margin=\u00bb-60px||||false|false\u00bb global_colors_info=\u00bb{}\u00bb]<\/p>\n<p style=\"text-align: center;\"><em>El inicio de esta obra responde a un compromiso adquirido por el gobernador durante su visita a la instituci\u00f3n en febrero de este a\u00f1o. Seis meses despu\u00e9s, ese anuncio empieza a materializarse.<\/em><em><\/em><\/p>\n<p>[\/et_pb_text][\/et_pb_column][\/et_pb_row][et_pb_row _builder_version=\u00bb4.27.4&#8243; _module_preset=\u00bbdefault\u00bb global_colors_info=\u00bb{}\u00bb][et_pb_column type=\u00bb4_4&#8243; _builder_version=\u00bb4.27.4&#8243; _module_preset=\u00bbdefault\u00bb global_colors_info=\u00bb{}\u00bb][et_pb_text _builder_version=\u00bb4.27.4&#8243; _module_preset=\u00bbdefault\u00bb custom_margin=\u00bb-20px||||false|false\u00bb global_colors_info=\u00bb{}\u00bb]<\/p>\n<p style=\"text-align: justify;\"><strong><em>Fortul, 14 de agosto de 2025.<\/em><\/strong> &#8211; Cumpliendo su palabra y avanzando en el fortalecimiento del sector educativo, el gobernador Renson Mart\u00ednez Prada socializ\u00f3 el contrato de obra No. 325 de 2025 para el mejoramiento y adecuaci\u00f3n de la infraestructura f\u00edsica de la Instituci\u00f3n Educativa Alejandro Humboldt, sede principal, en el municipio de Fortul. Esta intervenci\u00f3n beneficiar\u00e1 a m\u00e1s de 600 estudiantes y cuenta con una inversi\u00f3n total de $3.600 millones.<\/p>\n<p style=\"text-align: justify;\">El proyecto contempla la construcci\u00f3n de un restaurante escolar totalmente dotado con mobiliario y equipos, incluyendo cocina, barra de entrega, cuarto fr\u00edo, comedor, cafeter\u00eda y zonas comunes.<\/p>\n<p style=\"text-align: justify;\">El gobernador record\u00f3 que en febrero de este a\u00f1o visit\u00f3 la instituci\u00f3n y adquiri\u00f3 el compromiso que hoy empieza a materializarse. \u201cDesde el Gobierno Departamental hemos buscado aportar a trav\u00e9s del Programa de Alimentaci\u00f3n Escolar (PAE) y el transporte escolar, porque para que un ni\u00f1o aprenda y desarrolle sus conocimientos es necesario ofrecerle las condiciones b\u00e1sicas: una buena alimentaci\u00f3n y acceso a las herramientas que necesita\u201d.<\/p>\n<p>[\/et_pb_text][\/et_pb_column][\/et_pb_row][et_pb_row _builder_version=\u00bb4.27.4&#8243; _module_preset=\u00bbdefault\u00bb global_colors_info=\u00bb{}\u00bb][et_pb_column type=\u00bb4_4&#8243; _builder_version=\u00bb4.27.4&#8243; _module_preset=\u00bbdefault\u00bb global_colors_info=\u00bb{}\u00bb][et_pb_gallery gallery_ids=\u00bb11818,11819,11820,11821,11822,11823,11824,11825,11826,11827,11828,11829,11830,11831,11832&#8243; gallery_orderby=\u00bbrand\u00bb _builder_version=\u00bb4.27.4&#8243; _module_preset=\u00bbdefault\u00bb global_colors_info=\u00bb{}\u00bb][\/et_pb_gallery][\/et_pb_column][\/et_pb_row][et_pb_row _builder_version=\u00bb4.27.4&#8243; _module_preset=\u00bbdefault\u00bb global_colors_info=\u00bb{}\u00bb][et_pb_column type=\u00bb4_4&#8243; _builder_version=\u00bb4.27.4&#8243; _module_preset=\u00bbdefault\u00bb global_colors_info=\u00bb{}\u00bb][et_pb_text _builder_version=\u00bb4.27.4&#8243; _module_preset=\u00bbdefault\u00bb custom_margin=\u00bb-60px||||false|false\u00bb global_colors_info=\u00bb{}\u00bb]<\/p>\n<p style=\"text-align: justify;\">El alcalde de Fortul, Freddy Garc\u00eda Hern\u00e1ndez, destac\u00f3 la articulaci\u00f3n con el Gobierno Departamental y calific\u00f3 al Gobernador como \u201cun aliado y amigo que ha transformado el municipio, impuls\u00e1ndolo hacia un gran avance en pro de construir un municipio mejor\u201d.<\/p>\n<p style=\"text-align: justify;\">Con esta nueva infraestructura, que en pocos meses pas\u00f3 de ser un anuncio a estar en ejecuci\u00f3n, se incrementar\u00e1 la capacidad instalada de la instituci\u00f3n y se optimizar\u00e1n las condiciones f\u00edsicas de los entornos educativos, garantizando espacios seguros, saludables y dignos para el aprendizaje y la vida estudiantil.<\/p>\n<p style=\"text-align: justify;\">Esta no es la \u00fanica inversi\u00f3n reciente en la sede principal del Alejandro Humboldt: hace dos meses el gobernador entreg\u00f3 m\u00e1s de 500 tabletas digitales a los estudiantes, fortaleciendo su acceso a la tecnolog\u00eda y a nuevas herramientas de aprendizaje.<\/p>\n<p style=\"text-align: justify;\">Actualmente, la comunidad educativa tambi\u00e9n se beneficia de los programas departamentales de transporte y alimentaci\u00f3n escolar, como parte de una estrategia integral del Gobierno Departamental para garantizar el acceso y la permanencia en el sistema educativo.<\/p>\n<p style=\"text-align: justify;\">En las pr\u00f3ximas semanas, el gobernador continuar\u00e1 visitando otras instituciones educativas del departamento para llevar buenas noticias a estudiantes, docentes y familias, ratificando su compromiso con una mejor\u00a0educaci\u00f3n.<\/p>\n<p>[\/et_pb_text][\/et_pb_column][\/et_pb_row][et_pb_row column_structure=\u00bb1_5,3_5,1_5&#8243; _builder_version=\u00bb4.27.4&#8243; _module_preset=\u00bbdefault\u00bb global_colors_info=\u00bb{}\u00bb][et_pb_column type=\u00bb1_5&#8243; _builder_version=\u00bb4.27.4&#8243; _module_preset=\u00bbdefault\u00bb global_colors_info=\u00bb{}\u00bb][\/et_pb_column][et_pb_column type=\u00bb3_5&#8243; _builder_version=\u00bb4.27.4&#8243; _module_preset=\u00bbdefault\u00bb global_colors_info=\u00bb{}\u00bb][et_pb_video src=\u00bbhttps:\/\/youtube.com\/shorts\/K9iHWJKd_rA?feature=share\u00bb _builder_version=\u00bb4.27.4&#8243; _module_preset=\u00bbdefault\u00bb hover_enabled=\u00bb0&#8243; border_radii=\u00bbon|30px|30px|30px|30px\u00bb global_colors_info=\u00bb{}\u00bb sticky_enabled=\u00bb0&#8243;][\/et_pb_video][\/et_pb_column][et_pb_column type=\u00bb1_5&#8243; _builder_version=\u00bb4.27.4&#8243; _module_preset=\u00bbdefault\u00bb global_colors_info=\u00bb{}\u00bb][\/et_pb_column][\/et_pb_row][\/et_pb_section]<\/p>\n","protected":false},"excerpt":{"rendered":"<p>El inicio de esta obra responde a un compromiso adquirido por el gobernador durante su visita a la instituci\u00f3n en febrero de este a\u00f1o. Seis meses despu\u00e9s, ese anuncio empieza a materializarse.Fortul, 14 de agosto de 2025. &#8211; Cumpliendo su palabra y avanzando en el fortalecimiento del sector educativo, el gobernador Renson Mart\u00ednez Prada socializ\u00f3 [&hellip;]<\/p>\n","protected":false},"author":1,"featured_media":11815,"comment_status":"closed","ping_status":"closed","sticky":false,"template":"","format":"standard","meta":{"_et_pb_use_builder":"on","_et_pb_old_content":"","_et_gb_content_width":"","footnotes":""},"categories":[44,6],"tags":[],"class_list":["post-11814","post","type-post","status-publish","format-standard","has-post-thumbnail","hentry","category-gestion","category-noticias"],"_links":{"self":[{"href":"https:\/\/www.sedarauca.edu.co\/index.php\/wp-json\/wp\/v2\/posts\/11814","targetHints":{"allow":["GET"]}}],"collection":[{"href":"https:\/\/www.sedarauca.edu.co\/index.php\/wp-json\/wp\/v2\/posts"}],"about":[{"href":"https:\/\/www.sedarauca.edu.co\/index.php\/wp-json\/wp\/v2\/types\/post"}],"author":[{"embeddable":true,"href":"https:\/\/www.sedarauca.edu.co\/index.php\/wp-json\/wp\/v2\/users\/1"}],"replies":[{"embeddable":true,"href":"https:\/\/www.sedarauca.edu.co\/index.php\/wp-json\/wp\/v2\/comments?post=11814"}],"version-history":[{"count":5,"href":"https:\/\/www.sedarauca.edu.co\/index.php\/wp-json\/wp\/v2\/posts\/11814\/revisions"}],"predecessor-version":[{"id":11836,"href":"https:\/\/www.sedarauca.edu.co\/index.php\/wp-json\/wp\/v2\/posts\/11814\/revisions\/11836"}],"wp:featuredmedia":[{"embeddable":true,"href":"https:\/\/www.sedarauca.edu.co\/index.php\/wp-json\/wp\/v2\/media\/11815"}],"wp:attachment":[{"href":"https:\/\/www.sedarauca.edu.co\/index.php\/wp-json\/wp\/v2\/media?parent=11814"}],"wp:term":[{"taxonomy":"category","embeddable":true,"href":"https:\/\/www.sedarauca.edu.co\/index.php\/wp-json\/wp\/v2\/categories?post=11814"},{"taxonomy":"post_tag","embeddable":true,"href":"https:\/\/www.sedarauca.edu.co\/index.php\/wp-json\/wp\/v2\/tags?post=11814"}],"curies":[{"name":"wp","href":"https:\/\/api.w.org\/{rel}","templated":true}]}}