{"id":11790,"date":"2025-08-05T18:28:00","date_gmt":"2025-08-05T23:28:00","guid":{"rendered":"https:\/\/www.sedarauca.edu.co\/?p=11790"},"modified":"2025-08-12T18:32:40","modified_gmt":"2025-08-12T23:32:40","slug":"mas-de-18-000-millones-anuncio-el-gobernador-de-arauca-para-garantizar-la-continuidad-del-programa-de-alimentacion-escolar-en-el-departamento","status":"publish","type":"post","link":"https:\/\/www.sedarauca.edu.co\/index.php\/2025\/08\/05\/mas-de-18-000-millones-anuncio-el-gobernador-de-arauca-para-garantizar-la-continuidad-del-programa-de-alimentacion-escolar-en-el-departamento\/","title":{"rendered":"M\u00e1s de $18.000 millones anunci\u00f3 el gobernador de Arauca para garantizar la continuidad del Programa de Alimentaci\u00f3n Escolar en el Departamento"},"content":{"rendered":"<p>[et_pb_section fb_built=\u00bb1&#8243; theme_builder_area=\u00bbpost_content\u00bb _builder_version=\u00bb4.27.4&#8243; _module_preset=\u00bbdefault\u00bb][et_pb_row _builder_version=\u00bb4.27.4&#8243; _module_preset=\u00bbdefault\u00bb theme_builder_area=\u00bbpost_content\u00bb][et_pb_column _builder_version=\u00bb4.27.4&#8243; _module_preset=\u00bbdefault\u00bb type=\u00bb4_4&#8243; theme_builder_area=\u00bbpost_content\u00bb][et_pb_text _builder_version=\u00bb4.27.4&#8243; _module_preset=\u00bbdefault\u00bb theme_builder_area=\u00bbpost_content\u00bb custom_margin=\u00bb-30px||||false|false\u00bb hover_enabled=\u00bb0&#8243; sticky_enabled=\u00bb0&#8243;]<\/p>\n<p style=\"text-align: center;\"><em>33.500 estudiantes seguir\u00e1n recibiendo su complemento alimentario en su jornada escolar.<\/em><\/p>\n<p>[\/et_pb_text][\/et_pb_column][\/et_pb_row][et_pb_row _builder_version=\u00bb4.27.4&#8243; _module_preset=\u00bbdefault\u00bb theme_builder_area=\u00bbpost_content\u00bb][et_pb_column _builder_version=\u00bb4.27.4&#8243; _module_preset=\u00bbdefault\u00bb type=\u00bb4_4&#8243; theme_builder_area=\u00bbpost_content\u00bb][et_pb_text _builder_version=\u00bb4.27.4&#8243; _module_preset=\u00bbdefault\u00bb theme_builder_area=\u00bbpost_content\u00bb custom_margin=\u00bb-20px||||false|false\u00bb hover_enabled=\u00bb0&#8243; sticky_enabled=\u00bb0&#8243;]<\/p>\n<p style=\"text-align: justify;\"><strong><em>Arauca, 5 de agosto de 2025.<\/em><\/strong> La Gobernaci\u00f3n de Arauca, bajo el liderazgo del gobernador Renson Mart\u00ednez Prada, se complace en anunciar una inversi\u00f3n superior a los 18 mil 200 millones de pesos para garantizar la continuidad del Programa de Alimentaci\u00f3n Escolar (PAE) durante el resto de la vigencia de 2025. Esta inversi\u00f3n permitir\u00e1 cubrir los d\u00edas del calendario escolar de manera ininterrumpida y beneficiar\u00e1 a m\u00e1s de 33.514 estudiantes de los 7 municipios del Departamento.<\/p>\n<p style=\"text-align: justify;\">La inversi\u00f3n se compone de m\u00e1s de 11.500 millones de pesos provenientes del Sistema General de Regal\u00edas (SGR) y m\u00e1s de 6.700 millones de pesos cofinanciados por la Unidad de Alimentos Para Aprender (UAPA), ente rector del PAE adscrito al Ministerio de Educaci\u00f3n Nacional. Gracias a la gesti\u00f3n oportuna del gobernador, se lograr\u00e1 mantener el programa de manera ininterrumpida, garantizando el servicio a los estudiantes de la poblaci\u00f3n mayoritaria.<\/p>\n<p style=\"text-align: justify;\">Actualmente, el PAE tiene una cobertura del 100% de la matr\u00edcula en zona rural y del 75% en zona urbana en los 7 municipios, demostrando el compromiso del Gobierno departamental con la educaci\u00f3n y el avance progresivo hacia la cobertura universal que promueve el Gobierno nacional. El PAE en el departamento de Arauca ofrece complementos alimentarios tipo almuerzo para estudiantes de jornada \u00fanica y del \u00e1rea rural, complementos alimentarios en la jornada ma\u00f1ana y tarde para estudiantes del \u00e1rea urbana, y 5 tiempos de alimentaci\u00f3n diarios de lunes a domingo para estudiantes de residencias escolares (internos).<\/p>\n<p style=\"text-align: justify;\">Es importante destacar que el Gobierno Departamental ya tiene garantizado el PAE para los 2.790 estudiantes de poblaci\u00f3n ind\u00edgena en el departamento, reafirmando su compromiso con la inclusi\u00f3n y la atenci\u00f3n a las comunidades m\u00e1s vulnerables.<\/p>\n<p style=\"text-align: justify;\">\u00abMe siento satisfecho de anunciar esta gran inversi\u00f3n que garantizar\u00e1 la continuidad del PAE en nuestro departamento. Nuestro compromiso es garantizar que todos los estudiantes de Arauca tengan acceso a una alimentaci\u00f3n saludable y de calidad, lo que contribuir\u00e1 a su permanencia en el sistema educativo y mejorar\u00e1 su rendimiento acad\u00e9mico\u00bb, expres\u00f3 el gobernador Renson\u00a0Mart\u00ednez\u00a0Prada.<\/p>\n<p>[\/et_pb_text][\/et_pb_column][\/et_pb_row][\/et_pb_section]<\/p>\n","protected":false},"excerpt":{"rendered":"<p>33.500 estudiantes seguir\u00e1n recibiendo su complemento alimentario en su jornada escolar.Arauca, 5 de agosto de 2025. La Gobernaci\u00f3n de Arauca, bajo el liderazgo del gobernador Renson Mart\u00ednez Prada, se complace en anunciar una inversi\u00f3n superior a los 18 mil 200 millones de pesos para garantizar la continuidad del Programa de Alimentaci\u00f3n Escolar (PAE) durante el [&hellip;]<\/p>\n","protected":false},"author":1,"featured_media":11791,"comment_status":"closed","ping_status":"closed","sticky":false,"template":"","format":"standard","meta":{"_et_pb_use_builder":"on","_et_pb_old_content":"","_et_gb_content_width":"","footnotes":""},"categories":[21,44,6],"tags":[],"class_list":["post-11790","post","type-post","status-publish","format-standard","has-post-thumbnail","hentry","category-boletin","category-gestion","category-noticias"],"_links":{"self":[{"href":"https:\/\/www.sedarauca.edu.co\/index.php\/wp-json\/wp\/v2\/posts\/11790","targetHints":{"allow":["GET"]}}],"collection":[{"href":"https:\/\/www.sedarauca.edu.co\/index.php\/wp-json\/wp\/v2\/posts"}],"about":[{"href":"https:\/\/www.sedarauca.edu.co\/index.php\/wp-json\/wp\/v2\/types\/post"}],"author":[{"embeddable":true,"href":"https:\/\/www.sedarauca.edu.co\/index.php\/wp-json\/wp\/v2\/users\/1"}],"replies":[{"embeddable":true,"href":"https:\/\/www.sedarauca.edu.co\/index.php\/wp-json\/wp\/v2\/comments?post=11790"}],"version-history":[{"count":3,"href":"https:\/\/www.sedarauca.edu.co\/index.php\/wp-json\/wp\/v2\/posts\/11790\/revisions"}],"predecessor-version":[{"id":11794,"href":"https:\/\/www.sedarauca.edu.co\/index.php\/wp-json\/wp\/v2\/posts\/11790\/revisions\/11794"}],"wp:featuredmedia":[{"embeddable":true,"href":"https:\/\/www.sedarauca.edu.co\/index.php\/wp-json\/wp\/v2\/media\/11791"}],"wp:attachment":[{"href":"https:\/\/www.sedarauca.edu.co\/index.php\/wp-json\/wp\/v2\/media?parent=11790"}],"wp:term":[{"taxonomy":"category","embeddable":true,"href":"https:\/\/www.sedarauca.edu.co\/index.php\/wp-json\/wp\/v2\/categories?post=11790"},{"taxonomy":"post_tag","embeddable":true,"href":"https:\/\/www.sedarauca.edu.co\/index.php\/wp-json\/wp\/v2\/tags?post=11790"}],"curies":[{"name":"wp","href":"https:\/\/api.w.org\/{rel}","templated":true}]}}