{"id":11679,"date":"2025-07-18T17:50:00","date_gmt":"2025-07-18T22:50:00","guid":{"rendered":"https:\/\/www.sedarauca.edu.co\/?p=11679"},"modified":"2025-08-03T18:00:45","modified_gmt":"2025-08-03T23:00:45","slug":"60-mil-millones-de-pesos-gestiono-el-gobernador-renson-martinez-para-garantizar-el-transporte-escolar-rural","status":"publish","type":"post","link":"https:\/\/www.sedarauca.edu.co\/index.php\/2025\/07\/18\/60-mil-millones-de-pesos-gestiono-el-gobernador-renson-martinez-para-garantizar-el-transporte-escolar-rural\/","title":{"rendered":"60 mil millones de pesos gestion\u00f3 el gobernador Renson Mart\u00ednez para garantizar el transporte escolar rural"},"content":{"rendered":"<p>[et_pb_section fb_built=\u00bb1&#8243; theme_builder_area=\u00bbpost_content\u00bb _builder_version=\u00bb4.27.4&#8243; _module_preset=\u00bbdefault\u00bb][et_pb_row _builder_version=\u00bb4.27.4&#8243; _module_preset=\u00bbdefault\u00bb theme_builder_area=\u00bbpost_content\u00bb][et_pb_column _builder_version=\u00bb4.27.4&#8243; _module_preset=\u00bbdefault\u00bb type=\u00bb4_4&#8243; theme_builder_area=\u00bbpost_content\u00bb][et_pb_text _builder_version=\u00bb4.27.4&#8243; _module_preset=\u00bbdefault\u00bb theme_builder_area=\u00bbpost_content\u00bb custom_margin=\u00bb-30px||||false|false\u00bb hover_enabled=\u00bb0&#8243; sticky_enabled=\u00bb0&#8243;]<\/p>\n<p style=\"text-align: center;\"><em>Este importante avance refleja la prioridad que el Gobierno Departamental le da a la educaci\u00f3n como pilar para el desarrollo del territorio.<\/em><\/p>\n<p>[\/et_pb_text][\/et_pb_column][\/et_pb_row][et_pb_row _builder_version=\u00bb4.27.4&#8243; _module_preset=\u00bbdefault\u00bb theme_builder_area=\u00bbpost_content\u00bb][et_pb_column _builder_version=\u00bb4.27.4&#8243; _module_preset=\u00bbdefault\u00bb type=\u00bb4_4&#8243; theme_builder_area=\u00bbpost_content\u00bb][et_pb_text _builder_version=\u00bb4.27.4&#8243; _module_preset=\u00bbdefault\u00bb theme_builder_area=\u00bbpost_content\u00bb hover_enabled=\u00bb0&#8243; sticky_enabled=\u00bb0&#8243;]<\/p>\n<p style=\"text-align: justify;\"><strong>Arauca, 18 de julio de 2025<\/strong>. Gracias al compromiso decidido del gobernador Renson Mart\u00ednez Prada con la educaci\u00f3n, el departamento de Arauca logr\u00f3 la aprobaci\u00f3n de $60.003.239.178 ante el OCAD Regional Llanos, destinados a asegurar la continuidad del servicio de transporte escolar para estudiantes de zonas rurales.<\/p>\n<p style=\"text-align: justify;\">Los recursos ser\u00e1n ejecutados a trav\u00e9s de la Secretar\u00eda de Educaci\u00f3n Departamental y permitir\u00e1n beneficiar a 9.889 estudiantes de 54 establecimientos educativos oficiales, mediante la operaci\u00f3n de 272 rutas escolares (250 terrestres y 22 fluviales), garantizando el traslado desde las zonas m\u00e1s apartadas hasta las sedes educativas.<\/p>\n<p>[\/et_pb_text][\/et_pb_column][\/et_pb_row][et_pb_row _builder_version=\u00bb4.27.4&#8243; _module_preset=\u00bbdefault\u00bb column_structure=\u00bb1_5,3_5,1_5&#8243; theme_builder_area=\u00bbpost_content\u00bb][et_pb_column _builder_version=\u00bb4.27.4&#8243; _module_preset=\u00bbdefault\u00bb type=\u00bb1_5&#8243; theme_builder_area=\u00bbpost_content\u00bb][\/et_pb_column][et_pb_column _builder_version=\u00bb4.27.4&#8243; _module_preset=\u00bbdefault\u00bb type=\u00bb3_5&#8243; theme_builder_area=\u00bbpost_content\u00bb][et_pb_image src=\u00bbhttps:\/\/www.sedarauca.edu.co\/wp-content\/uploads\/2025\/08\/Transporte-escolar-rural.jpg\u00bb _builder_version=\u00bb4.27.4&#8243; _module_preset=\u00bbdefault\u00bb theme_builder_area=\u00bbpost_content\u00bb title_text=\u00bbTransporte escolar rural\u00bb hover_enabled=\u00bb0&#8243; sticky_enabled=\u00bb0&#8243;][\/et_pb_image][\/et_pb_column][et_pb_column _builder_version=\u00bb4.27.4&#8243; _module_preset=\u00bbdefault\u00bb type=\u00bb1_5&#8243; theme_builder_area=\u00bbpost_content\u00bb][\/et_pb_column][\/et_pb_row][et_pb_row _builder_version=\u00bb4.27.4&#8243; _module_preset=\u00bbdefault\u00bb theme_builder_area=\u00bbpost_content\u00bb][et_pb_column _builder_version=\u00bb4.27.4&#8243; _module_preset=\u00bbdefault\u00bb type=\u00bb4_4&#8243; theme_builder_area=\u00bbpost_content\u00bb][et_pb_text _builder_version=\u00bb4.27.4&#8243; _module_preset=\u00bbdefault\u00bb theme_builder_area=\u00bbpost_content\u00bb hover_enabled=\u00bb0&#8243; sticky_enabled=\u00bb0&#8243;]<\/p>\n<p style=\"text-align: justify;\">El servicio cubrir\u00e1 162 d\u00edas del calendario escolar, lo que representa un impacto directo en la permanencia de la poblaci\u00f3n estudiantil m\u00e1s vulnerable. Adem\u00e1s, la ejecuci\u00f3n del proyecto contempla la atenci\u00f3n del calendario escolar 2025 \u2014una vez finalice el contrato vigente (236 de 2024)\u2014 y primer semestre del calendario acad\u00e9mico 2026.<\/p>\n<p style=\"text-align: justify;\">El gobernador Renson Mart\u00ednez Prada agradeci\u00f3 el respaldo de los alcaldes de Tame Miguel \u00c1ngel Bastos y Puerto Rond\u00f3n Arley Gallardo, cuyos votos, como delegados del departamento ante el OCAD Regional Llanos para este 2025, fueron clave en la aprobaci\u00f3n de los recursos. \u201cGracias a los alcaldes de Tame y Puerto Rond\u00f3n aprobamos 60 mil millones para el transporte escolar de 9.889 ni\u00f1os en el departamento\u201d, destac\u00f3 el mandatario.<\/p>\n<p>[\/et_pb_text][\/et_pb_column][\/et_pb_row][et_pb_row _builder_version=\u00bb4.27.4&#8243; _module_preset=\u00bbdefault\u00bb column_structure=\u00bb1_5,3_5,1_5&#8243; theme_builder_area=\u00bbpost_content\u00bb][et_pb_column _builder_version=\u00bb4.27.4&#8243; _module_preset=\u00bbdefault\u00bb type=\u00bb1_5&#8243; theme_builder_area=\u00bbpost_content\u00bb][\/et_pb_column][et_pb_column _builder_version=\u00bb4.27.4&#8243; _module_preset=\u00bbdefault\u00bb type=\u00bb3_5&#8243; theme_builder_area=\u00bbpost_content\u00bb][et_pb_image src=\u00bbhttps:\/\/www.sedarauca.edu.co\/wp-content\/uploads\/2025\/08\/Transporte-escolar-rural-1-1.jpg\u00bb _builder_version=\u00bb4.27.4&#8243; _module_preset=\u00bbdefault\u00bb theme_builder_area=\u00bbpost_content\u00bb title_text=\u00bbTransporte escolar rural-\u00bb hover_enabled=\u00bb0&#8243; sticky_enabled=\u00bb0&#8243;][\/et_pb_image][\/et_pb_column][et_pb_column _builder_version=\u00bb4.27.4&#8243; _module_preset=\u00bbdefault\u00bb type=\u00bb1_5&#8243; theme_builder_area=\u00bbpost_content\u00bb][\/et_pb_column][\/et_pb_row][et_pb_row _builder_version=\u00bb4.27.4&#8243; _module_preset=\u00bbdefault\u00bb theme_builder_area=\u00bbpost_content\u00bb][et_pb_column _builder_version=\u00bb4.27.4&#8243; _module_preset=\u00bbdefault\u00bb type=\u00bb4_4&#8243; theme_builder_area=\u00bbpost_content\u00bb][et_pb_text _builder_version=\u00bb4.27.4&#8243; _module_preset=\u00bbdefault\u00bb theme_builder_area=\u00bbpost_content\u00bb hover_enabled=\u00bb0&#8243; sticky_enabled=\u00bb0&#8243;]<\/p>\n<p style=\"text-align: justify;\">La decisi\u00f3n fue adoptada en la sesi\u00f3n n\u00famero 29 del OCAD Regional Llanos, espacio en el que cada voto es decisivo para la destinaci\u00f3n de los recursos del Sistema General de Regal\u00edas. Este \u00f3rgano est\u00e1 integrado por los gobernadores de Meta, Guain\u00eda, Guaviare, Vaup\u00e9s, Casanare, Arauca y Vichada, as\u00ed como por dos alcaldes por cada uno de estos departamentos.<\/p>\n<p style=\"text-align: justify;\">Con esta gesti\u00f3n, el Gobierno Departamental reafirma su compromiso con el derecho a la educaci\u00f3n y su apuesta por cerrar brechas en el acceso en las zonas rurales, asegurando condiciones dignas y continuas para el trayecto educativo de ni\u00f1as, ni\u00f1os y adolescentes en todo el territorio araucano.<\/p>\n<p>[\/et_pb_text][\/et_pb_column][\/et_pb_row][\/et_pb_section]<\/p>\n","protected":false},"excerpt":{"rendered":"<p>Este importante avance refleja la prioridad que el Gobierno Departamental le da a la educaci\u00f3n como pilar para el desarrollo del territorio.Arauca, 18 de julio de 2025. Gracias al compromiso decidido del gobernador Renson Mart\u00ednez Prada con la educaci\u00f3n, el departamento de Arauca logr\u00f3 la aprobaci\u00f3n de $60.003.239.178 ante el OCAD Regional Llanos, destinados a [&hellip;]<\/p>\n","protected":false},"author":1,"featured_media":11680,"comment_status":"closed","ping_status":"closed","sticky":false,"template":"","format":"standard","meta":{"_et_pb_use_builder":"on","_et_pb_old_content":"","_et_gb_content_width":"","footnotes":""},"categories":[44,6],"tags":[],"class_list":["post-11679","post","type-post","status-publish","format-standard","has-post-thumbnail","hentry","category-gestion","category-noticias"],"_links":{"self":[{"href":"https:\/\/www.sedarauca.edu.co\/index.php\/wp-json\/wp\/v2\/posts\/11679","targetHints":{"allow":["GET"]}}],"collection":[{"href":"https:\/\/www.sedarauca.edu.co\/index.php\/wp-json\/wp\/v2\/posts"}],"about":[{"href":"https:\/\/www.sedarauca.edu.co\/index.php\/wp-json\/wp\/v2\/types\/post"}],"author":[{"embeddable":true,"href":"https:\/\/www.sedarauca.edu.co\/index.php\/wp-json\/wp\/v2\/users\/1"}],"replies":[{"embeddable":true,"href":"https:\/\/www.sedarauca.edu.co\/index.php\/wp-json\/wp\/v2\/comments?post=11679"}],"version-history":[{"count":3,"href":"https:\/\/www.sedarauca.edu.co\/index.php\/wp-json\/wp\/v2\/posts\/11679\/revisions"}],"predecessor-version":[{"id":11686,"href":"https:\/\/www.sedarauca.edu.co\/index.php\/wp-json\/wp\/v2\/posts\/11679\/revisions\/11686"}],"wp:featuredmedia":[{"embeddable":true,"href":"https:\/\/www.sedarauca.edu.co\/index.php\/wp-json\/wp\/v2\/media\/11680"}],"wp:attachment":[{"href":"https:\/\/www.sedarauca.edu.co\/index.php\/wp-json\/wp\/v2\/media?parent=11679"}],"wp:term":[{"taxonomy":"category","embeddable":true,"href":"https:\/\/www.sedarauca.edu.co\/index.php\/wp-json\/wp\/v2\/categories?post=11679"},{"taxonomy":"post_tag","embeddable":true,"href":"https:\/\/www.sedarauca.edu.co\/index.php\/wp-json\/wp\/v2\/tags?post=11679"}],"curies":[{"name":"wp","href":"https:\/\/api.w.org\/{rel}","templated":true}]}}