{"id":11656,"date":"2025-07-17T17:42:00","date_gmt":"2025-07-17T22:42:00","guid":{"rendered":"https:\/\/www.sedarauca.edu.co\/?p=11656"},"modified":"2025-08-03T17:50:09","modified_gmt":"2025-08-03T22:50:09","slug":"puerto-rondon-y-cravo-norte-cerraron-el-recorrido-del-gobernador-con-el-programa-arauca-aprende-mejor","status":"publish","type":"post","link":"https:\/\/www.sedarauca.edu.co\/index.php\/2025\/07\/17\/puerto-rondon-y-cravo-norte-cerraron-el-recorrido-del-gobernador-con-el-programa-arauca-aprende-mejor\/","title":{"rendered":"Puerto Rond\u00f3n y Cravo Norte cerraron el recorrido del gobernador con el programa Arauca Aprende Mejor"},"content":{"rendered":"\n[et_pb_section fb_built=\u00bb1&#8243; theme_builder_area=\u00bbpost_content\u00bb _builder_version=\u00bb4.27.4&#8243; _module_preset=\u00bbdefault\u00bb][et_pb_row _builder_version=\u00bb4.27.4&#8243; _module_preset=\u00bbdefault\u00bb theme_builder_area=\u00bbpost_content\u00bb][et_pb_column _builder_version=\u00bb4.27.4&#8243; _module_preset=\u00bbdefault\u00bb type=\u00bb4_4&#8243; theme_builder_area=\u00bbpost_content\u00bb][et_pb_text _builder_version=\u00bb4.27.4&#8243; _module_preset=\u00bbdefault\u00bb theme_builder_area=\u00bbpost_content\u00bb hover_enabled=\u00bb0&#8243; sticky_enabled=\u00bb0&#8243;]<p style=\"text-align: justify;\"><strong>Arauca, 16 de julio de 2025<\/strong>. Con el municipio de Puerto Rond\u00f3n como \u00faltimo destino, el gobernador Renson Mart\u00ednez Prada concluy\u00f3 el recorrido departamental del programa Arauca Aprende Mejor, una estrategia que busca transformar las aulas de clase con tecnolog\u00eda y contenidos pedag\u00f3gicos dise\u00f1ados para fortalecer los procesos de ense\u00f1anza y aprendizaje.<\/p>\n<p style=\"text-align: justify;\">En Puerto Rond\u00f3n, se entregaron 150 tabletas a estudiantes de los grados 8\u00b0, 9\u00b0 y 10\u00b0 de la Instituci\u00f3n Educativa La Inmaculada. Durante su intervenci\u00f3n, el gobernador reafirm\u00f3 su compromiso con una educaci\u00f3n que brinde oportunidades reales a los j\u00f3venes del territorio:<br \/>\u201cVale la pena todo el esfuerzo. La transformaci\u00f3n del territorio solo es posible con el compromiso de todos, especialmente de nuestros ni\u00f1os y j\u00f3venes, quienes son el presente y el futuro\u201d, expres\u00f3.<\/p>\n<p style=\"text-align: justify;\">El mandatario tambi\u00e9n hizo un llamado a crecer con principios y valores: \u201cLos invito a que sean buenas personas, porque eso ser\u00e1 suficiente para construir una mejor sociedad. Nunca, a pesar de las dificultades, consideren, justifiquen o piensen en pertenecer a un grupo armado. Por eso estamos aqu\u00ed, para que aporten a la sociedad. Como gobernador, sigo comprometido en dar lo mejor para que Arauca sea mejor\u201d.<\/p>[\/et_pb_text][\/et_pb_column][\/et_pb_row][et_pb_row _builder_version=\u00bb4.27.4&#8243; _module_preset=\u00bbdefault\u00bb theme_builder_area=\u00bbpost_content\u00bb][et_pb_column _builder_version=\u00bb4.27.4&#8243; _module_preset=\u00bbdefault\u00bb type=\u00bb4_4&#8243; theme_builder_area=\u00bbpost_content\u00bb][et_pb_gallery _builder_version=\u00bb4.27.4&#8243; _module_preset=\u00bbdefault\u00bb theme_builder_area=\u00bbpost_content\u00bb gallery_ids=\u00bb11666,11667,11668,11669,11670,11671,11672,11673,11674,11675&#8243; gallery_orderby=\u00bbrand\u00bb hover_enabled=\u00bb0&#8243; sticky_enabled=\u00bb0&#8243;][\/et_pb_gallery][\/et_pb_column][\/et_pb_row][et_pb_row _builder_version=\u00bb4.27.4&#8243; _module_preset=\u00bbdefault\u00bb theme_builder_area=\u00bbpost_content\u00bb][et_pb_column _builder_version=\u00bb4.27.4&#8243; _module_preset=\u00bbdefault\u00bb type=\u00bb4_4&#8243; theme_builder_area=\u00bbpost_content\u00bb][et_pb_text _builder_version=\u00bb4.27.4&#8243; _module_preset=\u00bbdefault\u00bb theme_builder_area=\u00bbpost_content\u00bb custom_margin=\u00bb-60px||||false|false\u00bb hover_enabled=\u00bb0&#8243; sticky_enabled=\u00bb0&#8243;]<p style=\"text-align: justify;\">Antes, en el municipio de Cravo Norte, el gobernador entreg\u00f3 161 tabletas a estudiantes de los grados 8\u00b0, 9\u00b0 y 10\u00b0 de la Instituci\u00f3n Educativa Jos\u00e9 Antonio Gal\u00e1n. All\u00ed, hizo un llamado directo a los j\u00f3venes para que aprovechen al m\u00e1ximo esta herramienta tecnol\u00f3gica como un apoyo para alcanzar sus metas educativas.<\/p>\n<p style=\"text-align: justify;\">\u201cUstedes son los primeros responsables de su proceso de aprendizaje. Si se concientizan y dan lo mejor de s\u00ed, podr\u00e1n acceder m\u00e1s f\u00e1cilmente al SENA, a una universidad y as\u00ed transformar su futuro\u201d, se\u00f1al\u00f3.<\/p>\n<p style=\"text-align: justify;\">El mandatario departamental tambi\u00e9n comparti\u00f3 una reflexi\u00f3n sobre los desaf\u00edos educativos de Cravo Norte, donde el promedio en las pruebas Saber es de 239 puntos, por debajo del promedio departamental de 256. Ante este panorama, insisti\u00f3 en la necesidad de asumir con responsabilidad el compromiso con la educaci\u00f3n desde los primeros a\u00f1os escolares.<\/p>\n<p style=\"text-align: justify;\">Finalmente, Mart\u00ednez anunci\u00f3 que, aunque la educaci\u00f3n superior no es una competencia directa del Gobierno Departamental, ya se trabaja en la llegada de nuevas universidades al territorio y en el fortalecimiento de las existentes. \u201cOnce a\u00f1os de esfuerzo en la educaci\u00f3n b\u00e1sica y media solo tendr\u00e1n sentido si existen oportunidades reales para continuar estudiando\u201d, puntualiz\u00f3.<\/p>\n<p style=\"text-align: justify;\">Con estos encuentros en Cravo Norte y Puerto Rond\u00f3n, la Gobernaci\u00f3n de Arauca completa su recorrido por los siete municipios, reafirmando su prop\u00f3sito de fortalecer la calidad educativa, reducir las brechas tecnol\u00f3gicas y preparar a las nuevas generaciones para los retos del presente y del futuro.<\/p>\n<p style=\"text-align: justify;\">Tras la entrega de las tabletas, contin\u00faa la etapa de apropiaci\u00f3n, que consiste en capacitar a los docentes en el uso de la plataforma tecnol\u00f3gica integrada a los dispositivos. Esta formaci\u00f3n les permitir\u00e1 utilizar de manera efectiva los contenidos pedag\u00f3gicos en las \u00e1reas b\u00e1sicas del saber, con el prop\u00f3sito de enriquecer los procesos de ense\u00f1anza, innovar en el aula y mejorar el desempe\u00f1o acad\u00e9mico de los estudiantes en todo el departamento.<\/p>[\/et_pb_text][\/et_pb_column][\/et_pb_row][\/et_pb_section]\n","protected":false},"excerpt":{"rendered":"<p>Arauca, 16 de julio de 2025. Con el municipio de Puerto Rond\u00f3n como \u00faltimo destino, el gobernador Renson Mart\u00ednez Prada concluy\u00f3 el recorrido departamental del programa Arauca Aprende Mejor, una estrategia que busca transformar las aulas de clase con tecnolog\u00eda y contenidos pedag\u00f3gicos dise\u00f1ados para fortalecer los procesos de ense\u00f1anza y aprendizaje. En Puerto Rond\u00f3n, [&hellip;]<\/p>\n","protected":false},"author":1,"featured_media":11657,"comment_status":"closed","ping_status":"closed","sticky":false,"template":"","format":"standard","meta":{"_et_pb_use_builder":"on","_et_pb_old_content":"","_et_gb_content_width":"","footnotes":""},"categories":[44,6],"tags":[],"class_list":["post-11656","post","type-post","status-publish","format-standard","has-post-thumbnail","hentry","category-gestion","category-noticias"],"_links":{"self":[{"href":"https:\/\/www.sedarauca.edu.co\/index.php\/wp-json\/wp\/v2\/posts\/11656","targetHints":{"allow":["GET"]}}],"collection":[{"href":"https:\/\/www.sedarauca.edu.co\/index.php\/wp-json\/wp\/v2\/posts"}],"about":[{"href":"https:\/\/www.sedarauca.edu.co\/index.php\/wp-json\/wp\/v2\/types\/post"}],"author":[{"embeddable":true,"href":"https:\/\/www.sedarauca.edu.co\/index.php\/wp-json\/wp\/v2\/users\/1"}],"replies":[{"embeddable":true,"href":"https:\/\/www.sedarauca.edu.co\/index.php\/wp-json\/wp\/v2\/comments?post=11656"}],"version-history":[{"count":4,"href":"https:\/\/www.sedarauca.edu.co\/index.php\/wp-json\/wp\/v2\/posts\/11656\/revisions"}],"predecessor-version":[{"id":11678,"href":"https:\/\/www.sedarauca.edu.co\/index.php\/wp-json\/wp\/v2\/posts\/11656\/revisions\/11678"}],"wp:featuredmedia":[{"embeddable":true,"href":"https:\/\/www.sedarauca.edu.co\/index.php\/wp-json\/wp\/v2\/media\/11657"}],"wp:attachment":[{"href":"https:\/\/www.sedarauca.edu.co\/index.php\/wp-json\/wp\/v2\/media?parent=11656"}],"wp:term":[{"taxonomy":"category","embeddable":true,"href":"https:\/\/www.sedarauca.edu.co\/index.php\/wp-json\/wp\/v2\/categories?post=11656"},{"taxonomy":"post_tag","embeddable":true,"href":"https:\/\/www.sedarauca.edu.co\/index.php\/wp-json\/wp\/v2\/tags?post=11656"}],"curies":[{"name":"wp","href":"https:\/\/api.w.org\/{rel}","templated":true}]}}