{"id":11591,"date":"2025-07-16T11:02:00","date_gmt":"2025-07-16T16:02:00","guid":{"rendered":"https:\/\/www.sedarauca.edu.co\/?p=11591"},"modified":"2025-07-16T17:08:46","modified_gmt":"2025-07-16T22:08:46","slug":"gobierno-departamental-avanza-en-entrega-de-calzado-y-vestido-labor-para-docentes","status":"publish","type":"post","link":"https:\/\/www.sedarauca.edu.co\/index.php\/2025\/07\/16\/gobierno-departamental-avanza-en-entrega-de-calzado-y-vestido-labor-para-docentes\/","title":{"rendered":"Gobierno Departamental avanza en entrega de calzado y vestido labor para docentes"},"content":{"rendered":"<p>[et_pb_section fb_built=\u00bb1&#8243; theme_builder_area=\u00bbpost_content\u00bb _builder_version=\u00bb4.27.4&#8243; _module_preset=\u00bbdefault\u00bb][et_pb_row _builder_version=\u00bb4.27.4&#8243; _module_preset=\u00bbdefault\u00bb theme_builder_area=\u00bbpost_content\u00bb][et_pb_column _builder_version=\u00bb4.27.4&#8243; _module_preset=\u00bbdefault\u00bb type=\u00bb4_4&#8243; theme_builder_area=\u00bbpost_content\u00bb][et_pb_text _builder_version=\u00bb4.27.4&#8243; _module_preset=\u00bbdefault\u00bb theme_builder_area=\u00bbpost_content\u00bb custom_margin=\u00bb-30px||||false|false\u00bb hover_enabled=\u00bb0&#8243; sticky_enabled=\u00bb0&#8243;]<\/p>\n<p style=\"text-align: center;\"><em>Del 16 al 27 de julio se realizar\u00e1 la entrega de calzado y vestido de labor en los municipios de Arauca, Saravena y Tame.<\/em><\/p>\n<p>[\/et_pb_text][\/et_pb_column][\/et_pb_row][et_pb_row _builder_version=\u00bb4.27.4&#8243; _module_preset=\u00bbdefault\u00bb theme_builder_area=\u00bbpost_content\u00bb][et_pb_column _builder_version=\u00bb4.27.4&#8243; _module_preset=\u00bbdefault\u00bb type=\u00bb4_4&#8243; theme_builder_area=\u00bbpost_content\u00bb][et_pb_text _builder_version=\u00bb4.27.4&#8243; _module_preset=\u00bbdefault\u00bb theme_builder_area=\u00bbpost_content\u00bb hover_enabled=\u00bb0&#8243; sticky_enabled=\u00bb0&#8243;]<\/p>\n<p style=\"text-align: justify;\"><strong>Arauca, 16 de julio de 2025.<\/strong>\u00a0La Secretar\u00eda de Educaci\u00f3n Departamental de Arauca informa que, a partir del 16 de julio, se realizar\u00e1\u00a0entrega de dotaci\u00f3n para docentes oficiales, en cumplimiento de lo establecido en la Ley 70 de 1988<strong>\u00a0<\/strong>y su<strong>\u00a0<\/strong>Decreto Reglamentario 1978 de 1989; esta entrega hace parte del compromiso institucional con el bienestar de los maestros y maestras del departamento.<\/p>\n<p style=\"text-align: justify;\">Del 16 al 27 de julio de 2025, los beneficiarios podr\u00e1n reclamar calzado y vestido de labor en tres puntos habilitados en los municipios de Arauca, Saravena y Tame. Los docentes podr\u00e1n consultar si hacen parte del grupo de beneficiarios ingresando a la p\u00e1gina oficial de la Secretar\u00eda de Educaci\u00f3n Departamental\u00a0<u><a href=\"https:\/\/www.sedarauca.edu.co\/\">www.sedarauca.edu.co<\/a><\/u><strong>.<\/strong><\/p>\n<p style=\"text-align: justify;\">Los lugares de entrega y municipios beneficiarios son los siguientes:<\/p>\n<p style=\"text-align: justify;\">Punto de entrega en Arauca, reclaman aqu\u00ed los docentes beneficiarios de los municipios de Arauca y Cravo Norte: Almac\u00e9n ROEXT \u2013 Calle 23 N.\u00ba 20-48, Arauca \u2013 Arauca.<\/p>\n<p style=\"text-align: justify;\">Punto de entrega en Saravena, reclaman aqu\u00ed los docentes beneficiarios de los municipios de Saravena, Fortul y Arauquita: Distribuidora G\u00f3mez \u2013 Carrera 13 N.\u00ba 23-05, Centro, Saravena \u2013 Arauca.<\/p>\n<p style=\"text-align: justify;\">Punto de entrega en Tame, reclaman aqu\u00ed los docentes beneficiarios de los municipios de Tame y Puerto Rond\u00f3n: Almac\u00e9n La Oferta 2 \u2013 Calle 14 N.\u00ba 12-64, Tame \u2013 Arauca.<\/p>\n<p style=\"text-align: justify;\">Con esta acci\u00f3n, el Gobierno Departamental liderado por el ingeniero Renson Mart\u00ednez Prada, reafirma su respaldo al magisterio, promoviendo condiciones dignas para el desarrollo de la labor educativa en todo el territorio araucano.<\/p>\n<p>[\/et_pb_text][\/et_pb_column][\/et_pb_row][et_pb_row _builder_version=\u00bb4.27.4&#8243; _module_preset=\u00bbdefault\u00bb theme_builder_area=\u00bbpost_content\u00bb][et_pb_column _builder_version=\u00bb4.27.4&#8243; _module_preset=\u00bbdefault\u00bb type=\u00bb4_4&#8243; theme_builder_area=\u00bbpost_content\u00bb][et_pb_divider _builder_version=\u00bb4.27.4&#8243; _module_preset=\u00bbdefault\u00bb theme_builder_area=\u00bbpost_content\u00bb hover_enabled=\u00bb0&#8243; sticky_enabled=\u00bb0&#8243;][\/et_pb_divider][\/et_pb_column][\/et_pb_row][et_pb_row _builder_version=\u00bb4.27.4&#8243; _module_preset=\u00bbdefault\u00bb theme_builder_area=\u00bbpost_content\u00bb][et_pb_column _builder_version=\u00bb4.27.4&#8243; _module_preset=\u00bbdefault\u00bb type=\u00bb4_4&#8243; theme_builder_area=\u00bbpost_content\u00bb][et_pb_text _builder_version=\u00bb4.27.4&#8243; _module_preset=\u00bbdefault\u00bb theme_builder_area=\u00bbpost_content\u00bb custom_margin=\u00bb||-20px||false|false\u00bb hover_enabled=\u00bb0&#8243; sticky_enabled=\u00bb0&#8243;]<\/p>\n<p style=\"text-align: center;\">BENEFICIARIOS 1RA ENTREGA DOTACION PERSONAL DOCENTE Y DIRECTIVO DOCENTE LEY 70\/1988, PARA LA VIGENCIA 2025<\/p>\n<p>[\/et_pb_text][\/et_pb_column][\/et_pb_row][et_pb_row _builder_version=\u00bb4.27.4&#8243; _module_preset=\u00bbdefault\u00bb theme_builder_area=\u00bbpost_content\u00bb link_option_url=\u00bbhttps:\/\/www.sedarauca.edu.co\/wp-content\/uploads\/2025\/07\/BENEFICIARIOS-PRIMERA-DOTACION.pdf\u00bb link_option_url_new_window=\u00bbon\u00bb hover_enabled=\u00bb0&#8243; sticky_enabled=\u00bb0&#8243;][et_pb_column _builder_version=\u00bb4.27.4&#8243; _module_preset=\u00bbdefault\u00bb type=\u00bb4_4&#8243; theme_builder_area=\u00bbpost_content\u00bb][et_pb_code _builder_version=\u00bb4.27.4&#8243; _module_preset=\u00bbdefault\u00bb theme_builder_area=\u00bbpost_content\u00bb link_option_url=\u00bbhttps:\/\/www.sedarauca.edu.co\/wp-content\/uploads\/2025\/07\/BENEFICIARIOS-PRIMERA-DOTACION.pdf\u00bb link_option_url_new_window=\u00bbon\u00bb hover_enabled=\u00bb0&#8243; sticky_enabled=\u00bb0&#8243;]<a href=\"https:\/\/www.sedarauca.edu.co\/wp-content\/uploads\/2025\/07\/BENEFICIARIOS-PRIMERA-DOTACION.pdf\" class=\"pdfemb-viewer\" style=\"\" data-width=\"max\" data-height=\"max\" data-toolbar=\"bottom\" data-toolbar-fixed=\"on\">BENEFICIARIOS-PRIMERA-DOTACION<\/a>[\/et_pb_code][\/et_pb_column][\/et_pb_row][\/et_pb_section]<\/p>\n","protected":false},"excerpt":{"rendered":"<p>Del 16 al 27 de julio se realizar\u00e1 la entrega de calzado y vestido de labor en los municipios de Arauca, Saravena y Tame.Arauca, 16 de julio de 2025.\u00a0La Secretar\u00eda de Educaci\u00f3n Departamental de Arauca informa que, a partir del 16 de julio, se realizar\u00e1\u00a0entrega de dotaci\u00f3n para docentes oficiales, en cumplimiento de lo establecido [&hellip;]<\/p>\n","protected":false},"author":1,"featured_media":11592,"comment_status":"closed","ping_status":"closed","sticky":false,"template":"","format":"standard","meta":{"_et_pb_use_builder":"on","_et_pb_old_content":"","_et_gb_content_width":"","footnotes":""},"categories":[21,6],"tags":[],"class_list":["post-11591","post","type-post","status-publish","format-standard","has-post-thumbnail","hentry","category-boletin","category-noticias"],"_links":{"self":[{"href":"https:\/\/www.sedarauca.edu.co\/index.php\/wp-json\/wp\/v2\/posts\/11591","targetHints":{"allow":["GET"]}}],"collection":[{"href":"https:\/\/www.sedarauca.edu.co\/index.php\/wp-json\/wp\/v2\/posts"}],"about":[{"href":"https:\/\/www.sedarauca.edu.co\/index.php\/wp-json\/wp\/v2\/types\/post"}],"author":[{"embeddable":true,"href":"https:\/\/www.sedarauca.edu.co\/index.php\/wp-json\/wp\/v2\/users\/1"}],"replies":[{"embeddable":true,"href":"https:\/\/www.sedarauca.edu.co\/index.php\/wp-json\/wp\/v2\/comments?post=11591"}],"version-history":[{"count":4,"href":"https:\/\/www.sedarauca.edu.co\/index.php\/wp-json\/wp\/v2\/posts\/11591\/revisions"}],"predecessor-version":[{"id":11598,"href":"https:\/\/www.sedarauca.edu.co\/index.php\/wp-json\/wp\/v2\/posts\/11591\/revisions\/11598"}],"wp:featuredmedia":[{"embeddable":true,"href":"https:\/\/www.sedarauca.edu.co\/index.php\/wp-json\/wp\/v2\/media\/11592"}],"wp:attachment":[{"href":"https:\/\/www.sedarauca.edu.co\/index.php\/wp-json\/wp\/v2\/media?parent=11591"}],"wp:term":[{"taxonomy":"category","embeddable":true,"href":"https:\/\/www.sedarauca.edu.co\/index.php\/wp-json\/wp\/v2\/categories?post=11591"},{"taxonomy":"post_tag","embeddable":true,"href":"https:\/\/www.sedarauca.edu.co\/index.php\/wp-json\/wp\/v2\/tags?post=11591"}],"curies":[{"name":"wp","href":"https:\/\/api.w.org\/{rel}","templated":true}]}}