{"id":11571,"date":"2025-07-02T11:31:00","date_gmt":"2025-07-02T16:31:00","guid":{"rendered":"https:\/\/www.sedarauca.edu.co\/?p=11571"},"modified":"2025-07-08T11:37:04","modified_gmt":"2025-07-08T16:37:04","slug":"arauca-fortalece-su-apuesta-educativa-balance-de-gestion-de-junio","status":"publish","type":"post","link":"https:\/\/www.sedarauca.edu.co\/index.php\/2025\/07\/02\/arauca-fortalece-su-apuesta-educativa-balance-de-gestion-de-junio\/","title":{"rendered":"Arauca fortalece su apuesta educativa: balance de gesti\u00f3n de junio"},"content":{"rendered":"<p>[et_pb_section fb_built=\u00bb1&#8243; theme_builder_area=\u00bbpost_content\u00bb _builder_version=\u00bb4.27.4&#8243; _module_preset=\u00bbdefault\u00bb][et_pb_row _builder_version=\u00bb4.27.4&#8243; _module_preset=\u00bbdefault\u00bb theme_builder_area=\u00bbpost_content\u00bb][et_pb_column _builder_version=\u00bb4.27.4&#8243; _module_preset=\u00bbdefault\u00bb type=\u00bb4_4&#8243; theme_builder_area=\u00bbpost_content\u00bb][et_pb_text _builder_version=\u00bb4.27.4&#8243; _module_preset=\u00bbdefault\u00bb theme_builder_area=\u00bbpost_content\u00bb custom_margin=\u00bb-30px||||false|false\u00bb hover_enabled=\u00bb0&#8243; sticky_enabled=\u00bb0&#8243;]<\/p>\n<p style=\"text-align: center;\"><em>La entrega de 9.055 tabletas, el inicio del Curso Concurso para el ingreso a la UIS en Saravena y la participaci\u00f3n de m\u00e1s de 1.700 personas en los Foros Educativos Municipales marcaron el balance positivo del sector educativo en junio<\/em>.<\/p>\n<p>[\/et_pb_text][\/et_pb_column][\/et_pb_row][et_pb_row _builder_version=\u00bb4.27.4&#8243; _module_preset=\u00bbdefault\u00bb theme_builder_area=\u00bbpost_content\u00bb][et_pb_column _builder_version=\u00bb4.27.4&#8243; _module_preset=\u00bbdefault\u00bb type=\u00bb4_4&#8243; theme_builder_area=\u00bbpost_content\u00bb][et_pb_text _builder_version=\u00bb4.27.4&#8243; _module_preset=\u00bbdefault\u00bb theme_builder_area=\u00bbpost_content\u00bb custom_margin=\u00bb-10px||||false|false\u00bb hover_enabled=\u00bb0&#8243; sticky_enabled=\u00bb0&#8243;]<\/p>\n<p style=\"text-align: justify;\"><strong>01 de julio de 2025.\u00a0<\/strong>La educaci\u00f3n sigue siendo protagonista en la transformaci\u00f3n del departamento de Arauca. Durante el mes de junio, la Secretar\u00eda de Educaci\u00f3n Departamental adelant\u00f3 una serie de acciones que fortalecen el acceso, la calidad, la participaci\u00f3n comunitaria y la articulaci\u00f3n con la educaci\u00f3n superior, generando adem\u00e1s empleo y dinamismo econ\u00f3mico en los territorios.<\/p>\n<p style=\"text-align: justify;\">Una de las apuestas m\u00e1s destacadas fue el lanzamiento de la estrategia\u00a0<em>Arauca Aprende Mejor<\/em>, que permiti\u00f3 la entrega de 9.055 tabletas a estudiantes y docentes de los siete municipios del departamento. Estos dispositivos, con contenidos pedag\u00f3gicos preinstalados que no requieren conexi\u00f3n a internet, est\u00e1n pensados para beneficiar especialmente a las comunidades rurales, donde persisten limitaciones de conectividad. Con esta inversi\u00f3n, el gobierno busca cerrar brechas digitales y garantizar condiciones de equidad en el proceso educativo.<\/p>\n<p style=\"text-align: justify;\">En Saravena avanza la implementaci\u00f3n de los programas presenciales de la Universidad Industrial de Santander (UIS). En junio iniciaron las clases preparatorias del Curso Concurso, donde participan 130 j\u00f3venes seleccionados. Esta estrategia permitir\u00e1 que el segundo semestre de 2025 se d\u00e9 inicio a la oferta acad\u00e9mica universitaria en el municipio. El proceso, adem\u00e1s de ampliar el acceso a la educaci\u00f3n superior sin salir del departamento, gener\u00f3 nuevas oportunidades laborales para profesionales locales que pudieron postularse como docentes.<\/p>\n<p>[\/et_pb_text][\/et_pb_column][\/et_pb_row][et_pb_row _builder_version=\u00bb4.27.4&#8243; _module_preset=\u00bbdefault\u00bb theme_builder_area=\u00bbpost_content\u00bb][et_pb_column _builder_version=\u00bb4.27.4&#8243; _module_preset=\u00bbdefault\u00bb type=\u00bb4_4&#8243; theme_builder_area=\u00bbpost_content\u00bb][et_pb_gallery _builder_version=\u00bb4.27.4&#8243; _module_preset=\u00bbdefault\u00bb theme_builder_area=\u00bbpost_content\u00bb gallery_ids=\u00bb11575,11576,11577,11578&#8243; gallery_orderby=\u00bbrand\u00bb hover_enabled=\u00bb0&#8243; sticky_enabled=\u00bb0&#8243;][\/et_pb_gallery][\/et_pb_column][\/et_pb_row][et_pb_row _builder_version=\u00bb4.27.4&#8243; _module_preset=\u00bbdefault\u00bb theme_builder_area=\u00bbpost_content\u00bb][et_pb_column _builder_version=\u00bb4.27.4&#8243; _module_preset=\u00bbdefault\u00bb type=\u00bb4_4&#8243; theme_builder_area=\u00bbpost_content\u00bb][et_pb_text _builder_version=\u00bb4.27.4&#8243; _module_preset=\u00bbdefault\u00bb theme_builder_area=\u00bbpost_content\u00bb hover_enabled=\u00bb0&#8243; sticky_enabled=\u00bb0&#8243;]<\/p>\n<p style=\"text-align: justify;\">Otro hecho relevante fue la realizaci\u00f3n de los Foros Educativos Municipales en los siete municipios, entre el 9 y el 13 de junio. M\u00e1s de 1.700 personas, entre estudiantes, docentes, padres de familia, l\u00edderes sociales y autoridades locales, participaron en espacios de di\u00e1logo para pensar el presente y futuro de la educaci\u00f3n en cada territorio. Las propuestas recogidas en estos encuentros ser\u00e1n la base del Foro Educativo Departamental Arauca 2025, que se proyecta como un espacio clave para fortalecer el sistema educativo desde una visi\u00f3n incluyente y transformadora.<\/p>\n<p style=\"text-align: justify;\">El mes tambi\u00e9n estuvo marcado por el encuentro del magisterio araucano. En el municipio de Tame se desarrollaron con \u00e9xito los XVII Juegos Deportivos, Recreativos y Culturales del Magisterio 2025, que reunieron durante cinco d\u00edas a m\u00e1s de 800 docentes, directivos y administrativos de todo el departamento. Tame se consagr\u00f3 como Campe\u00f3n de Campeones con 2.280 puntos, seguido por Arauca con 1.996 y Arauquita con 1.296. Adem\u00e1s del fortalecimiento del bienestar docente, el evento gener\u00f3 movimiento econ\u00f3mico local en servicios de alimentaci\u00f3n, hospedaje, transporte y log\u00edstica.<\/p>\n<p style=\"text-align: justify;\">Cada una de estas acciones refleja el profundo inter\u00e9s del gobernador Renson Mart\u00ednez Prada por convertir la educaci\u00f3n en el eje central de la transformaci\u00f3n del departamento. Desde el gobierno departamental se reafirma el compromiso con una educaci\u00f3n que llegue a todos los rincones del territorio, genere oportunidades reales y contribuya a cerrar brechas hist\u00f3ricas.<\/p>\n<p>[\/et_pb_text][\/et_pb_column][\/et_pb_row][\/et_pb_section]<\/p>\n","protected":false},"excerpt":{"rendered":"<p>La entrega de 9.055 tabletas, el inicio del Curso Concurso para el ingreso a la UIS en Saravena y la participaci\u00f3n de m\u00e1s de 1.700 personas en los Foros Educativos Municipales marcaron el balance positivo del sector educativo en junio.01 de julio de 2025.\u00a0La educaci\u00f3n sigue siendo protagonista en la transformaci\u00f3n del departamento de Arauca. [&hellip;]<\/p>\n","protected":false},"author":1,"featured_media":11572,"comment_status":"closed","ping_status":"closed","sticky":false,"template":"","format":"standard","meta":{"_et_pb_use_builder":"on","_et_pb_old_content":"","_et_gb_content_width":"","footnotes":""},"categories":[44,6],"tags":[],"class_list":["post-11571","post","type-post","status-publish","format-standard","has-post-thumbnail","hentry","category-gestion","category-noticias"],"_links":{"self":[{"href":"https:\/\/www.sedarauca.edu.co\/index.php\/wp-json\/wp\/v2\/posts\/11571","targetHints":{"allow":["GET"]}}],"collection":[{"href":"https:\/\/www.sedarauca.edu.co\/index.php\/wp-json\/wp\/v2\/posts"}],"about":[{"href":"https:\/\/www.sedarauca.edu.co\/index.php\/wp-json\/wp\/v2\/types\/post"}],"author":[{"embeddable":true,"href":"https:\/\/www.sedarauca.edu.co\/index.php\/wp-json\/wp\/v2\/users\/1"}],"replies":[{"embeddable":true,"href":"https:\/\/www.sedarauca.edu.co\/index.php\/wp-json\/wp\/v2\/comments?post=11571"}],"version-history":[{"count":3,"href":"https:\/\/www.sedarauca.edu.co\/index.php\/wp-json\/wp\/v2\/posts\/11571\/revisions"}],"predecessor-version":[{"id":11579,"href":"https:\/\/www.sedarauca.edu.co\/index.php\/wp-json\/wp\/v2\/posts\/11571\/revisions\/11579"}],"wp:featuredmedia":[{"embeddable":true,"href":"https:\/\/www.sedarauca.edu.co\/index.php\/wp-json\/wp\/v2\/media\/11572"}],"wp:attachment":[{"href":"https:\/\/www.sedarauca.edu.co\/index.php\/wp-json\/wp\/v2\/media?parent=11571"}],"wp:term":[{"taxonomy":"category","embeddable":true,"href":"https:\/\/www.sedarauca.edu.co\/index.php\/wp-json\/wp\/v2\/categories?post=11571"},{"taxonomy":"post_tag","embeddable":true,"href":"https:\/\/www.sedarauca.edu.co\/index.php\/wp-json\/wp\/v2\/tags?post=11571"}],"curies":[{"name":"wp","href":"https:\/\/api.w.org\/{rel}","templated":true}]}}