{"id":11566,"date":"2025-07-08T07:56:00","date_gmt":"2025-07-08T12:56:00","guid":{"rendered":"https:\/\/www.sedarauca.edu.co\/?p=11566"},"modified":"2025-07-08T11:37:44","modified_gmt":"2025-07-08T16:37:44","slug":"gobernacion-de-arauca-destina-recursos-adicionales-para-culminar-obras-de-la-sede-de-la-unad-en-arauquita","status":"publish","type":"post","link":"https:\/\/www.sedarauca.edu.co\/index.php\/2025\/07\/08\/gobernacion-de-arauca-destina-recursos-adicionales-para-culminar-obras-de-la-sede-de-la-unad-en-arauquita\/","title":{"rendered":"Gobernaci\u00f3n de Arauca destina recursos adicionales para culminar obras de la sede de la UNAD en Arauquita"},"content":{"rendered":"\n[et_pb_section fb_built=\u00bb1&#8243; theme_builder_area=\u00bbpost_content\u00bb _builder_version=\u00bb4.27.4&#8243; _module_preset=\u00bbdefault\u00bb][et_pb_row _builder_version=\u00bb4.27.4&#8243; _module_preset=\u00bbdefault\u00bb theme_builder_area=\u00bbpost_content\u00bb][et_pb_column _builder_version=\u00bb4.27.4&#8243; _module_preset=\u00bbdefault\u00bb type=\u00bb4_4&#8243; theme_builder_area=\u00bbpost_content\u00bb][et_pb_text _builder_version=\u00bb4.27.4&#8243; _module_preset=\u00bbdefault\u00bb theme_builder_area=\u00bbpost_content\u00bb hover_enabled=\u00bb0&#8243; sticky_enabled=\u00bb0&#8243;]<p style=\"text-align: justify;\"><strong>Arauca, 07 de julio de 2025.\u00a0<\/strong>La Gobernaci\u00f3n de Arauca, liderada por el ingeniero Renson Mart\u00ednez, reafirma su compromiso con el fortalecimiento del sector educativo al anunciar una inversi\u00f3n adicional de 550 millones de pesos\u00a0destinada a garantizar la culminaci\u00f3n de las obras de infraestructura del Centro Comunitario de Atenci\u00f3n Virtual de la Universidad Nacional Abierta y a Distancia (UNAD)\u00a0en el municipio de Arauquita.<\/p>\n<p style=\"text-align: justify;\">El anuncio se dio como resultado de las mesas de trabajo adelantadas con el Ministerio de Educaci\u00f3n Nacional, en las que se definieron las acciones necesarias para resolver los obst\u00e1culos que hab\u00edan frenado el avance de este importante proyecto. \u201cResolvimos el problema que ten\u00edamos de ejecuci\u00f3n despu\u00e9s de muchas mesas de trabajo. Como parte de esas gestiones, el Ministerio determin\u00f3 que era necesario aportar 550 millones de pesos m\u00e1s, y hoy como Gobernaci\u00f3n estamos cumpliendo. As\u00ed que pronto podremos tener la infraestructura de la sede de la UNAD funcionando en Arauquita\u201d, expres\u00f3 el gobernador Renson Mart\u00ednez.<\/p>[\/et_pb_text][\/et_pb_column][\/et_pb_row][et_pb_row _builder_version=\u00bb4.27.4&#8243; _module_preset=\u00bbdefault\u00bb column_structure=\u00bb1_5,3_5,1_5&#8243; theme_builder_area=\u00bbpost_content\u00bb][et_pb_column _builder_version=\u00bb4.27.4&#8243; _module_preset=\u00bbdefault\u00bb type=\u00bb1_5&#8243; theme_builder_area=\u00bbpost_content\u00bb][\/et_pb_column][et_pb_column _builder_version=\u00bb4.27.4&#8243; _module_preset=\u00bbdefault\u00bb type=\u00bb3_5&#8243; theme_builder_area=\u00bbpost_content\u00bb][et_pb_video src=\u00bbhttps:\/\/youtu.be\/WmOQHMEUKYY\u00bb _builder_version=\u00bb4.27.4&#8243; _module_preset=\u00bbdefault\u00bb theme_builder_area=\u00bbpost_content\u00bb border_radii=\u00bbon|30px|30px|30px|30px\u00bb hover_enabled=\u00bb0&#8243; sticky_enabled=\u00bb0&#8243;][\/et_pb_video][\/et_pb_column][et_pb_column _builder_version=\u00bb4.27.4&#8243; _module_preset=\u00bbdefault\u00bb type=\u00bb1_5&#8243; theme_builder_area=\u00bbpost_content\u00bb][\/et_pb_column][\/et_pb_row][et_pb_row _builder_version=\u00bb4.27.4&#8243; _module_preset=\u00bbdefault\u00bb theme_builder_area=\u00bbpost_content\u00bb][et_pb_column _builder_version=\u00bb4.27.4&#8243; _module_preset=\u00bbdefault\u00bb type=\u00bb4_4&#8243; theme_builder_area=\u00bbpost_content\u00bb][et_pb_text _builder_version=\u00bb4.27.4&#8243; _module_preset=\u00bbdefault\u00bb theme_builder_area=\u00bbpost_content\u00bb hover_enabled=\u00bb0&#8243; sticky_enabled=\u00bb0&#8243;]<p style=\"text-align: justify;\">Con la reciente aprobaci\u00f3n por parte del Ministerio de Educaci\u00f3n, el gobierno departamental avanza en las obras complementarias del Centro Comunitario de Atenci\u00f3n Virtual de la UNAD, una infraestructura de 3.258 metros cuadrados\u00a0con capacidad para atender a m\u00e1s de 5.000 estudiantes, donde se ofrecer\u00e1n programas de pregrado y posgrado en modalidad virtual y presencial.<\/p>\n<p style=\"text-align: justify;\">Con este avance, se espera que muy pronto la sede est\u00e9 dotada y lista para iniciar con su oferta acad\u00e9mica, permitiendo que j\u00f3venes y adultos del departamento accedan a formaci\u00f3n universitaria sin necesidad de salir de su territorio.<\/p>\n<p style=\"text-align: justify;\">Esta iniciativa forma parte del compromiso del gobierno departamental con la transformaci\u00f3n de Arauca, entendiendo que la educaci\u00f3n superior es una herramienta clave para el desarrollo, la equidad y la construcci\u00f3n de un territorio mejor.<\/p>[\/et_pb_text][\/et_pb_column][\/et_pb_row][\/et_pb_section]\n","protected":false},"excerpt":{"rendered":"<p>Arauca, 07 de julio de 2025.\u00a0La Gobernaci\u00f3n de Arauca, liderada por el ingeniero Renson Mart\u00ednez, reafirma su compromiso con el fortalecimiento del sector educativo al anunciar una inversi\u00f3n adicional de 550 millones de pesos\u00a0destinada a garantizar la culminaci\u00f3n de las obras de infraestructura del Centro Comunitario de Atenci\u00f3n Virtual de la Universidad Nacional Abierta y [&hellip;]<\/p>\n","protected":false},"author":1,"featured_media":11567,"comment_status":"closed","ping_status":"closed","sticky":false,"template":"","format":"standard","meta":{"_et_pb_use_builder":"on","_et_pb_old_content":"","_et_gb_content_width":"","footnotes":""},"categories":[44,6],"tags":[],"class_list":["post-11566","post","type-post","status-publish","format-standard","has-post-thumbnail","hentry","category-gestion","category-noticias"],"_links":{"self":[{"href":"https:\/\/www.sedarauca.edu.co\/index.php\/wp-json\/wp\/v2\/posts\/11566","targetHints":{"allow":["GET"]}}],"collection":[{"href":"https:\/\/www.sedarauca.edu.co\/index.php\/wp-json\/wp\/v2\/posts"}],"about":[{"href":"https:\/\/www.sedarauca.edu.co\/index.php\/wp-json\/wp\/v2\/types\/post"}],"author":[{"embeddable":true,"href":"https:\/\/www.sedarauca.edu.co\/index.php\/wp-json\/wp\/v2\/users\/1"}],"replies":[{"embeddable":true,"href":"https:\/\/www.sedarauca.edu.co\/index.php\/wp-json\/wp\/v2\/comments?post=11566"}],"version-history":[{"count":4,"href":"https:\/\/www.sedarauca.edu.co\/index.php\/wp-json\/wp\/v2\/posts\/11566\/revisions"}],"predecessor-version":[{"id":11580,"href":"https:\/\/www.sedarauca.edu.co\/index.php\/wp-json\/wp\/v2\/posts\/11566\/revisions\/11580"}],"wp:featuredmedia":[{"embeddable":true,"href":"https:\/\/www.sedarauca.edu.co\/index.php\/wp-json\/wp\/v2\/media\/11567"}],"wp:attachment":[{"href":"https:\/\/www.sedarauca.edu.co\/index.php\/wp-json\/wp\/v2\/media?parent=11566"}],"wp:term":[{"taxonomy":"category","embeddable":true,"href":"https:\/\/www.sedarauca.edu.co\/index.php\/wp-json\/wp\/v2\/categories?post=11566"},{"taxonomy":"post_tag","embeddable":true,"href":"https:\/\/www.sedarauca.edu.co\/index.php\/wp-json\/wp\/v2\/tags?post=11566"}],"curies":[{"name":"wp","href":"https:\/\/api.w.org\/{rel}","templated":true}]}}