{"id":11544,"date":"2025-07-03T09:11:00","date_gmt":"2025-07-03T14:11:00","guid":{"rendered":"https:\/\/www.sedarauca.edu.co\/?p=11544"},"modified":"2025-07-04T09:18:29","modified_gmt":"2025-07-04T14:18:29","slug":"gobierno-departamental-avanza-en-la-ampliacion-de-la-educacion-superior-y-tecnica-en-arauca","status":"publish","type":"post","link":"https:\/\/www.sedarauca.edu.co\/index.php\/2025\/07\/03\/gobierno-departamental-avanza-en-la-ampliacion-de-la-educacion-superior-y-tecnica-en-arauca\/","title":{"rendered":"Gobierno Departamental avanza en la ampliaci\u00f3n de la educaci\u00f3n superior y t\u00e9cnica en Arauca"},"content":{"rendered":"<p>[et_pb_section fb_built=\u00bb1&#8243; theme_builder_area=\u00bbpost_content\u00bb _builder_version=\u00bb4.27.4&#8243; _module_preset=\u00bbdefault\u00bb][et_pb_row _builder_version=\u00bb4.27.4&#8243; _module_preset=\u00bbdefault\u00bb theme_builder_area=\u00bbpost_content\u00bb][et_pb_column _builder_version=\u00bb4.27.4&#8243; _module_preset=\u00bbdefault\u00bb type=\u00bb4_4&#8243; theme_builder_area=\u00bbpost_content\u00bb][et_pb_text _builder_version=\u00bb4.27.4&#8243; _module_preset=\u00bbdefault\u00bb theme_builder_area=\u00bbpost_content\u00bb custom_margin=\u00bb-30px||||false|false\u00bb hover_enabled=\u00bb0&#8243; sticky_enabled=\u00bb0&#8243;]<\/p>\n<p style=\"text-align: center;\"><em>Aprobadas obras para la Universidad Abierta y a Distancia en Arauquita y 330 cupos t\u00e9cnicos para j\u00f3venes y adultos<\/em><\/p>\n<p>[\/et_pb_text][\/et_pb_column][\/et_pb_row][et_pb_row _builder_version=\u00bb4.27.4&#8243; _module_preset=\u00bbdefault\u00bb theme_builder_area=\u00bbpost_content\u00bb][et_pb_column _builder_version=\u00bb4.27.4&#8243; _module_preset=\u00bbdefault\u00bb type=\u00bb4_4&#8243; theme_builder_area=\u00bbpost_content\u00bb][et_pb_text _builder_version=\u00bb4.27.4&#8243; _module_preset=\u00bbdefault\u00bb theme_builder_area=\u00bbpost_content\u00bb custom_margin=\u00bb-20px||||false|false\u00bb hover_enabled=\u00bb0&#8243; sticky_enabled=\u00bb0&#8243;]<\/p>\n<p style=\"text-align: justify;\"><strong>Arauca, 2 de julio de 2025<\/strong>. El gobernador Renson Mart\u00ednez, acompa\u00f1ado por el secretario de Educaci\u00f3n, Ariel Pedraza, anunci\u00f3 que el Ministerio de Educaci\u00f3n Nacional ha dado luz verde para que el Gobierno Departamental avance con las obras complementarias de la sede de la Universidad Nacional Abierta y a Distancia \u2013 UNAD, en el municipio de Arauquita.<\/p>\n<p style=\"text-align: justify;\">Con esta aprobaci\u00f3n, se espera que muy pronto se pueda dotar la sede y dar inicio a la oferta de programas universitarios, permitiendo que j\u00f3venes y adultos del Departamento accedan a formaci\u00f3n profesional sin necesidad de salir de su territorio.<\/p>\n<p>[\/et_pb_text][\/et_pb_column][\/et_pb_row][et_pb_row _builder_version=\u00bb4.27.4&#8243; _module_preset=\u00bbdefault\u00bb column_structure=\u00bb1_2,1_2&#8243; theme_builder_area=\u00bbpost_content\u00bb][et_pb_column _builder_version=\u00bb4.27.4&#8243; _module_preset=\u00bbdefault\u00bb type=\u00bb1_2&#8243; theme_builder_area=\u00bbpost_content\u00bb][et_pb_image src=\u00bbhttps:\/\/www.sedarauca.edu.co\/wp-content\/uploads\/2025\/07\/ObrasParaUnadArauquita-2-scaled.jpeg\u00bb _builder_version=\u00bb4.27.4&#8243; _module_preset=\u00bbdefault\u00bb theme_builder_area=\u00bbpost_content\u00bb title_text=\u00bbObrasParaUnadArauquita (2)\u00bb hover_enabled=\u00bb0&#8243; sticky_enabled=\u00bb0&#8243;][\/et_pb_image][\/et_pb_column][et_pb_column _builder_version=\u00bb4.27.4&#8243; _module_preset=\u00bbdefault\u00bb type=\u00bb1_2&#8243; theme_builder_area=\u00bbpost_content\u00bb][et_pb_image src=\u00bbhttps:\/\/www.sedarauca.edu.co\/wp-content\/uploads\/2025\/07\/ObrasParaUnadArauquita-1-scaled.jpeg\u00bb _builder_version=\u00bb4.27.4&#8243; _module_preset=\u00bbdefault\u00bb theme_builder_area=\u00bbpost_content\u00bb title_text=\u00bbObrasParaUnadArauquita (1)\u00bb hover_enabled=\u00bb0&#8243; sticky_enabled=\u00bb0&#8243;][\/et_pb_image][\/et_pb_column][\/et_pb_row][et_pb_row _builder_version=\u00bb4.27.4&#8243; _module_preset=\u00bbdefault\u00bb theme_builder_area=\u00bbpost_content\u00bb][et_pb_column _builder_version=\u00bb4.27.4&#8243; _module_preset=\u00bbdefault\u00bb type=\u00bb4_4&#8243; theme_builder_area=\u00bbpost_content\u00bb][et_pb_text _builder_version=\u00bb4.27.4&#8243; _module_preset=\u00bbdefault\u00bb theme_builder_area=\u00bbpost_content\u00bb hover_enabled=\u00bb0&#8243; sticky_enabled=\u00bb0&#8243;]<\/p>\n<p style=\"text-align: justify;\">Asimismo, el mandatario inform\u00f3 que se han priorizado $1.600 millones para ampliar la cobertura en educaci\u00f3n terciaria, a trav\u00e9s de programas de formaci\u00f3n para el trabajo y el desarrollo humano, enfocados en la poblaci\u00f3n joven y adulta del departamento.<\/p>\n<p style=\"text-align: justify;\">\u201cEste proyecto contempla 330 cupos en programas t\u00e9cnicos laborales en \u00e1reas como Auxiliar en Programaci\u00f3n y Desarrollo de Software, Enfermer\u00eda, Farmacia, Salud Oral y Auxiliar Agroindustrial\u201d, afirm\u00f3 Mart\u00ednez Prada.<\/p>\n<p>[\/et_pb_text][\/et_pb_column][\/et_pb_row][et_pb_row _builder_version=\u00bb4.27.4&#8243; _module_preset=\u00bbdefault\u00bb column_structure=\u00bb1_5,3_5,1_5&#8243; theme_builder_area=\u00bbpost_content\u00bb][et_pb_column _builder_version=\u00bb4.27.4&#8243; _module_preset=\u00bbdefault\u00bb type=\u00bb1_5&#8243; theme_builder_area=\u00bbpost_content\u00bb][\/et_pb_column][et_pb_column _builder_version=\u00bb4.27.4&#8243; _module_preset=\u00bbdefault\u00bb type=\u00bb3_5&#8243; theme_builder_area=\u00bbpost_content\u00bb][et_pb_video src=\u00bbhttps:\/\/youtube.com\/shorts\/EBW2mZld9x4?feature=share\u00bb _builder_version=\u00bb4.27.4&#8243; _module_preset=\u00bbdefault\u00bb theme_builder_area=\u00bbpost_content\u00bb border_radii=\u00bbon|30px|30px|30px|30px\u00bb hover_enabled=\u00bb0&#8243; sticky_enabled=\u00bb0&#8243;][\/et_pb_video][\/et_pb_column][et_pb_column _builder_version=\u00bb4.27.4&#8243; _module_preset=\u00bbdefault\u00bb type=\u00bb1_5&#8243; theme_builder_area=\u00bbpost_content\u00bb][\/et_pb_column][\/et_pb_row][et_pb_row _builder_version=\u00bb4.27.4&#8243; _module_preset=\u00bbdefault\u00bb theme_builder_area=\u00bbpost_content\u00bb][et_pb_column _builder_version=\u00bb4.27.4&#8243; _module_preset=\u00bbdefault\u00bb type=\u00bb4_4&#8243; theme_builder_area=\u00bbpost_content\u00bb][et_pb_text _builder_version=\u00bb4.27.4&#8243; _module_preset=\u00bbdefault\u00bb theme_builder_area=\u00bbpost_content\u00bb hover_enabled=\u00bb0&#8243; sticky_enabled=\u00bb0&#8243;]<\/p>\n<p style=\"text-align: justify;\">De igual manera explic\u00f3 que estos programas de formaci\u00f3n estar\u00e1n disponibles en los municipios de Arauca, Tame, Saravena, Arauquita y Fortul, con el objetivo de fortalecer las capacidades t\u00e9cnicas de los beneficiarios, promover el empleo, dinamizar la econom\u00eda y contribuir al desarrollo del territorio.<\/p>\n<p>[\/et_pb_text][\/et_pb_column][\/et_pb_row][\/et_pb_section]<\/p>\n","protected":false},"excerpt":{"rendered":"<p>Aprobadas obras para la Universidad Abierta y a Distancia en Arauquita y 330 cupos t\u00e9cnicos para j\u00f3venes y adultosArauca, 2 de julio de 2025. El gobernador Renson Mart\u00ednez, acompa\u00f1ado por el secretario de Educaci\u00f3n, Ariel Pedraza, anunci\u00f3 que el Ministerio de Educaci\u00f3n Nacional ha dado luz verde para que el Gobierno Departamental avance con las [&hellip;]<\/p>\n","protected":false},"author":1,"featured_media":11545,"comment_status":"closed","ping_status":"closed","sticky":false,"template":"","format":"standard","meta":{"_et_pb_use_builder":"on","_et_pb_old_content":"","_et_gb_content_width":"","footnotes":""},"categories":[44,6],"tags":[],"class_list":["post-11544","post","type-post","status-publish","format-standard","has-post-thumbnail","hentry","category-gestion","category-noticias"],"_links":{"self":[{"href":"https:\/\/www.sedarauca.edu.co\/index.php\/wp-json\/wp\/v2\/posts\/11544","targetHints":{"allow":["GET"]}}],"collection":[{"href":"https:\/\/www.sedarauca.edu.co\/index.php\/wp-json\/wp\/v2\/posts"}],"about":[{"href":"https:\/\/www.sedarauca.edu.co\/index.php\/wp-json\/wp\/v2\/types\/post"}],"author":[{"embeddable":true,"href":"https:\/\/www.sedarauca.edu.co\/index.php\/wp-json\/wp\/v2\/users\/1"}],"replies":[{"embeddable":true,"href":"https:\/\/www.sedarauca.edu.co\/index.php\/wp-json\/wp\/v2\/comments?post=11544"}],"version-history":[{"count":3,"href":"https:\/\/www.sedarauca.edu.co\/index.php\/wp-json\/wp\/v2\/posts\/11544\/revisions"}],"predecessor-version":[{"id":11552,"href":"https:\/\/www.sedarauca.edu.co\/index.php\/wp-json\/wp\/v2\/posts\/11544\/revisions\/11552"}],"wp:featuredmedia":[{"embeddable":true,"href":"https:\/\/www.sedarauca.edu.co\/index.php\/wp-json\/wp\/v2\/media\/11545"}],"wp:attachment":[{"href":"https:\/\/www.sedarauca.edu.co\/index.php\/wp-json\/wp\/v2\/media?parent=11544"}],"wp:term":[{"taxonomy":"category","embeddable":true,"href":"https:\/\/www.sedarauca.edu.co\/index.php\/wp-json\/wp\/v2\/categories?post=11544"},{"taxonomy":"post_tag","embeddable":true,"href":"https:\/\/www.sedarauca.edu.co\/index.php\/wp-json\/wp\/v2\/tags?post=11544"}],"curies":[{"name":"wp","href":"https:\/\/api.w.org\/{rel}","templated":true}]}}