{"id":11539,"date":"2025-07-03T22:46:00","date_gmt":"2025-07-04T03:46:00","guid":{"rendered":"https:\/\/www.sedarauca.edu.co\/?p=11539"},"modified":"2025-07-04T08:52:38","modified_gmt":"2025-07-04T13:52:38","slug":"convocatoria-laboral-interna-n-012-de-2025","status":"publish","type":"post","link":"https:\/\/www.sedarauca.edu.co\/index.php\/2025\/07\/03\/convocatoria-laboral-interna-n-012-de-2025\/","title":{"rendered":"Convocatoria Laboral Interna N\u00b0 012 de 2025"},"content":{"rendered":"<p>[et_pb_section fb_built=\u00bb1&#8243; theme_builder_area=\u00bbpost_content\u00bb _builder_version=\u00bb4.27.4&#8243; _module_preset=\u00bbdefault\u00bb][et_pb_row _builder_version=\u00bb4.27.4&#8243; _module_preset=\u00bbdefault\u00bb theme_builder_area=\u00bbpost_content\u00bb][et_pb_column _builder_version=\u00bb4.27.4&#8243; _module_preset=\u00bbdefault\u00bb type=\u00bb4_4&#8243; theme_builder_area=\u00bbpost_content\u00bb][et_pb_text _builder_version=\u00bb4.27.4&#8243; _module_preset=\u00bbdefault\u00bb theme_builder_area=\u00bbpost_content\u00bb hover_enabled=\u00bb0&#8243; sticky_enabled=\u00bb0&#8243;]<\/p>\n<p style=\"text-align: justify;\"><strong>Arauca, 03 de julio de 2025<\/strong>. La Secretar\u00eda de Educaci\u00f3n Departamental, a trav\u00e9s de la Convocatoria Laboral Interna No. 012 de 2025, invita a todos los servidores p\u00fablicos de la Gobernaci\u00f3n de Arauca con derechos de carrera administrativa, a postularse para el encargo de una vacante definitiva de secretario\u00a0<em>440-08<\/em>\u00a0de la planta de cargos de la Gobernaci\u00f3n de Arauca \u2013 \u00a0Secretar\u00eda de Educaci\u00f3n Departamental de Arauca &#8211; Centro Educativo Palmarito ubicada en el municipio de Fortul; financiada con Recursos del Sistema General de Participaciones \u2013 Educaci\u00f3n.<\/p>\n<p style=\"text-align: justify;\"><strong>Postulaciones:<\/strong><\/p>\n<p style=\"text-align: justify;\"><em><strong>Plazo:<\/strong> <\/em>Del 04 al 08 de julio 2025 a las 11:59 p.m.<\/p>\n<p style=\"text-align: justify;\"><em><strong>Lugar de recepci\u00f3n:<\/strong><\/em> Ventanilla \u00fanica de archivo central de la Gobernaci\u00f3n de Arauca o por la Plataforma de Servicio de Atenci\u00f3n al Ciudadano (SAC).<\/p>\n<p style=\"text-align: justify;\"><em><strong>Requisito:<\/strong> <\/em>Adjuntar soportes que certifiquen su experiencia, independientemente de que esta informaci\u00f3n ya est\u00e9 registrada en la hoja de vida.<\/p>\n<p style=\"text-align: justify;\">Consulte los detalles y requisitos de la convocatoria en el PDF.<\/p>\n<p>[\/et_pb_text][\/et_pb_column][\/et_pb_row][et_pb_row _builder_version=\u00bb4.27.4&#8243; _module_preset=\u00bbdefault\u00bb theme_builder_area=\u00bbpost_content\u00bb link_option_url=\u00bbhttps:\/\/www.sedarauca.edu.co\/wp-content\/uploads\/2025\/07\/CONVOCATORIA-012-DE-2025.pdf\u00bb link_option_url_new_window=\u00bbon\u00bb hover_enabled=\u00bb0&#8243; sticky_enabled=\u00bb0&#8243;][et_pb_column _builder_version=\u00bb4.27.4&#8243; _module_preset=\u00bbdefault\u00bb type=\u00bb4_4&#8243; theme_builder_area=\u00bbpost_content\u00bb][et_pb_code _builder_version=\u00bb4.27.4&#8243; _module_preset=\u00bbdefault\u00bb theme_builder_area=\u00bbpost_content\u00bb hover_enabled=\u00bb0&#8243; sticky_enabled=\u00bb0&#8243; link_option_url_new_window=\u00bbon\u00bb link_option_url=\u00bbhttps:\/\/www.sedarauca.edu.co\/wp-content\/uploads\/2025\/07\/CONVOCATORIA-012-DE-2025.pdf\u00bb]<a href=\"https:\/\/www.sedarauca.edu.co\/wp-content\/uploads\/2025\/07\/CONVOCATORIA-012-DE-2025.pdf\" class=\"pdfemb-viewer\" style=\"\" data-width=\"max\" data-height=\"max\" data-toolbar=\"bottom\" data-toolbar-fixed=\"on\">CONVOCATORIA-012-DE-2025<\/a>[\/et_pb_code][\/et_pb_column][\/et_pb_row][\/et_pb_section]<\/p>\n","protected":false},"excerpt":{"rendered":"<p>Arauca, 03 de julio de 2025. La Secretar\u00eda de Educaci\u00f3n Departamental, a trav\u00e9s de la Convocatoria Laboral Interna No. 012 de 2025, invita a todos los servidores p\u00fablicos de la Gobernaci\u00f3n de Arauca con derechos de carrera administrativa, a postularse para el encargo de una vacante definitiva de secretario\u00a0440-08\u00a0de la planta de cargos de la [&hellip;]<\/p>\n","protected":false},"author":1,"featured_media":11540,"comment_status":"closed","ping_status":"closed","sticky":false,"template":"","format":"standard","meta":{"_et_pb_use_builder":"on","_et_pb_old_content":"","_et_gb_content_width":"","footnotes":""},"categories":[7,25],"tags":[],"class_list":["post-11539","post","type-post","status-publish","format-standard","has-post-thumbnail","hentry","category-convocatoria","category-publicacion"],"_links":{"self":[{"href":"https:\/\/www.sedarauca.edu.co\/index.php\/wp-json\/wp\/v2\/posts\/11539","targetHints":{"allow":["GET"]}}],"collection":[{"href":"https:\/\/www.sedarauca.edu.co\/index.php\/wp-json\/wp\/v2\/posts"}],"about":[{"href":"https:\/\/www.sedarauca.edu.co\/index.php\/wp-json\/wp\/v2\/types\/post"}],"author":[{"embeddable":true,"href":"https:\/\/www.sedarauca.edu.co\/index.php\/wp-json\/wp\/v2\/users\/1"}],"replies":[{"embeddable":true,"href":"https:\/\/www.sedarauca.edu.co\/index.php\/wp-json\/wp\/v2\/comments?post=11539"}],"version-history":[{"count":3,"href":"https:\/\/www.sedarauca.edu.co\/index.php\/wp-json\/wp\/v2\/posts\/11539\/revisions"}],"predecessor-version":[{"id":11543,"href":"https:\/\/www.sedarauca.edu.co\/index.php\/wp-json\/wp\/v2\/posts\/11539\/revisions\/11543"}],"wp:featuredmedia":[{"embeddable":true,"href":"https:\/\/www.sedarauca.edu.co\/index.php\/wp-json\/wp\/v2\/media\/11540"}],"wp:attachment":[{"href":"https:\/\/www.sedarauca.edu.co\/index.php\/wp-json\/wp\/v2\/media?parent=11539"}],"wp:term":[{"taxonomy":"category","embeddable":true,"href":"https:\/\/www.sedarauca.edu.co\/index.php\/wp-json\/wp\/v2\/categories?post=11539"},{"taxonomy":"post_tag","embeddable":true,"href":"https:\/\/www.sedarauca.edu.co\/index.php\/wp-json\/wp\/v2\/tags?post=11539"}],"curies":[{"name":"wp","href":"https:\/\/api.w.org\/{rel}","templated":true}]}}