{"id":11472,"date":"2025-06-27T17:56:00","date_gmt":"2025-06-27T22:56:00","guid":{"rendered":"https:\/\/www.sedarauca.edu.co\/?p=11472"},"modified":"2025-06-27T20:15:23","modified_gmt":"2025-06-28T01:15:23","slug":"novedades-frente-al-pago-de-nomina-de-docentes-y-administrativos-del-departamento-de-arauca","status":"publish","type":"post","link":"https:\/\/www.sedarauca.edu.co\/index.php\/2025\/06\/27\/novedades-frente-al-pago-de-nomina-de-docentes-y-administrativos-del-departamento-de-arauca\/","title":{"rendered":"Novedades frente al pago de n\u00f3mina de docentes y administrativos del departamento de Arauca"},"content":{"rendered":"\n[et_pb_section fb_built=\u00bb1&#8243; theme_builder_area=\u00bbpost_content\u00bb _builder_version=\u00bb4.27.4&#8243; _module_preset=\u00bbdefault\u00bb][et_pb_row _builder_version=\u00bb4.27.4&#8243; _module_preset=\u00bbdefault\u00bb theme_builder_area=\u00bbpost_content\u00bb][et_pb_column _builder_version=\u00bb4.27.4&#8243; _module_preset=\u00bbdefault\u00bb type=\u00bb4_4&#8243; theme_builder_area=\u00bbpost_content\u00bb][et_pb_text _builder_version=\u00bb4.27.4&#8243; _module_preset=\u00bbdefault\u00bb theme_builder_area=\u00bbpost_content\u00bb hover_enabled=\u00bb0&#8243; sticky_enabled=\u00bb0&#8243;]<p style=\"text-align: justify;\">La Secretar\u00eda de Educaci\u00f3n Departamental de Arauca informa a los directivos docentes, docentes y personal administrativo, tanto de la planta central como de las instituciones educativas oficiales, que por situaciones administrativas excepcionales se efectu\u00f3 un ajuste en el cronograma de pagos correspondiente a la n\u00f3mina del mes de junio, con base en las siguientes consideraciones:<\/p>\n<ol style=\"text-align: justify;\">\n<li>Que, en cumplimiento de los Decretos Nacionales 615 y 617 de 2025, se llev\u00f3 a cabo un proceso t\u00e9cnico adicional de revisi\u00f3n, liquidaci\u00f3n y actualizaci\u00f3n salarial, con el fin de garantizar el reconocimiento adecuado del incremento salarial dispuesto por la normativa nacional.<\/li>\n<li>Que, al coincidir el \u00faltimo d\u00eda h\u00e1bil del mes con el viernes 27 de junio, se redujo el margen operativo del equipo t\u00e9cnico-financiero encargado del procesamiento, validaci\u00f3n y giro de la n\u00f3mina. Pese al compromiso y esfuerzo del personal involucrado, el tiempo disponible no fue suficiente para culminar el procedimiento dentro del mismo mes, dado que la situaci\u00f3n presentada constituy\u00f3 un caso de fuerza mayor, completamente ajeno a la voluntad y control de los funcionarios de la Secretar\u00eda.<\/li>\n<li>Que, en consecuencia, el desembolso de los salarios se ver\u00e1 reflejado en las cuentas de los docentes y administrativos el d\u00eda martes 1 de julio de 2025.<\/li>\n<li>Que, de igual forma, el pago de la prima semestral, inicialmente programado para el 15 de julio, ser\u00e1 anticipado y se har\u00e1 efectivo a m\u00e1s tardar el viernes 4 de julio de 2025.<\/li>\n<\/ol>\n<p style=\"text-align: justify;\">Agradecemos su comprensi\u00f3n, y reiteramos el compromiso institucional de continuar trabajando por el bienestar del personal educativo y el fortalecimiento del servicio p\u00fablico de educaci\u00f3n en el departamento\u00a0de\u00a0Arauca.<\/p>[\/et_pb_text][\/et_pb_column][\/et_pb_row][et_pb_row _builder_version=\u00bb4.27.4&#8243; _module_preset=\u00bbdefault\u00bb theme_builder_area=\u00bbpost_content\u00bb][et_pb_column _builder_version=\u00bb4.27.4&#8243; _module_preset=\u00bbdefault\u00bb type=\u00bb4_4&#8243; theme_builder_area=\u00bbpost_content\u00bb][et_pb_divider _builder_version=\u00bb4.27.4&#8243; _module_preset=\u00bbdefault\u00bb theme_builder_area=\u00bbpost_content\u00bb hover_enabled=\u00bb0&#8243; sticky_enabled=\u00bb0&#8243;][\/et_pb_divider][\/et_pb_column][\/et_pb_row][et_pb_row _builder_version=\u00bb4.27.4&#8243; _module_preset=\u00bbdefault\u00bb theme_builder_area=\u00bbpost_content\u00bb link_option_url=\u00bbhttps:\/\/www.sedarauca.edu.co\/wp-content\/uploads\/2025\/06\/009-PAGO-SALARIOS-Y-PRIMA.pdf\u00bb link_option_url_new_window=\u00bbon\u00bb hover_enabled=\u00bb0&#8243; sticky_enabled=\u00bb0&#8243;][et_pb_column _builder_version=\u00bb4.27.4&#8243; _module_preset=\u00bbdefault\u00bb type=\u00bb4_4&#8243; theme_builder_area=\u00bbpost_content\u00bb][et_pb_code _builder_version=\u00bb4.27.4&#8243; _module_preset=\u00bbdefault\u00bb theme_builder_area=\u00bbpost_content\u00bb link_option_url_new_window=\u00bbon\u00bb link_option_url=\u00bbhttps:\/\/www.sedarauca.edu.co\/wp-content\/uploads\/2025\/06\/009-PAGO-SALARIOS-Y-PRIMA.pdf\u00bb hover_enabled=\u00bb0&#8243; sticky_enabled=\u00bb0&#8243;]<a href=\"https:\/\/www.sedarauca.edu.co\/wp-content\/uploads\/2025\/06\/009-PAGO-SALARIOS-Y-PRIMA.pdf\" class=\"pdfemb-viewer\" style=\"\" data-width=\"max\" data-height=\"max\" data-toolbar=\"bottom\" data-toolbar-fixed=\"on\">009-PAGO-SALARIOS-Y-PRIMA<\/a>[\/et_pb_code][\/et_pb_column][\/et_pb_row][\/et_pb_section]\n","protected":false},"excerpt":{"rendered":"<p>La Secretar\u00eda de Educaci\u00f3n Departamental de Arauca informa a los directivos docentes, docentes y personal administrativo, tanto de la planta central como de las instituciones educativas oficiales, que por situaciones administrativas excepcionales se efectu\u00f3 un ajuste en el cronograma de pagos correspondiente a la n\u00f3mina del mes de junio, con base en las siguientes consideraciones: [&hellip;]<\/p>\n","protected":false},"author":1,"featured_media":11473,"comment_status":"closed","ping_status":"closed","sticky":false,"template":"","format":"standard","meta":{"_et_pb_use_builder":"on","_et_pb_old_content":"","_et_gb_content_width":"","footnotes":""},"categories":[21,6],"tags":[],"class_list":["post-11472","post","type-post","status-publish","format-standard","has-post-thumbnail","hentry","category-boletin","category-noticias"],"_links":{"self":[{"href":"https:\/\/www.sedarauca.edu.co\/index.php\/wp-json\/wp\/v2\/posts\/11472","targetHints":{"allow":["GET"]}}],"collection":[{"href":"https:\/\/www.sedarauca.edu.co\/index.php\/wp-json\/wp\/v2\/posts"}],"about":[{"href":"https:\/\/www.sedarauca.edu.co\/index.php\/wp-json\/wp\/v2\/types\/post"}],"author":[{"embeddable":true,"href":"https:\/\/www.sedarauca.edu.co\/index.php\/wp-json\/wp\/v2\/users\/1"}],"replies":[{"embeddable":true,"href":"https:\/\/www.sedarauca.edu.co\/index.php\/wp-json\/wp\/v2\/comments?post=11472"}],"version-history":[{"count":4,"href":"https:\/\/www.sedarauca.edu.co\/index.php\/wp-json\/wp\/v2\/posts\/11472\/revisions"}],"predecessor-version":[{"id":11478,"href":"https:\/\/www.sedarauca.edu.co\/index.php\/wp-json\/wp\/v2\/posts\/11472\/revisions\/11478"}],"wp:featuredmedia":[{"embeddable":true,"href":"https:\/\/www.sedarauca.edu.co\/index.php\/wp-json\/wp\/v2\/media\/11473"}],"wp:attachment":[{"href":"https:\/\/www.sedarauca.edu.co\/index.php\/wp-json\/wp\/v2\/media?parent=11472"}],"wp:term":[{"taxonomy":"category","embeddable":true,"href":"https:\/\/www.sedarauca.edu.co\/index.php\/wp-json\/wp\/v2\/categories?post=11472"},{"taxonomy":"post_tag","embeddable":true,"href":"https:\/\/www.sedarauca.edu.co\/index.php\/wp-json\/wp\/v2\/tags?post=11472"}],"curies":[{"name":"wp","href":"https:\/\/api.w.org\/{rel}","templated":true}]}}