{"id":11431,"date":"2025-06-21T11:42:00","date_gmt":"2025-06-21T16:42:00","guid":{"rendered":"https:\/\/www.sedarauca.edu.co\/?p=11431"},"modified":"2025-06-24T15:32:29","modified_gmt":"2025-06-24T20:32:29","slug":"tame-se-corono-campeon-en-el-cierre-de-los-xvii-juegos-del-magisterio-araucano-2025","status":"publish","type":"post","link":"https:\/\/www.sedarauca.edu.co\/index.php\/2025\/06\/21\/tame-se-corono-campeon-en-el-cierre-de-los-xvii-juegos-del-magisterio-araucano-2025\/","title":{"rendered":"Tame se coron\u00f3 campe\u00f3n en el cierre de los XVII Juegos del Magisterio Araucano 2025"},"content":{"rendered":"\n[et_pb_section fb_built=\u00bb1&#8243; theme_builder_area=\u00bbpost_content\u00bb _builder_version=\u00bb4.27.4&#8243; _module_preset=\u00bbdefault\u00bb][et_pb_row _builder_version=\u00bb4.27.4&#8243; _module_preset=\u00bbdefault\u00bb theme_builder_area=\u00bbpost_content\u00bb][et_pb_column _builder_version=\u00bb4.27.4&#8243; _module_preset=\u00bbdefault\u00bb type=\u00bb4_4&#8243; theme_builder_area=\u00bbpost_content\u00bb][et_pb_text _builder_version=\u00bb4.27.4&#8243; _module_preset=\u00bbdefault\u00bb theme_builder_area=\u00bbpost_content\u00bb hover_enabled=\u00bb0&#8243; sticky_enabled=\u00bb0&#8243;]<p style=\"text-align: justify;\"><strong><em>Tame, 20 de junio de 2025.<\/em><\/strong> Con una emotiva ceremonia de clausura, alegr\u00eda compartida y esp\u00edritu deportivo, finalizaron con \u00e9xito los XVII Juegos Deportivos, Recreativos y Culturales del Magisterio Araucano 2025, que durante cinco d\u00edas reunieron en el municipio de Tame a m\u00e1s de 800 docentes, directivos y administrativos de los siete municipios del departamento.<\/p>\n<p style=\"text-align: justify;\">El municipio anfitri\u00f3n, Tame, se llev\u00f3 el t\u00edtulo de Campe\u00f3n de Campeones con un total de 2.280 puntos, consolidando su liderazgo gracias a su destacada participaci\u00f3n en deportes de conjunto, disciplinas individuales y expresiones culturales como la danza. En el segundo lugar se ubic\u00f3 el municipio de Arauca con 1.996 puntos, seguido por Arauquita, que alcanz\u00f3 el tercer puesto con 1.296 puntos.<\/p>[\/et_pb_text][\/et_pb_column][\/et_pb_row][et_pb_row _builder_version=\u00bb4.27.4&#8243; _module_preset=\u00bbdefault\u00bb theme_builder_area=\u00bbpost_content\u00bb][et_pb_column _builder_version=\u00bb4.27.4&#8243; _module_preset=\u00bbdefault\u00bb type=\u00bb4_4&#8243; theme_builder_area=\u00bbpost_content\u00bb][et_pb_gallery _builder_version=\u00bb4.27.4&#8243; _module_preset=\u00bbdefault\u00bb theme_builder_area=\u00bbpost_content\u00bb gallery_ids=\u00bb11434,11435,11436,11437,11438,11439,11440,11441,11442,11443,11444,11445&#8243; gallery_orderby=\u00bbrand\u00bb hover_enabled=\u00bb0&#8243; sticky_enabled=\u00bb0&#8243;][\/et_pb_gallery][\/et_pb_column][\/et_pb_row][et_pb_row _builder_version=\u00bb4.27.4&#8243; _module_preset=\u00bbdefault\u00bb theme_builder_area=\u00bbpost_content\u00bb][et_pb_column _builder_version=\u00bb4.27.4&#8243; _module_preset=\u00bbdefault\u00bb type=\u00bb4_4&#8243; theme_builder_area=\u00bbpost_content\u00bb][et_pb_text _builder_version=\u00bb4.27.4&#8243; _module_preset=\u00bbdefault\u00bb theme_builder_area=\u00bbpost_content\u00bb custom_margin=\u00bb-60px||||false|false\u00bb hover_enabled=\u00bb0&#8243; sticky_enabled=\u00bb0&#8243;]<p style=\"text-align: justify;\">Durante el acto de clausura se realiz\u00f3 la entrega oficial del t\u00f3tem de campe\u00f3n y medallas por disciplinas, reconociendo el esfuerzo, la disciplina y la hermandad entre los equipos participantes. El ambiente estuvo marcado por muestras de compa\u00f1erismo, respeto y emoci\u00f3n, reflejo del compromiso del magisterio con estos espacios de integraci\u00f3n.<\/p>\n<p style=\"text-align: justify;\">El secretario de Educaci\u00f3n Departamental, Ariel Pedraza Pinz\u00f3n, destac\u00f3 la organizaci\u00f3n y el trabajo articulado que hicieron posible este evento: \u201cQueremos felicitar al Instituto Departamental del Deporte y la Recreaci\u00f3n \u2013 INDER, a la Asociaci\u00f3n de Educadores de Arauca \u2013 Asedar y al Sindicato de Trabajadores y Empleados de la Educaci\u00f3n \u2013 Sintrenal, por su compromiso y excelente labor en el desarrollo de estos juegos. La calidad y el orden con los que se llevaron a cabo son reflejo del respeto por el magisterio y de su valor en nuestra sociedad\u201d.<\/p>\n<p style=\"text-align: justify;\">Desde la Gobernaci\u00f3n de Arauca, en nombre del gobernador Renson Mart\u00ednez Prada, se exalt\u00f3 el comportamiento ejemplar de las delegaciones, as\u00ed como la fraternidad, el respeto y la pasi\u00f3n demostradas en cada competencia. Para este gobierno, el bienestar del magisterio no solo es un compromiso cumplido, sino tambi\u00e9n una base fundamental para avanzar en la calidad educativa en todo\u00a0el\u00a0territorio.<\/p>[\/et_pb_text][\/et_pb_column][\/et_pb_row][\/et_pb_section]\n","protected":false},"excerpt":{"rendered":"<p>Tame, 20 de junio de 2025. Con una emotiva ceremonia de clausura, alegr\u00eda compartida y esp\u00edritu deportivo, finalizaron con \u00e9xito los XVII Juegos Deportivos, Recreativos y Culturales del Magisterio Araucano 2025, que durante cinco d\u00edas reunieron en el municipio de Tame a m\u00e1s de 800 docentes, directivos y administrativos de los siete municipios del departamento. [&hellip;]<\/p>\n","protected":false},"author":1,"featured_media":11432,"comment_status":"closed","ping_status":"closed","sticky":false,"template":"","format":"standard","meta":{"_et_pb_use_builder":"on","_et_pb_old_content":"","_et_gb_content_width":"","footnotes":""},"categories":[6],"tags":[],"class_list":["post-11431","post","type-post","status-publish","format-standard","has-post-thumbnail","hentry","category-noticias"],"_links":{"self":[{"href":"https:\/\/www.sedarauca.edu.co\/index.php\/wp-json\/wp\/v2\/posts\/11431","targetHints":{"allow":["GET"]}}],"collection":[{"href":"https:\/\/www.sedarauca.edu.co\/index.php\/wp-json\/wp\/v2\/posts"}],"about":[{"href":"https:\/\/www.sedarauca.edu.co\/index.php\/wp-json\/wp\/v2\/types\/post"}],"author":[{"embeddable":true,"href":"https:\/\/www.sedarauca.edu.co\/index.php\/wp-json\/wp\/v2\/users\/1"}],"replies":[{"embeddable":true,"href":"https:\/\/www.sedarauca.edu.co\/index.php\/wp-json\/wp\/v2\/comments?post=11431"}],"version-history":[{"count":3,"href":"https:\/\/www.sedarauca.edu.co\/index.php\/wp-json\/wp\/v2\/posts\/11431\/revisions"}],"predecessor-version":[{"id":11448,"href":"https:\/\/www.sedarauca.edu.co\/index.php\/wp-json\/wp\/v2\/posts\/11431\/revisions\/11448"}],"wp:featuredmedia":[{"embeddable":true,"href":"https:\/\/www.sedarauca.edu.co\/index.php\/wp-json\/wp\/v2\/media\/11432"}],"wp:attachment":[{"href":"https:\/\/www.sedarauca.edu.co\/index.php\/wp-json\/wp\/v2\/media?parent=11431"}],"wp:term":[{"taxonomy":"category","embeddable":true,"href":"https:\/\/www.sedarauca.edu.co\/index.php\/wp-json\/wp\/v2\/categories?post=11431"},{"taxonomy":"post_tag","embeddable":true,"href":"https:\/\/www.sedarauca.edu.co\/index.php\/wp-json\/wp\/v2\/tags?post=11431"}],"curies":[{"name":"wp","href":"https:\/\/api.w.org\/{rel}","templated":true}]}}