{"id":11425,"date":"2025-06-18T11:37:00","date_gmt":"2025-06-18T16:37:00","guid":{"rendered":"https:\/\/www.sedarauca.edu.co\/?p=11425"},"modified":"2025-06-24T15:31:41","modified_gmt":"2025-06-24T20:31:41","slug":"avanza-la-implementacion-de-la-uis-en-saravena-inician-clases-preparatorias-del-curso-concurso-para-ingreso-a-programas-presenciales","status":"publish","type":"post","link":"https:\/\/www.sedarauca.edu.co\/index.php\/2025\/06\/18\/avanza-la-implementacion-de-la-uis-en-saravena-inician-clases-preparatorias-del-curso-concurso-para-ingreso-a-programas-presenciales\/","title":{"rendered":"Avanza la implementaci\u00f3n de la UIS en Saravena: Inician clases preparatorias del Curso Concurso para ingreso a programas presenciales"},"content":{"rendered":"\n[et_pb_section fb_built=\u00bb1&#8243; _builder_version=\u00bb4.27.4&#8243; _module_preset=\u00bbdefault\u00bb global_colors_info=\u00bb{}\u00bb][et_pb_row _builder_version=\u00bb4.27.4&#8243; _module_preset=\u00bbdefault\u00bb global_colors_info=\u00bb{}\u00bb][et_pb_column type=\u00bb4_4&#8243; _builder_version=\u00bb4.27.4&#8243; _module_preset=\u00bbdefault\u00bb global_colors_info=\u00bb{}\u00bb][et_pb_text _builder_version=\u00bb4.27.4&#8243; _module_preset=\u00bbdefault\u00bb global_colors_info=\u00bb{}\u00bb]<p style=\"text-align: justify;\"><strong><em>Saravena, 17 de junio de 2025.<\/em><\/strong> Este martes inician en Saravena las clases de lectura y escritura acad\u00e9mica para los 130 j\u00f3venes seleccionados que participar\u00e1n en el Curso Concurso, estrategia clave para la selecci\u00f3n de los primeros estudiantes de los tres programas universitarios presenciales que ofrecer\u00e1 la Universidad Industrial de Santander (UIS) en el municipio a partir del segundo semestre de 2025.<\/p>\n<p style=\"text-align: justify;\">Esta etapa del proceso refleja el avance del trabajo articulado entre la Gobernaci\u00f3n de Arauca, el Ministerio de Educaci\u00f3n Nacional y la Alcald\u00eda de Saravena, en el marco de la apuesta por ampliar el acceso a la educaci\u00f3n superior con pertinencia y calidad en el territorio.<\/p>\n<p style=\"text-align: justify;\">Para ultimar detalles log\u00edsticos y acad\u00e9micos, se reunieron el secretario de Educaci\u00f3n Departamental, Ariel Pedraza; el alcalde de Saravena, Juan Ignacio Cifuentes Santos; los docentes de la UIS, Jorge Villamizar, gestor UIS en Territorios, y Karime Vargas, profesora de la Escuela de Idiomas; as\u00ed como el presidente de la Asamblea Departamental, Fernando Ram\u00edrez.<\/p>[\/et_pb_text][\/et_pb_column][\/et_pb_row][et_pb_row column_structure=\u00bb1_2,1_2&#8243; _builder_version=\u00bb4.27.4&#8243; _module_preset=\u00bbdefault\u00bb hover_enabled=\u00bb0&#8243; global_colors_info=\u00bb{}\u00bb custom_margin=\u00bb||||false|false\u00bb sticky_enabled=\u00bb0&#8243;][et_pb_column type=\u00bb1_2&#8243; _builder_version=\u00bb4.27.4&#8243; _module_preset=\u00bbdefault\u00bb global_colors_info=\u00bb{}\u00bb][et_pb_image src=\u00bbhttps:\/\/www.sedarauca.edu.co\/wp-content\/uploads\/2025\/06\/Uis-Saravena-Cursos07.jpg\u00bb _builder_version=\u00bb4.27.4&#8243; _module_preset=\u00bbdefault\u00bb title_text=\u00bbUis-Saravena-Cursos07&#8243; hover_enabled=\u00bb0&#8243; sticky_enabled=\u00bb0&#8243;][\/et_pb_image][\/et_pb_column][et_pb_column type=\u00bb1_2&#8243; _builder_version=\u00bb4.27.4&#8243; _module_preset=\u00bbdefault\u00bb global_colors_info=\u00bb{}\u00bb][et_pb_image src=\u00bbhttps:\/\/www.sedarauca.edu.co\/wp-content\/uploads\/2025\/06\/Uis-Saravena-Cursos08-.jpg\u00bb _builder_version=\u00bb4.27.4&#8243; _module_preset=\u00bbdefault\u00bb hover_enabled=\u00bb0&#8243; sticky_enabled=\u00bb0&#8243; title_text=\u00bbUis-Saravena-Cursos08-\u00ab][\/et_pb_image][\/et_pb_column][\/et_pb_row][et_pb_row _builder_version=\u00bb4.27.4&#8243; _module_preset=\u00bbdefault\u00bb][et_pb_column _builder_version=\u00bb4.27.4&#8243; _module_preset=\u00bbdefault\u00bb type=\u00bb4_4&#8243;][et_pb_gallery _builder_version=\u00bb4.27.4&#8243; _module_preset=\u00bbdefault\u00bb gallery_orderby=\u00bbrand\u00bb gallery_ids=\u00bb11452,11453,11454,11455,11456,11457,11458,11459&#8243; hover_enabled=\u00bb0&#8243; sticky_enabled=\u00bb0&#8243;][\/et_pb_gallery][\/et_pb_column][\/et_pb_row][et_pb_row _builder_version=\u00bb4.27.4&#8243; _module_preset=\u00bbdefault\u00bb global_colors_info=\u00bb{}\u00bb][et_pb_column type=\u00bb4_4&#8243; _builder_version=\u00bb4.27.4&#8243; _module_preset=\u00bbdefault\u00bb global_colors_info=\u00bb{}\u00bb][et_pb_text _builder_version=\u00bb4.27.4&#8243; _module_preset=\u00bbdefault\u00bb hover_enabled=\u00bb0&#8243; global_colors_info=\u00bb{}\u00bb custom_margin=\u00bb-60px||||false|false\u00bb sticky_enabled=\u00bb0&#8243;]<p style=\"text-align: justify;\">\u201cEl Curso Concurso es una oportunidad concreta para que nuestros j\u00f3venes accedan a la universidad sin salir de su territorio. Esta es una muestra del compromiso que hemos asumido desde el Gobierno Departamental, junto al Ministerio de Educaci\u00f3n, para garantizar una oferta educativa de calidad, con criterios de equidad, m\u00e9rito y arraigo territorial\u201d, se\u00f1al\u00f3 el secretario de Educaci\u00f3n, Ariel Pedraza Pinz\u00f3n.<\/p>\n<p style=\"text-align: justify;\">La oferta acad\u00e9mica, construida a partir del an\u00e1lisis de las vocaciones productivas del departamento, incluir\u00e1 programas relacionados con la transformaci\u00f3n agron\u00f3mica-agroindustrial y nuevas tecnolog\u00edas aplicadas a sistemas e inform\u00e1tica. Estas \u00e1reas fueron definidas con base en los estudios conjuntos realizados por las entidades involucradas.<\/p>\n<p style=\"text-align: justify;\">La llegada de la UIS a Saravena es parte de la apuesta del gobernador Renson Mart\u00ednez Prada por consolidar una educaci\u00f3n superior p\u00fablica, gratuita y de excelencia para el departamento de Arauca, abriendo mejores oportunidades para el desarrollo y la permanencia de los j\u00f3venes en\u00a0el\u00a0territorio.<\/p>[\/et_pb_text][\/et_pb_column][\/et_pb_row][\/et_pb_section]\n","protected":false},"excerpt":{"rendered":"<p>Saravena, 17 de junio de 2025. Este martes inician en Saravena las clases de lectura y escritura acad\u00e9mica para los 130 j\u00f3venes seleccionados que participar\u00e1n en el Curso Concurso, estrategia clave para la selecci\u00f3n de los primeros estudiantes de los tres programas universitarios presenciales que ofrecer\u00e1 la Universidad Industrial de Santander (UIS) en el municipio [&hellip;]<\/p>\n","protected":false},"author":1,"featured_media":11462,"comment_status":"closed","ping_status":"closed","sticky":false,"template":"","format":"standard","meta":{"_et_pb_use_builder":"on","_et_pb_old_content":"","_et_gb_content_width":"","footnotes":""},"categories":[44,6],"tags":[],"class_list":["post-11425","post","type-post","status-publish","format-standard","has-post-thumbnail","hentry","category-gestion","category-noticias"],"_links":{"self":[{"href":"https:\/\/www.sedarauca.edu.co\/index.php\/wp-json\/wp\/v2\/posts\/11425","targetHints":{"allow":["GET"]}}],"collection":[{"href":"https:\/\/www.sedarauca.edu.co\/index.php\/wp-json\/wp\/v2\/posts"}],"about":[{"href":"https:\/\/www.sedarauca.edu.co\/index.php\/wp-json\/wp\/v2\/types\/post"}],"author":[{"embeddable":true,"href":"https:\/\/www.sedarauca.edu.co\/index.php\/wp-json\/wp\/v2\/users\/1"}],"replies":[{"embeddable":true,"href":"https:\/\/www.sedarauca.edu.co\/index.php\/wp-json\/wp\/v2\/comments?post=11425"}],"version-history":[{"count":5,"href":"https:\/\/www.sedarauca.edu.co\/index.php\/wp-json\/wp\/v2\/posts\/11425\/revisions"}],"predecessor-version":[{"id":11463,"href":"https:\/\/www.sedarauca.edu.co\/index.php\/wp-json\/wp\/v2\/posts\/11425\/revisions\/11463"}],"wp:featuredmedia":[{"embeddable":true,"href":"https:\/\/www.sedarauca.edu.co\/index.php\/wp-json\/wp\/v2\/media\/11462"}],"wp:attachment":[{"href":"https:\/\/www.sedarauca.edu.co\/index.php\/wp-json\/wp\/v2\/media?parent=11425"}],"wp:term":[{"taxonomy":"category","embeddable":true,"href":"https:\/\/www.sedarauca.edu.co\/index.php\/wp-json\/wp\/v2\/categories?post=11425"},{"taxonomy":"post_tag","embeddable":true,"href":"https:\/\/www.sedarauca.edu.co\/index.php\/wp-json\/wp\/v2\/tags?post=11425"}],"curies":[{"name":"wp","href":"https:\/\/api.w.org\/{rel}","templated":true}]}}