{"id":11407,"date":"2025-06-20T11:17:00","date_gmt":"2025-06-20T16:17:00","guid":{"rendered":"https:\/\/www.sedarauca.edu.co\/?p=11407"},"modified":"2025-06-24T15:32:59","modified_gmt":"2025-06-24T20:32:59","slug":"gobernacion-de-arauca-impulsa-la-sostenibilidad-ambiental-en-instituciones-educativas-a-traves-del-pae","status":"publish","type":"post","link":"https:\/\/www.sedarauca.edu.co\/index.php\/2025\/06\/20\/gobernacion-de-arauca-impulsa-la-sostenibilidad-ambiental-en-instituciones-educativas-a-traves-del-pae\/","title":{"rendered":"Gobernaci\u00f3n de Arauca impulsa la sostenibilidad ambiental en Instituciones Educativas a trav\u00e9s del PAE"},"content":{"rendered":"\n[et_pb_section fb_built=\u00bb1&#8243; theme_builder_area=\u00bbpost_content\u00bb _builder_version=\u00bb4.27.4&#8243; _module_preset=\u00bbdefault\u00bb][et_pb_row _builder_version=\u00bb4.27.4&#8243; _module_preset=\u00bbdefault\u00bb theme_builder_area=\u00bbpost_content\u00bb][et_pb_column _builder_version=\u00bb4.27.4&#8243; _module_preset=\u00bbdefault\u00bb type=\u00bb4_4&#8243; theme_builder_area=\u00bbpost_content\u00bb][et_pb_text _builder_version=\u00bb4.27.4&#8243; _module_preset=\u00bbdefault\u00bb theme_builder_area=\u00bbpost_content\u00bb custom_margin=\u00bb-10px||||false|false\u00bb hover_enabled=\u00bb0&#8243; sticky_enabled=\u00bb0&#8243;]<p style=\"text-align: justify;\"><strong><em>Arauca, 20 de junio de 2025. <\/em><\/strong>La Gobernaci\u00f3n de Arauca, bajo el liderazgo del gobernador Renson Mart\u00ednez Prada, ha lanzado un innovador proyecto de lombricompostaje en el Instituto Agropecuario Municipal de Arauca a trav\u00e9s del Programa de Alimentaci\u00f3n Escolar (PAE), adscrito a la Secretar\u00eda de Educaci\u00f3n Departamental. Esta iniciativa busca reducir la generaci\u00f3n de residuos org\u00e1nicos y promover pr\u00e1cticas sostenibles en la comunidad educativa.<\/p>\n<p style=\"text-align: justify;\">El PAE busca convertir este proyecto en una experiencia pedag\u00f3gica significativa que integre a ni\u00f1os, ni\u00f1as, j\u00f3venes y adolescentes en una pr\u00e1ctica que fomente valores de responsabilidad ecol\u00f3gica, respeto por los recursos naturales y conciencia sobre el impacto de sus h\u00e1bitos cotidianos. De esta manera, se generan beneficios ambientales y se contribuye al desarrollo de una cultura ecol\u00f3gica s\u00f3lida en las nuevas generaciones, quienes ser\u00e1n agentes clave para la sostenibilidad del entorno.<\/p>[\/et_pb_text][\/et_pb_column][\/et_pb_row][et_pb_row _builder_version=\u00bb4.27.4&#8243; _module_preset=\u00bbdefault\u00bb theme_builder_area=\u00bbpost_content\u00bb column_structure=\u00bb1_5,3_5,1_5&#8243;][et_pb_column _builder_version=\u00bb4.27.4&#8243; _module_preset=\u00bbdefault\u00bb type=\u00bb1_5&#8243; theme_builder_area=\u00bbpost_content\u00bb][\/et_pb_column][et_pb_column _builder_version=\u00bb4.27.4&#8243; _module_preset=\u00bbdefault\u00bb type=\u00bb3_5&#8243; theme_builder_area=\u00bbpost_content\u00bb][et_pb_video src=\u00bbhttps:\/\/youtube.com\/shorts\/fwo88M9Ptjg?feature=share\u00bb _builder_version=\u00bb4.27.4&#8243; _module_preset=\u00bbdefault\u00bb theme_builder_area=\u00bbpost_content\u00bb border_radii=\u00bbon|30px|30px|30px|30px\u00bb hover_enabled=\u00bb0&#8243; sticky_enabled=\u00bb0&#8243;][\/et_pb_video][\/et_pb_column][et_pb_column _builder_version=\u00bb4.27.4&#8243; _module_preset=\u00bbdefault\u00bb type=\u00bb1_5&#8243; theme_builder_area=\u00bbpost_content\u00bb][\/et_pb_column][\/et_pb_row][et_pb_row _builder_version=\u00bb4.27.4&#8243; _module_preset=\u00bbdefault\u00bb theme_builder_area=\u00bbpost_content\u00bb][et_pb_column _builder_version=\u00bb4.27.4&#8243; _module_preset=\u00bbdefault\u00bb type=\u00bb4_4&#8243; theme_builder_area=\u00bbpost_content\u00bb][et_pb_text _builder_version=\u00bb4.27.4&#8243; _module_preset=\u00bbdefault\u00bb theme_builder_area=\u00bbpost_content\u00bb hover_enabled=\u00bb0&#8243; sticky_enabled=\u00bb0&#8243;]<p style=\"text-align: justify;\">\u00abEste proyecto es una oportunidad valiosa para que nuestros estudiantes aprendan sobre la importancia del manejo adecuado de residuos y la sostenibilidad ambiental\u00bb, destac\u00f3 Carlos Ram\u00edrez, rector del Colegio Agropecuario Municipal de Arauca. \u00abEstamos comprometidos con la formaci\u00f3n de ciudadanos responsables y conscientes del impacto de sus acciones en el medio ambiente\u00bb.<\/p>\n<p style=\"text-align: justify;\">El proyecto utiliza lombrices para transformar los residuos org\u00e1nicos generados en la instituci\u00f3n educativa, incluyendo los residuos del PAE, en Humus (abono org\u00e1nico de alta calidad). \u00abLa sedes educativas interesadas en replicar este proyecto piloto deber\u00e1n manifestar su inter\u00e9s ante la Secretar\u00eda de Educaci\u00f3n Departamental, donde el equipo PAE estar\u00e1 dispuesto a capacitarlos en este proceso\u201d, se\u00f1al\u00f3 Brayam Usc\u00e1tegui, ingeniero ambiental del equipo PAE.<\/p>[\/et_pb_text][\/et_pb_column][\/et_pb_row][et_pb_row _builder_version=\u00bb4.27.4&#8243; _module_preset=\u00bbdefault\u00bb theme_builder_area=\u00bbpost_content\u00bb][et_pb_column _builder_version=\u00bb4.27.4&#8243; _module_preset=\u00bbdefault\u00bb type=\u00bb4_4&#8243; theme_builder_area=\u00bbpost_content\u00bb][et_pb_gallery _builder_version=\u00bb4.27.4&#8243; _module_preset=\u00bbdefault\u00bb theme_builder_area=\u00bbpost_content\u00bb gallery_ids=\u00bb11411,11412,11413,11414,11415,11416&#8243; gallery_orderby=\u00bbrand\u00bb hover_enabled=\u00bb0&#8243; sticky_enabled=\u00bb0&#8243;][\/et_pb_gallery][\/et_pb_column][\/et_pb_row][et_pb_row _builder_version=\u00bb4.27.4&#8243; _module_preset=\u00bbdefault\u00bb theme_builder_area=\u00bbpost_content\u00bb][et_pb_column _builder_version=\u00bb4.27.4&#8243; _module_preset=\u00bbdefault\u00bb type=\u00bb4_4&#8243; theme_builder_area=\u00bbpost_content\u00bb][et_pb_text _builder_version=\u00bb4.27.4&#8243; _module_preset=\u00bbdefault\u00bb theme_builder_area=\u00bbpost_content\u00bb custom_margin=\u00bb-60px||||false|false\u00bb hover_enabled=\u00bb0&#8243; sticky_enabled=\u00bb0&#8243;]<p style=\"text-align: justify;\">El Secretario de Educaci\u00f3n, Ariel Pedraza, destac\u00f3 el compromiso del Gobierno departamental con la sostenibilidad ambiental y la educaci\u00f3n para el desarrollo sostenible. \u00abEste proyecto es un ejemplo de c\u00f3mo podemos trabajar juntos para promover pr\u00e1cticas sostenibles y reducir nuestro impacto en el medio ambiente\u00bb, afirm\u00f3.<\/p>\n<p style=\"text-align: justify;\">Con este proyecto, la Gobernaci\u00f3n de Arauca busca reducir significativamente la generaci\u00f3n de residuos org\u00e1nicos, producir compost de alta calidad para uso en huertas escolares y jardines, y sensibilizar a los estudiantes en pr\u00e1cticas sostenibles y replicables en sus hogares\u00a0y\u00a0comunidades.<\/p>[\/et_pb_text][\/et_pb_column][\/et_pb_row][et_pb_row _builder_version=\u00bb4.27.4&#8243; _module_preset=\u00bbdefault\u00bb column_structure=\u00bb1_5,3_5,1_5&#8243; theme_builder_area=\u00bbpost_content\u00bb][et_pb_column _builder_version=\u00bb4.27.4&#8243; _module_preset=\u00bbdefault\u00bb type=\u00bb1_5&#8243; theme_builder_area=\u00bbpost_content\u00bb][\/et_pb_column][et_pb_column _builder_version=\u00bb4.27.4&#8243; _module_preset=\u00bbdefault\u00bb type=\u00bb3_5&#8243; theme_builder_area=\u00bbpost_content\u00bb][et_pb_audio title=\u00bbBrayan Usc\u00e1tegui\u00bb artist_name=\u00bbProfesional del Equipo PAE\u00bb _builder_version=\u00bb4.27.4&#8243; _module_preset=\u00bbdefault\u00bb theme_builder_area=\u00bbpost_content\u00bb title_text=\u00bbSostenibilidad Ambiental en IEs con PAE &#8211; Carlos Ram\u00edrez Rector IE Agrop Mpal Arauca\u00bb audio=\u00bbhttps:\/\/www.sedarauca.edu.co\/wp-content\/uploads\/2025\/06\/Sostenibilidad-Ambiental-en-IEs-con-PAE-Carlos-Ramirez-Rector-IE-Agrop-Mpal-Arauca.mp3&#8243; border_radii=\u00bbon|30px|30px|30px|30px\u00bb hover_enabled=\u00bb0&#8243; sticky_enabled=\u00bb0&#8243;][\/et_pb_audio][\/et_pb_column][et_pb_column _builder_version=\u00bb4.27.4&#8243; _module_preset=\u00bbdefault\u00bb type=\u00bb1_5&#8243; theme_builder_area=\u00bbpost_content\u00bb][\/et_pb_column][\/et_pb_row][et_pb_row _builder_version=\u00bb4.27.4&#8243; _module_preset=\u00bbdefault\u00bb column_structure=\u00bb1_2,1_2&#8243; theme_builder_area=\u00bbpost_content\u00bb][et_pb_column _builder_version=\u00bb4.27.4&#8243; _module_preset=\u00bbdefault\u00bb type=\u00bb1_2&#8243; theme_builder_area=\u00bbpost_content\u00bb][et_pb_audio title=\u00bbCarlos Ram\u00edrez\u00bb artist_name=\u00bbRector IE Agropecuario Municipal Arauca\u00bb _builder_version=\u00bb4.27.4&#8243; _module_preset=\u00bbdefault\u00bb theme_builder_area=\u00bbpost_content\u00bb border_radii=\u00bbon|30px|30px|30px|30px\u00bb hover_enabled=\u00bb0&#8243; sticky_enabled=\u00bb0&#8243; title_text=\u00bbSostenibilidad Ambiental en IEs con PAE &#8211; Carlos Ram\u00edrez Rector IE Agrop Mpal Arauca\u00bb audio=\u00bbhttps:\/\/www.sedarauca.edu.co\/wp-content\/uploads\/2025\/06\/Sostenibilidad-Ambiental-en-IEs-con-PAE-Carlos-Ramirez-Rector-IE-Agrop-Mpal-Arauca.mp3&#8243;][\/et_pb_audio][\/et_pb_column][et_pb_column _builder_version=\u00bb4.27.4&#8243; _module_preset=\u00bbdefault\u00bb type=\u00bb1_2&#8243; theme_builder_area=\u00bbpost_content\u00bb][et_pb_audio title=\u00bbAlexandra Aparicio\u00bb artist_name=\u00bbEstudiante IE Agropeciario Municipal Arauca\u00bb _builder_version=\u00bb4.27.4&#8243; _module_preset=\u00bbdefault\u00bb theme_builder_area=\u00bbpost_content\u00bb hover_enabled=\u00bb0&#8243; sticky_enabled=\u00bb0&#8243; title_text=\u00bbSostenibilidad Ambiental en IEs con PAE -Alexandra Aparicio Estudiante IE Agrop Municipal Arauca\u00bb audio=\u00bbhttps:\/\/www.sedarauca.edu.co\/wp-content\/uploads\/2025\/06\/Sostenibilidad-Ambiental-en-IEs-con-PAE-Alexandra-Aparicio-Estudiante-IE-Agrop-Municipal-Arauca.mp3&#8243; border_radii=\u00bbon|30px|30px|30px|30px\u00bb][\/et_pb_audio][\/et_pb_column][\/et_pb_row][\/et_pb_section]\n","protected":false},"excerpt":{"rendered":"<p>Arauca, 20 de junio de 2025. La Gobernaci\u00f3n de Arauca, bajo el liderazgo del gobernador Renson Mart\u00ednez Prada, ha lanzado un innovador proyecto de lombricompostaje en el Instituto Agropecuario Municipal de Arauca a trav\u00e9s del Programa de Alimentaci\u00f3n Escolar (PAE), adscrito a la Secretar\u00eda de Educaci\u00f3n Departamental. Esta iniciativa busca reducir la generaci\u00f3n de residuos [&hellip;]<\/p>\n","protected":false},"author":1,"featured_media":11408,"comment_status":"closed","ping_status":"closed","sticky":false,"template":"","format":"standard","meta":{"_et_pb_use_builder":"on","_et_pb_old_content":"","_et_gb_content_width":"","footnotes":""},"categories":[6,17],"tags":[],"class_list":["post-11407","post","type-post","status-publish","format-standard","has-post-thumbnail","hentry","category-noticias","category-pae"],"_links":{"self":[{"href":"https:\/\/www.sedarauca.edu.co\/index.php\/wp-json\/wp\/v2\/posts\/11407","targetHints":{"allow":["GET"]}}],"collection":[{"href":"https:\/\/www.sedarauca.edu.co\/index.php\/wp-json\/wp\/v2\/posts"}],"about":[{"href":"https:\/\/www.sedarauca.edu.co\/index.php\/wp-json\/wp\/v2\/types\/post"}],"author":[{"embeddable":true,"href":"https:\/\/www.sedarauca.edu.co\/index.php\/wp-json\/wp\/v2\/users\/1"}],"replies":[{"embeddable":true,"href":"https:\/\/www.sedarauca.edu.co\/index.php\/wp-json\/wp\/v2\/comments?post=11407"}],"version-history":[{"count":5,"href":"https:\/\/www.sedarauca.edu.co\/index.php\/wp-json\/wp\/v2\/posts\/11407\/revisions"}],"predecessor-version":[{"id":11424,"href":"https:\/\/www.sedarauca.edu.co\/index.php\/wp-json\/wp\/v2\/posts\/11407\/revisions\/11424"}],"wp:featuredmedia":[{"embeddable":true,"href":"https:\/\/www.sedarauca.edu.co\/index.php\/wp-json\/wp\/v2\/media\/11408"}],"wp:attachment":[{"href":"https:\/\/www.sedarauca.edu.co\/index.php\/wp-json\/wp\/v2\/media?parent=11407"}],"wp:term":[{"taxonomy":"category","embeddable":true,"href":"https:\/\/www.sedarauca.edu.co\/index.php\/wp-json\/wp\/v2\/categories?post=11407"},{"taxonomy":"post_tag","embeddable":true,"href":"https:\/\/www.sedarauca.edu.co\/index.php\/wp-json\/wp\/v2\/tags?post=11407"}],"curies":[{"name":"wp","href":"https:\/\/api.w.org\/{rel}","templated":true}]}}