{"id":11361,"date":"2025-06-14T10:47:00","date_gmt":"2025-06-14T15:47:00","guid":{"rendered":"https:\/\/www.sedarauca.edu.co\/?p=11361"},"modified":"2025-06-20T11:06:47","modified_gmt":"2025-06-20T16:06:47","slug":"saravena-y-fortul-cerraron-el-recorrido-del-gobernador-con-el-programa-arauca-aprende-mejor","status":"publish","type":"post","link":"https:\/\/www.sedarauca.edu.co\/index.php\/2025\/06\/14\/saravena-y-fortul-cerraron-el-recorrido-del-gobernador-con-el-programa-arauca-aprende-mejor\/","title":{"rendered":"Saravena y Fortul cerraron el recorrido del gobernador con el programa \u201cArauca Aprende Mejor\u201d"},"content":{"rendered":"<p>[et_pb_section fb_built=\u00bb1&#8243; theme_builder_area=\u00bbpost_content\u00bb _builder_version=\u00bb4.27.4&#8243; _module_preset=\u00bbdefault\u00bb][et_pb_row _builder_version=\u00bb4.27.4&#8243; _module_preset=\u00bbdefault\u00bb theme_builder_area=\u00bbpost_content\u00bb][et_pb_column _builder_version=\u00bb4.27.4&#8243; _module_preset=\u00bbdefault\u00bb type=\u00bb4_4&#8243; theme_builder_area=\u00bbpost_content\u00bb][et_pb_text _builder_version=\u00bb4.27.4&#8243; _module_preset=\u00bbdefault\u00bb theme_builder_area=\u00bbpost_content\u00bb hover_enabled=\u00bb0&#8243; sticky_enabled=\u00bb0&#8243;]<\/p>\n<p style=\"text-align: justify;\"><strong>Arauca, 13 de junio de 2025. &#8211;<\/strong> El gobernador del departamento, Renson Mart\u00ednez Prada, finaliz\u00f3 en los municipios de Saravena y Fortul la primera fase de entregas del programa Arauca Aprende Mejor, con la distribuci\u00f3n de 1.871 tabletas en Saravena y 904 en Fortul, justo antes del inicio del receso escolar de mitad de a\u00f1o.<\/p>\n<p style=\"text-align: justify;\">Durante su intervenci\u00f3n en Saravena, el mandatario destac\u00f3 el desempe\u00f1o acad\u00e9mico del municipio en las pruebas Saber 11: \u201cFelicito a Saravena. Hoy est\u00e1n por encima del promedio nacional, que es de 260 puntos. Saravena alcanza los 264, lo que demuestra que nuestros profesores est\u00e1n haciendo bien su tarea\u201d, afirm\u00f3.<\/p>\n<p style=\"text-align: justify;\">Mart\u00ednez tambi\u00e9n se dirigi\u00f3 a los estudiantes con un mensaje claro sobre el valor de la educaci\u00f3n: \u201cEstudiar vale la pena. Reconozcan lo valioso que es exigirse, formarse y dar lo mejor de s\u00ed cada d\u00eda\u201d. Asimismo, recalc\u00f3 la importancia de estas herramientas tecnol\u00f3gicas, que fortalecer\u00e1n el aprendizaje tanto en el aula como en la vida.<\/p>\n<p>[\/et_pb_text][\/et_pb_column][\/et_pb_row][et_pb_row _builder_version=\u00bb4.27.4&#8243; _module_preset=\u00bbdefault\u00bb theme_builder_area=\u00bbpost_content\u00bb][et_pb_column _builder_version=\u00bb4.27.4&#8243; _module_preset=\u00bbdefault\u00bb type=\u00bb4_4&#8243; theme_builder_area=\u00bbpost_content\u00bb][et_pb_gallery _builder_version=\u00bb4.27.4&#8243; _module_preset=\u00bbdefault\u00bb theme_builder_area=\u00bbpost_content\u00bb gallery_ids=\u00bb11365,11366,11367,11368,11369,11370,11371,11372,11373,11374,11375,11376,11377&#8243; gallery_orderby=\u00bbrand\u00bb hover_enabled=\u00bb0&#8243; sticky_enabled=\u00bb0&#8243;][\/et_pb_gallery][\/et_pb_column][\/et_pb_row][et_pb_row _builder_version=\u00bb4.27.4&#8243; _module_preset=\u00bbdefault\u00bb column_structure=\u00bb1_5,3_5,1_5&#8243; theme_builder_area=\u00bbpost_content\u00bb hover_enabled=\u00bb0&#8243; sticky_enabled=\u00bb0&#8243; custom_margin=\u00bb-50px||||false|false\u00bb][et_pb_column _builder_version=\u00bb4.27.4&#8243; _module_preset=\u00bbdefault\u00bb type=\u00bb1_5&#8243; theme_builder_area=\u00bbpost_content\u00bb][\/et_pb_column][et_pb_column _builder_version=\u00bb4.27.4&#8243; _module_preset=\u00bbdefault\u00bb type=\u00bb3_5&#8243; theme_builder_area=\u00bbpost_content\u00bb][et_pb_video src=\u00bbhttps:\/\/youtube.com\/shorts\/z3co7MwP-ps?feature=share\u00bb _builder_version=\u00bb4.27.4&#8243; _module_preset=\u00bbdefault\u00bb theme_builder_area=\u00bbpost_content\u00bb border_radii=\u00bbon|30px|30px|30px|30px\u00bb hover_enabled=\u00bb0&#8243; sticky_enabled=\u00bb0&#8243;][\/et_pb_video][\/et_pb_column][et_pb_column _builder_version=\u00bb4.27.4&#8243; _module_preset=\u00bbdefault\u00bb type=\u00bb1_5&#8243; theme_builder_area=\u00bbpost_content\u00bb][\/et_pb_column][\/et_pb_row][et_pb_row _builder_version=\u00bb4.27.4&#8243; _module_preset=\u00bbdefault\u00bb theme_builder_area=\u00bbpost_content\u00bb][et_pb_column _builder_version=\u00bb4.27.4&#8243; _module_preset=\u00bbdefault\u00bb type=\u00bb4_4&#8243; theme_builder_area=\u00bbpost_content\u00bb][et_pb_text _builder_version=\u00bb4.27.4&#8243; _module_preset=\u00bbdefault\u00bb theme_builder_area=\u00bbpost_content\u00bb hover_enabled=\u00bb0&#8243; sticky_enabled=\u00bb0&#8243;]<\/p>\n<p style=\"text-align: justify;\">En Fortul, el rector de la Instituci\u00f3n Educativa Alejandro Humboldt, Jos\u00e9 Alberto Berbes\u00ed, reconoci\u00f3 el impacto del trabajo articulado entre las autoridades locales: \u201cLos esfuerzos combinados del Gobernador y el Alcalde est\u00e1n haciendo una verdadera diferencia, ayudando a nuestros estudiantes a obtener el conocimiento que necesitan para tener \u00e9xito y contribuir a un mejor Fortul y Arauca\u201d.<\/p>\n<p style=\"text-align: justify;\">El acto cont\u00f3 con la presencia del representante a la C\u00e1mara Germ\u00e1n Rozo, el alcalde de Saravena Juan Ignacio Cifuentes Santos, la gestora social Luz Stella, el secretario de Gobierno de Fortul Ever Hern\u00e1n Arias Arias, el secretario de Educaci\u00f3n Departamental Ariel Pedraza Pinz\u00f3n, los diputados Fernando Ram\u00edrez Arauca y Maricel Ortiz, rectores de instituciones educativas y comunidad estudiantil.<\/p>\n<p style=\"text-align: justify;\">El programa Arauca Aprende Mejor continuar\u00e1 su implementaci\u00f3n en los municipios de Cravo Norte y Puerto Rond\u00f3n durante la semana de regreso a clases. Con esta estrategia, el Gobierno Departamental busca garantizar condiciones de calidad en el acceso al conocimiento y la formaci\u00f3n acad\u00e9mica en todo el territorio.<\/p>\n<p style=\"text-align: justify;\">Los estudiantes de Arauca inician su receso escolar con una gran noticia: m\u00e1s tecnolog\u00eda en las aulas, m\u00e1s oportunidades para aprender, y una educaci\u00f3n que sigue\u00a0avanzando.<\/p>\n<p>[\/et_pb_text][\/et_pb_column][\/et_pb_row][\/et_pb_section]<\/p>\n","protected":false},"excerpt":{"rendered":"<p>Arauca, 13 de junio de 2025. &#8211; El gobernador del departamento, Renson Mart\u00ednez Prada, finaliz\u00f3 en los municipios de Saravena y Fortul la primera fase de entregas del programa Arauca Aprende Mejor, con la distribuci\u00f3n de 1.871 tabletas en Saravena y 904 en Fortul, justo antes del inicio del receso escolar de mitad de a\u00f1o. [&hellip;]<\/p>\n","protected":false},"author":1,"featured_media":11362,"comment_status":"closed","ping_status":"closed","sticky":false,"template":"","format":"standard","meta":{"_et_pb_use_builder":"on","_et_pb_old_content":"","_et_gb_content_width":"","footnotes":""},"categories":[44,6],"tags":[],"class_list":["post-11361","post","type-post","status-publish","format-standard","has-post-thumbnail","hentry","category-gestion","category-noticias"],"_links":{"self":[{"href":"https:\/\/www.sedarauca.edu.co\/index.php\/wp-json\/wp\/v2\/posts\/11361","targetHints":{"allow":["GET"]}}],"collection":[{"href":"https:\/\/www.sedarauca.edu.co\/index.php\/wp-json\/wp\/v2\/posts"}],"about":[{"href":"https:\/\/www.sedarauca.edu.co\/index.php\/wp-json\/wp\/v2\/types\/post"}],"author":[{"embeddable":true,"href":"https:\/\/www.sedarauca.edu.co\/index.php\/wp-json\/wp\/v2\/users\/1"}],"replies":[{"embeddable":true,"href":"https:\/\/www.sedarauca.edu.co\/index.php\/wp-json\/wp\/v2\/comments?post=11361"}],"version-history":[{"count":5,"href":"https:\/\/www.sedarauca.edu.co\/index.php\/wp-json\/wp\/v2\/posts\/11361\/revisions"}],"predecessor-version":[{"id":11381,"href":"https:\/\/www.sedarauca.edu.co\/index.php\/wp-json\/wp\/v2\/posts\/11361\/revisions\/11381"}],"wp:featuredmedia":[{"embeddable":true,"href":"https:\/\/www.sedarauca.edu.co\/index.php\/wp-json\/wp\/v2\/media\/11362"}],"wp:attachment":[{"href":"https:\/\/www.sedarauca.edu.co\/index.php\/wp-json\/wp\/v2\/media?parent=11361"}],"wp:term":[{"taxonomy":"category","embeddable":true,"href":"https:\/\/www.sedarauca.edu.co\/index.php\/wp-json\/wp\/v2\/categories?post=11361"},{"taxonomy":"post_tag","embeddable":true,"href":"https:\/\/www.sedarauca.edu.co\/index.php\/wp-json\/wp\/v2\/tags?post=11361"}],"curies":[{"name":"wp","href":"https:\/\/api.w.org\/{rel}","templated":true}]}}