{"id":11341,"date":"2025-06-13T11:45:00","date_gmt":"2025-06-13T16:45:00","guid":{"rendered":"https:\/\/www.sedarauca.edu.co\/?p=11341"},"modified":"2025-06-18T12:00:53","modified_gmt":"2025-06-18T17:00:53","slug":"tame-aprende-mejor-gobernador-de-arauca-entrego-mas-de-2-mil-tabletas-a-instituciones-educativas-oficiales","status":"publish","type":"post","link":"https:\/\/www.sedarauca.edu.co\/index.php\/2025\/06\/13\/tame-aprende-mejor-gobernador-de-arauca-entrego-mas-de-2-mil-tabletas-a-instituciones-educativas-oficiales\/","title":{"rendered":"Tame aprende mejor: Gobernador de Arauca entreg\u00f3 m\u00e1s de 2 mil tabletas a instituciones educativas oficiales"},"content":{"rendered":"<p>[et_pb_section fb_built=\u00bb1&#8243; theme_builder_area=\u00bbpost_content\u00bb _builder_version=\u00bb4.27.4&#8243; _module_preset=\u00bbdefault\u00bb][et_pb_row _builder_version=\u00bb4.27.4&#8243; _module_preset=\u00bbdefault\u00bb theme_builder_area=\u00bbpost_content\u00bb][et_pb_column _builder_version=\u00bb4.27.4&#8243; _module_preset=\u00bbdefault\u00bb type=\u00bb4_4&#8243; theme_builder_area=\u00bbpost_content\u00bb][et_pb_text _builder_version=\u00bb4.27.4&#8243; _module_preset=\u00bbdefault\u00bb theme_builder_area=\u00bbpost_content\u00bb hover_enabled=\u00bb0&#8243; sticky_enabled=\u00bb0&#8243;]<\/p>\n<p style=\"text-align: justify;\"><strong>Tame, 12 de junio de 2025.<\/strong> \u2013 Como parte de la estrategia Arauca Aprende Mejor, el gobernador Renson Mart\u00ednez Prada lleg\u00f3 a la Instituci\u00f3n Educativa Liceo Tame del municipio de Tame para realizar la entrega oficial de 2.263 tabletas a estudiantes de diez instituciones educativas urbanas y rurales, ratificando su compromiso con una mejor educaci\u00f3n.<\/p>\n<p style=\"text-align: justify;\">El evento cont\u00f3 con la participaci\u00f3n del alcalde de Tame, Miguel \u00c1ngel Bastos; secretario de Educaci\u00f3n Departamental, licenciado Ariel Pedraza Pinz\u00f3n; el secretario de Educaci\u00f3n Municipal, licenciado Wilbert Rinc\u00f3n; los diputados de la Asamblea Departamental El\u00edas Rojas Becerra, Alexa Milena Quirife Boh\u00f3rquez y Hern\u00e1n Dar\u00edo Camacho Sarmiento, as\u00ed como rectores de las instituciones beneficiadas.<\/p>\n<p style=\"text-align: justify;\">Durante su intervenci\u00f3n, el gobernador fue enf\u00e1tico: \u201dHoy honramos el compromiso con la educaci\u00f3n. Estos j\u00f3venes ser\u00e1n nuestros futuros l\u00edderes, y por eso buscamos que tengan acceso no solo a la cobertura, sino a una educaci\u00f3n con calidad, con mejores docentes, transporte escolar, alimentaci\u00f3n y ahora tecnolog\u00eda\u201d.<\/p>\n<p style=\"text-align: justify;\">El mandatario tambi\u00e9n destac\u00f3 que Tame concentra el 23% de la matr\u00edcula estudiantil del departamento, con m\u00e1s de 13.000 j\u00f3venes, y reiter\u00f3 que esta estrategia est\u00e1 dise\u00f1ada para brindar herramientas reales que mejoren el proceso de aprendizaje y preparen a los estudiantes para acceder a la educaci\u00f3n superior.<\/p>\n<p>[\/et_pb_text][\/et_pb_column][\/et_pb_row][et_pb_row _builder_version=\u00bb4.27.4&#8243; _module_preset=\u00bbdefault\u00bb theme_builder_area=\u00bbpost_content\u00bb][et_pb_column _builder_version=\u00bb4.27.4&#8243; _module_preset=\u00bbdefault\u00bb type=\u00bb4_4&#8243; theme_builder_area=\u00bbpost_content\u00bb][et_pb_gallery _builder_version=\u00bb4.27.4&#8243; _module_preset=\u00bbdefault\u00bb theme_builder_area=\u00bbpost_content\u00bb gallery_ids=\u00bb11345,11346,11347,11348,11349,11350,11351,11352,11353,11354,11355,11356,11357,11358,11359&#8243; gallery_orderby=\u00bbrand\u00bb hover_enabled=\u00bb0&#8243; sticky_enabled=\u00bb0&#8243;][\/et_pb_gallery][\/et_pb_column][\/et_pb_row][et_pb_row _builder_version=\u00bb4.27.4&#8243; _module_preset=\u00bbdefault\u00bb theme_builder_area=\u00bbpost_content\u00bb][et_pb_column _builder_version=\u00bb4.27.4&#8243; _module_preset=\u00bbdefault\u00bb type=\u00bb4_4&#8243; theme_builder_area=\u00bbpost_content\u00bb][et_pb_text _builder_version=\u00bb4.27.4&#8243; _module_preset=\u00bbdefault\u00bb theme_builder_area=\u00bbpost_content\u00bb custom_margin=\u00bb-60px||||false|false\u00bb hover_enabled=\u00bb0&#8243; sticky_enabled=\u00bb0&#8243;]<\/p>\n<p style=\"text-align: justify;\">En esta jornada, se entregaron tabletas a las siguientes instituciones: la I.E. Agust\u00edn Nieto Caballero recibi\u00f3 149 dispositivos; la I.E. de Promoci\u00f3n Agropecuaria, 366; la I.E. Ernesto Rinc\u00f3n Duc\u00f3n, 174; la I.E. Filipinas, 111; la I.E. Ind\u00edgena Guahibo Betoy, 88; la I.E. Inocencio Chinca, 361; el Liceo Tame, como sede anfitriona, 422; la I.E. Parmenio Bonilla Paredes, 116; la I.E. San Luis, 180; y la I.E. T\u00e9cnico Industrial Froil\u00e1n Leal Far\u00edas, 296.<\/p>\n<p style=\"text-align: justify;\">\u201dSe\u00f1or Gobernador, gracias por creer en la educaci\u00f3n como motor de transformaci\u00f3n social. Gracias por traer esperanza y herramientas que abren caminos hacia un futuro mejor\u201d, expres\u00f3 Willian\u00a0 Guti\u00e9rrez, rector del Liceo Tame.<\/p>\n<p style=\"text-align: justify;\">Adem\u00e1s, el programa incluye la capacitaci\u00f3n a docentes y estudiantes para la apropiaci\u00f3n pedag\u00f3gica de la herramienta tecnol\u00f3gica y el uso de la plataforma Arauca Aprende Mejor, tanto en \u00e1reas b\u00e1sicas como complementarias.<\/p>\n<p style=\"text-align: justify;\">Con esta nueva entrega, la estrategia contin\u00faa su recorrido por el territorio, demostrando que cuando hay voluntad pol\u00edtica, la educaci\u00f3n s\u00ed puede marcar\u00a0la\u00a0diferencia.<\/p>\n<p>[\/et_pb_text][\/et_pb_column][\/et_pb_row][\/et_pb_section]<\/p>\n","protected":false},"excerpt":{"rendered":"<p>Tame, 12 de junio de 2025. \u2013 Como parte de la estrategia Arauca Aprende Mejor, el gobernador Renson Mart\u00ednez Prada lleg\u00f3 a la Instituci\u00f3n Educativa Liceo Tame del municipio de Tame para realizar la entrega oficial de 2.263 tabletas a estudiantes de diez instituciones educativas urbanas y rurales, ratificando su compromiso con una mejor educaci\u00f3n. [&hellip;]<\/p>\n","protected":false},"author":1,"featured_media":11342,"comment_status":"closed","ping_status":"closed","sticky":false,"template":"","format":"standard","meta":{"_et_pb_use_builder":"on","_et_pb_old_content":"","_et_gb_content_width":"","footnotes":""},"categories":[44,6],"tags":[],"class_list":["post-11341","post","type-post","status-publish","format-standard","has-post-thumbnail","hentry","category-gestion","category-noticias"],"_links":{"self":[{"href":"https:\/\/www.sedarauca.edu.co\/index.php\/wp-json\/wp\/v2\/posts\/11341","targetHints":{"allow":["GET"]}}],"collection":[{"href":"https:\/\/www.sedarauca.edu.co\/index.php\/wp-json\/wp\/v2\/posts"}],"about":[{"href":"https:\/\/www.sedarauca.edu.co\/index.php\/wp-json\/wp\/v2\/types\/post"}],"author":[{"embeddable":true,"href":"https:\/\/www.sedarauca.edu.co\/index.php\/wp-json\/wp\/v2\/users\/1"}],"replies":[{"embeddable":true,"href":"https:\/\/www.sedarauca.edu.co\/index.php\/wp-json\/wp\/v2\/comments?post=11341"}],"version-history":[{"count":3,"href":"https:\/\/www.sedarauca.edu.co\/index.php\/wp-json\/wp\/v2\/posts\/11341\/revisions"}],"predecessor-version":[{"id":11360,"href":"https:\/\/www.sedarauca.edu.co\/index.php\/wp-json\/wp\/v2\/posts\/11341\/revisions\/11360"}],"wp:featuredmedia":[{"embeddable":true,"href":"https:\/\/www.sedarauca.edu.co\/index.php\/wp-json\/wp\/v2\/media\/11342"}],"wp:attachment":[{"href":"https:\/\/www.sedarauca.edu.co\/index.php\/wp-json\/wp\/v2\/media?parent=11341"}],"wp:term":[{"taxonomy":"category","embeddable":true,"href":"https:\/\/www.sedarauca.edu.co\/index.php\/wp-json\/wp\/v2\/categories?post=11341"},{"taxonomy":"post_tag","embeddable":true,"href":"https:\/\/www.sedarauca.edu.co\/index.php\/wp-json\/wp\/v2\/tags?post=11341"}],"curies":[{"name":"wp","href":"https:\/\/api.w.org\/{rel}","templated":true}]}}