{"id":11315,"date":"2025-06-10T11:14:00","date_gmt":"2025-06-10T16:14:00","guid":{"rendered":"https:\/\/www.sedarauca.edu.co\/?p=11315"},"modified":"2025-06-18T11:43:21","modified_gmt":"2025-06-18T16:43:21","slug":"con-entrega-de-9-055-tabletas-gobernador-de-arauca-lanza-estrategia-para-mejorar-la-calidad-educativa-en-el-departamento","status":"publish","type":"post","link":"https:\/\/www.sedarauca.edu.co\/index.php\/2025\/06\/10\/con-entrega-de-9-055-tabletas-gobernador-de-arauca-lanza-estrategia-para-mejorar-la-calidad-educativa-en-el-departamento\/","title":{"rendered":"Con entrega de 9.055 tabletas, Gobernador de Arauca lanza estrategia para mejorar la calidad educativa en el Departamento"},"content":{"rendered":"<p>[et_pb_section fb_built=\u00bb1&#8243; theme_builder_area=\u00bbpost_content\u00bb _builder_version=\u00bb4.27.4&#8243; _module_preset=\u00bbdefault\u00bb][et_pb_row _builder_version=\u00bb4.27.4&#8243; _module_preset=\u00bbdefault\u00bb theme_builder_area=\u00bbpost_content\u00bb][et_pb_column _builder_version=\u00bb4.27.4&#8243; _module_preset=\u00bbdefault\u00bb type=\u00bb4_4&#8243; theme_builder_area=\u00bbpost_content\u00bb][et_pb_text _builder_version=\u00bb4.27.4&#8243; _module_preset=\u00bbdefault\u00bb theme_builder_area=\u00bbpost_content\u00bb custom_margin=\u00bb-30px||||false|false\u00bb hover_enabled=\u00bb0&#8243; sticky_enabled=\u00bb0&#8243;]<\/p>\n<p style=\"text-align: center;\"><em>Arauca Aprende Mejor inicia su recorrido por los siete municipios con herramientas tecnol\u00f3gicas para fortalecer el aprendizaje de los estudiantes en instituciones oficiales<\/em>.<\/p>\n<p>[\/et_pb_text][\/et_pb_column][\/et_pb_row][et_pb_row _builder_version=\u00bb4.27.4&#8243; _module_preset=\u00bbdefault\u00bb theme_builder_area=\u00bbpost_content\u00bb][et_pb_column _builder_version=\u00bb4.27.4&#8243; _module_preset=\u00bbdefault\u00bb type=\u00bb4_4&#8243; theme_builder_area=\u00bbpost_content\u00bb][et_pb_text _builder_version=\u00bb4.27.4&#8243; _module_preset=\u00bbdefault\u00bb theme_builder_area=\u00bbpost_content\u00bb hover_enabled=\u00bb0&#8243; sticky_enabled=\u00bb0&#8243;]<\/p>\n<p style=\"text-align: justify;\"><strong>Arauca, 9 de junio de 2025.<\/strong> \u2013 En un acto encabezado por el gobernador Renson Mart\u00ednez Prada en las instituciones educativas Sim\u00f3n Bol\u00edvar y Francisco Jos\u00e9 de Caldas, del municipio de Arauca, se dio inicio al recorrido oficial de lanzamiento del programa Arauca Aprende Mejor, una de las nuevas estrategias del gobierno departamental para fortalecer la educaci\u00f3n como motor de transformaci\u00f3n territorial.<\/p>\n<p style=\"text-align: justify;\">El proyecto, denominado \u201cFortalecimiento de los procesos de ense\u00f1anza y aprendizaje a trav\u00e9s de herramientas tecnol\u00f3gicas con contenido pedag\u00f3gico\u201d, contempla la entrega de 9.055 tabletas digitales a estudiantes y docentes de grados 8\u00b0, 9\u00b0, 10\u00b0 y 11\u00b0, distribuidas en 45 sedes educativas oficiales de los municipios de Arauca, Arauquita, Cravo Norte, Fortul, Puerto Rond\u00f3n, Saravena y Tame.<\/p>\n<p style=\"text-align: justify;\">Con una inversi\u00f3n de 20 mil millones de pesos provenientes de recursos de regal\u00edas, la Gobernaci\u00f3n de Arauca busca impactar directamente la calidad de la educaci\u00f3n media, fortaleciendo el acceso a contenidos pedag\u00f3gicos en \u00e1reas fundamentales y transversales, como Matem\u00e1ticas, Ciencias Naturales, Ingl\u00e9s, Espa\u00f1ol, Ciencias Sociales, Emprendimiento, Educaci\u00f3n Ambiental, C\u00e1tedra de Paz, Educaci\u00f3n Vial, Nutrici\u00f3n y Salud, y Educaci\u00f3n Socioemocional. La plataforma funciona tanto en l\u00ednea como sin conexi\u00f3n, lo que garantiza su uso en todo el territorio, incluso en zonas rurales con limitaciones de conectividad.<\/p>\n<p style=\"text-align: justify;\">Adem\u00e1s de la dotaci\u00f3n tecnol\u00f3gica, el proyecto incluye la formaci\u00f3n de docentes y estudiantes, con el prop\u00f3sito de fortalecer las competencias digitales y transformar los procesos de ense\u00f1anza. Esta estrategia surge como respuesta a los bajos resultados del departamento en las pruebas Saber, donde el 62% de los establecimientos educativos se ubican en las categor\u00edas m\u00e1s bajas (C y D) y los niveles de Lectura Cr\u00edtica muestran un alto porcentaje de estudiantes en los niveles 1 y 2.<\/p>\n<p style=\"text-align: justify;\">Arauca Aprende Mejor se convierte en una herramienta clave para cerrar brechas educativas. Desde el a\u00f1o 2020, el departamento ha registrado puntajes entre 3 y 6 puntos por debajo del promedio nacional, una diferencia que antes de la pandemia no exist\u00eda. Con esta iniciativa, el gobierno departamental busca recuperar y superar esos indicadores, brindando mejores oportunidades de formaci\u00f3n a ni\u00f1os, ni\u00f1as y j\u00f3venes del territorio.<\/p>\n<p style=\"text-align: justify;\">\u201cDesde el Gobierno Departamental estamos haciendo un esfuerzo para garantizar una educaci\u00f3n de calidad, y eso requiere tres elementos: buenos maestros, infraestructura digna y dotaci\u00f3n tecnol\u00f3gica\u201d, expres\u00f3 el mandatario.<\/p>\n<p>[\/et_pb_text][\/et_pb_column][\/et_pb_row][et_pb_row _builder_version=\u00bb4.27.4&#8243; _module_preset=\u00bbdefault\u00bb theme_builder_area=\u00bbpost_content\u00bb][et_pb_column _builder_version=\u00bb4.27.4&#8243; _module_preset=\u00bbdefault\u00bb type=\u00bb4_4&#8243; theme_builder_area=\u00bbpost_content\u00bb][et_pb_gallery _builder_version=\u00bb4.27.4&#8243; _module_preset=\u00bbdefault\u00bb theme_builder_area=\u00bbpost_content\u00bb gallery_ids=\u00bb11320,11321,11322,11323,11324,11325,11326,11327,11328,11329,11330,11331,11332,11333,11334,11335,11336,11337,11338,11339&#8243; gallery_orderby=\u00bbrand\u00bb hover_enabled=\u00bb0&#8243; sticky_enabled=\u00bb0&#8243;][\/et_pb_gallery][\/et_pb_column][\/et_pb_row][et_pb_row _builder_version=\u00bb4.27.4&#8243; _module_preset=\u00bbdefault\u00bb theme_builder_area=\u00bbpost_content\u00bb][et_pb_column _builder_version=\u00bb4.27.4&#8243; _module_preset=\u00bbdefault\u00bb type=\u00bb4_4&#8243; theme_builder_area=\u00bbpost_content\u00bb][et_pb_text _builder_version=\u00bb4.27.4&#8243; _module_preset=\u00bbdefault\u00bb theme_builder_area=\u00bbpost_content\u00bb hover_enabled=\u00bb0&#8243; sticky_enabled=\u00bb0&#8243; custom_margin=\u00bb-60px||||false|false\u00bb]<\/p>\n<p style=\"text-align: justify;\">El gobernador fue enf\u00e1tico al se\u00f1alar que la causa del atraso en el desarrollo est\u00e1 ligada a la educaci\u00f3n, y por eso la ha convertido en una de las principales apuestas de su gobierno. \u201cPara que Arauca sea mejor, debemos formar mejores personas y fortalecer sus capacidades\u201d, agreg\u00f3.<\/p>\n<p style=\"text-align: justify;\">Como parte del proyecto, se priorizaron instituciones educativas que requer\u00edan fortalecimiento, y se hizo entrega de tabletas para estudiantes y docentes, promoviendo el acceso a herramientas que potencien el aprendizaje.<\/p>\n<p style=\"text-align: justify;\">A los estudiantes, les dej\u00f3 un mensaje: \u201cJ\u00f3venes, aprovechen las oportunidades. Proy\u00e9ctense desde ya, ap\u00f3yense en sus pap\u00e1s. Preg\u00fantense: \u00bfpara d\u00f3nde voy?, \u00bfqu\u00e9 quiero ser? Aprovechemos los dones que Dios nos ha dado para ser profesionales, ayudar a nuestras familias y a nosotros mismos.\u201d.<\/p>\n<p style=\"text-align: justify;\">Esta primera jornada cont\u00f3 con el acompa\u00f1amiento de la gestora Social Gleydis Torres, el representante a la C\u00e1mara German Rozo, diputados, directivos docentes, personeros estudiantiles y comunidades educativas, quienes tambi\u00e9n resaltaron la importancia de este tipo de acciones para enfrentar los rezagos que afectan al sector.<\/p>\n<p style=\"text-align: justify;\">\u201cEsta entrega demuestra que s\u00ed hay un gobierno comprometido con la educaci\u00f3n. Para muchos estudiantes esta tableta es la primera herramienta tecnol\u00f3gica que tendr\u00e1n en clases, y eso es un cambio muy grande en nuestras posibilidades de aprender\u201d, expres\u00f3 Jhon Alexander Guti\u00e9rrez, personero estudiantil de la IE Sim\u00f3n Bol\u00edvar.<\/p>\n<p style=\"text-align: justify;\">Desde la IE Francisco Jos\u00e9 de Caldas,\u00a0 Sara Fernanda Remolina Cede\u00f1o, personera estudiantil, destac\u00f3 que este proyecto ayuda a cerrar brechas entre lo rural y lo urbano: \u201cMuchas veces no tenemos acceso a internet o a contenidos actualizados. Con estas tabletas vamos a poder aprender m\u00e1s, prepararnos mejor y llegar m\u00e1s lejos\u201d.<\/p>\n<p style=\"text-align: justify;\">Jorge Contreras, rector de la instituci\u00f3n, agreg\u00f3: \u201cM\u00e1s all\u00e1 de la entrega del equipo, valoramos el acompa\u00f1amiento pedag\u00f3gico. Que nuestros docentes tambi\u00e9n reciban formaci\u00f3n marca una diferencia porque impacta directamente lo que ocurre en el aula\u201d.<\/p>\n<p style=\"text-align: justify;\">Durante los pr\u00f3ximos d\u00edas, continuar\u00e1n las entregas en instituciones educativas de Arauquita, Tame, Fortul y Saravena. El objetivo es que los estudiantes reciban estas herramientas antes del receso de mitad de a\u00f1o y regresen al tercer periodo escolar de 2025 con mayor motivaci\u00f3n, mejores herramientas y capacidades reforzadas.<\/p>\n<p style=\"text-align: justify;\">Finalmente, el Gobernador Renson Mart\u00ednez record\u00f3 que, aunque el gobierno hace esfuerzos en alimentaci\u00f3n, transporte y dotaci\u00f3n, nada de eso ser\u00e1 suficiente sin el compromiso de los estudiantes: \u201cLa responsabilidad de que Arauca sea mejor es de todos, pero principalmente de ustedes, los\u00a0estudiantes.\u201d<\/p>\n<p>[\/et_pb_text][\/et_pb_column][\/et_pb_row][\/et_pb_section]<\/p>\n","protected":false},"excerpt":{"rendered":"<p>Arauca Aprende Mejor inicia su recorrido por los siete municipios con herramientas tecnol\u00f3gicas para fortalecer el aprendizaje de los estudiantes en instituciones oficiales.Arauca, 9 de junio de 2025. \u2013 En un acto encabezado por el gobernador Renson Mart\u00ednez Prada en las instituciones educativas Sim\u00f3n Bol\u00edvar y Francisco Jos\u00e9 de Caldas, del municipio de Arauca, se [&hellip;]<\/p>\n","protected":false},"author":1,"featured_media":11316,"comment_status":"closed","ping_status":"closed","sticky":false,"template":"","format":"standard","meta":{"_et_pb_use_builder":"on","_et_pb_old_content":"","_et_gb_content_width":"","footnotes":""},"categories":[44,6],"tags":[],"class_list":["post-11315","post","type-post","status-publish","format-standard","has-post-thumbnail","hentry","category-gestion","category-noticias"],"_links":{"self":[{"href":"https:\/\/www.sedarauca.edu.co\/index.php\/wp-json\/wp\/v2\/posts\/11315","targetHints":{"allow":["GET"]}}],"collection":[{"href":"https:\/\/www.sedarauca.edu.co\/index.php\/wp-json\/wp\/v2\/posts"}],"about":[{"href":"https:\/\/www.sedarauca.edu.co\/index.php\/wp-json\/wp\/v2\/types\/post"}],"author":[{"embeddable":true,"href":"https:\/\/www.sedarauca.edu.co\/index.php\/wp-json\/wp\/v2\/users\/1"}],"replies":[{"embeddable":true,"href":"https:\/\/www.sedarauca.edu.co\/index.php\/wp-json\/wp\/v2\/comments?post=11315"}],"version-history":[{"count":4,"href":"https:\/\/www.sedarauca.edu.co\/index.php\/wp-json\/wp\/v2\/posts\/11315\/revisions"}],"predecessor-version":[{"id":11340,"href":"https:\/\/www.sedarauca.edu.co\/index.php\/wp-json\/wp\/v2\/posts\/11315\/revisions\/11340"}],"wp:featuredmedia":[{"embeddable":true,"href":"https:\/\/www.sedarauca.edu.co\/index.php\/wp-json\/wp\/v2\/media\/11316"}],"wp:attachment":[{"href":"https:\/\/www.sedarauca.edu.co\/index.php\/wp-json\/wp\/v2\/media?parent=11315"}],"wp:term":[{"taxonomy":"category","embeddable":true,"href":"https:\/\/www.sedarauca.edu.co\/index.php\/wp-json\/wp\/v2\/categories?post=11315"},{"taxonomy":"post_tag","embeddable":true,"href":"https:\/\/www.sedarauca.edu.co\/index.php\/wp-json\/wp\/v2\/tags?post=11315"}],"curies":[{"name":"wp","href":"https:\/\/api.w.org\/{rel}","templated":true}]}}