{"id":11161,"date":"2025-05-29T11:48:00","date_gmt":"2025-05-29T16:48:00","guid":{"rendered":"https:\/\/www.sedarauca.edu.co\/?p=11161"},"modified":"2025-05-29T19:57:22","modified_gmt":"2025-05-30T00:57:22","slug":"por-jornada-de-fumigacion-se-modificaran-horarios-de-atencion-este-30-de-mayo","status":"publish","type":"post","link":"https:\/\/www.sedarauca.edu.co\/index.php\/2025\/05\/29\/por-jornada-de-fumigacion-se-modificaran-horarios-de-atencion-este-30-de-mayo\/","title":{"rendered":"Por jornada de fumigaci\u00f3n se modificar\u00e1n horarios de atenci\u00f3n este 30 de mayo"},"content":{"rendered":"<p>[et_pb_section fb_built=\u00bb1&#8243; theme_builder_area=\u00bbpost_content\u00bb _builder_version=\u00bb4.27.4&#8243; _module_preset=\u00bbdefault\u00bb][et_pb_row _builder_version=\u00bb4.27.4&#8243; _module_preset=\u00bbdefault\u00bb theme_builder_area=\u00bbpost_content\u00bb][et_pb_column _builder_version=\u00bb4.27.4&#8243; _module_preset=\u00bbdefault\u00bb type=\u00bb4_4&#8243; theme_builder_area=\u00bbpost_content\u00bb][et_pb_text _builder_version=\u00bb4.27.4&#8243; _module_preset=\u00bbdefault\u00bb theme_builder_area=\u00bbpost_content\u00bb hover_enabled=\u00bb0&#8243; sticky_enabled=\u00bb0&#8243;]<\/p>\n<p style=\"text-align: justify;\">La Secretar\u00eda de Educaci\u00f3n del Departamento de Arauca informa a la comunidad en general que, con base en la Circular Interna No. 031 de 2025, expedida por la Secretar\u00eda General y de Desarrollo Institucional, se implementar\u00e1n ajustes en la jornada laboral del pr\u00f3ximo\u00a0<strong>viernes 30 de mayo<\/strong>\u00a0debido a una jornada de fumigaci\u00f3n preventiva.<\/p>\n<p style=\"text-align: justify;\">Esta actividad se desarrollar\u00e1 con el objetivo de reducir la proliferaci\u00f3n de zancudos, cuya presencia ha aumentado en los \u00faltimos d\u00edas, y as\u00ed prevenir enfermedades transmitidas por vectores.<\/p>\n<p style=\"text-align: justify;\">Los horarios establecidos para el d\u00eda viernes 30 de mayo son los siguientes:<\/p>\n<ul style=\"text-align: justify;\">\n<li><strong>Horario laboral para los servidores p\u00fablicos:<\/strong><br \/>De 7:00 a. m. a 12:00 m. y de 1:00 p. m. a 4:00 p. m.<\/li>\n<li><strong>Horario de atenci\u00f3n al p\u00fablico:<\/strong><br \/>De 8:00 a. m. a 12:00 m. y de 2:00 p. m. a 3:30 p. m.<\/li>\n<\/ul>\n<p style=\"text-align: justify;\">Para la recepci\u00f3n de documentos y cualquier gesti\u00f3n relacionada, se recuerda a la ciudadan\u00eda que se encuentran habilitados los siguientes canales de atenci\u00f3n virtual:<\/p>\n<ul style=\"text-align: justify;\">\n<li><strong>Correo electr\u00f3nico:<\/strong>sac@sedarauca.gov.co<\/li>\n<li><strong>P\u00e1gina web institucional:<\/strong><u><a href=\"https:\/\/www.sedarauca.edu.co\/\">sedarauca.edu.co<\/a><\/u>, a trav\u00e9s de la plataforma SAC<\/li>\n<li><strong>Plataforma SIAC:<\/strong><u><a href=\"http:\/\/www.siacgobarauca.co\/\">siacgobarauca.co<\/a><\/u><\/li>\n<\/ul>\n<p style=\"text-align: justify;\">Agradecemos la comprensi\u00f3n y colaboraci\u00f3n de todos los funcionarios y usuarios para el adecuado desarrollo de esta jornada.<\/p>\n<p>[\/et_pb_text][\/et_pb_column][\/et_pb_row][\/et_pb_section]<\/p>\n","protected":false},"excerpt":{"rendered":"<p>La Secretar\u00eda de Educaci\u00f3n del Departamento de Arauca informa a la comunidad en general que, con base en la Circular Interna No. 031 de 2025, expedida por la Secretar\u00eda General y de Desarrollo Institucional, se implementar\u00e1n ajustes en la jornada laboral del pr\u00f3ximo\u00a0viernes 30 de mayo\u00a0debido a una jornada de fumigaci\u00f3n preventiva. Esta actividad se [&hellip;]<\/p>\n","protected":false},"author":1,"featured_media":11164,"comment_status":"closed","ping_status":"closed","sticky":false,"template":"","format":"standard","meta":{"_et_pb_use_builder":"on","_et_pb_old_content":"","_et_gb_content_width":"","footnotes":""},"categories":[21,6,1],"tags":[],"class_list":["post-11161","post","type-post","status-publish","format-standard","has-post-thumbnail","hentry","category-boletin","category-noticias","category-sin-categoria"],"_links":{"self":[{"href":"https:\/\/www.sedarauca.edu.co\/index.php\/wp-json\/wp\/v2\/posts\/11161","targetHints":{"allow":["GET"]}}],"collection":[{"href":"https:\/\/www.sedarauca.edu.co\/index.php\/wp-json\/wp\/v2\/posts"}],"about":[{"href":"https:\/\/www.sedarauca.edu.co\/index.php\/wp-json\/wp\/v2\/types\/post"}],"author":[{"embeddable":true,"href":"https:\/\/www.sedarauca.edu.co\/index.php\/wp-json\/wp\/v2\/users\/1"}],"replies":[{"embeddable":true,"href":"https:\/\/www.sedarauca.edu.co\/index.php\/wp-json\/wp\/v2\/comments?post=11161"}],"version-history":[{"count":2,"href":"https:\/\/www.sedarauca.edu.co\/index.php\/wp-json\/wp\/v2\/posts\/11161\/revisions"}],"predecessor-version":[{"id":11165,"href":"https:\/\/www.sedarauca.edu.co\/index.php\/wp-json\/wp\/v2\/posts\/11161\/revisions\/11165"}],"wp:featuredmedia":[{"embeddable":true,"href":"https:\/\/www.sedarauca.edu.co\/index.php\/wp-json\/wp\/v2\/media\/11164"}],"wp:attachment":[{"href":"https:\/\/www.sedarauca.edu.co\/index.php\/wp-json\/wp\/v2\/media?parent=11161"}],"wp:term":[{"taxonomy":"category","embeddable":true,"href":"https:\/\/www.sedarauca.edu.co\/index.php\/wp-json\/wp\/v2\/categories?post=11161"},{"taxonomy":"post_tag","embeddable":true,"href":"https:\/\/www.sedarauca.edu.co\/index.php\/wp-json\/wp\/v2\/tags?post=11161"}],"curies":[{"name":"wp","href":"https:\/\/api.w.org\/{rel}","templated":true}]}}