{"id":11091,"date":"2025-05-21T11:07:00","date_gmt":"2025-05-21T16:07:00","guid":{"rendered":"https:\/\/www.sedarauca.edu.co\/?p=11091"},"modified":"2025-05-27T11:18:07","modified_gmt":"2025-05-27T16:18:07","slug":"la-universidad-industrial-de-santander-ofrecera-programas-academicos-de-alta-calidad-en-el-departamento-de-arauca-tras-lo-acordado-con-el-ministerio-de-educacion-nacional-y-la-gobernacion-de-dicha-reg","status":"publish","type":"post","link":"https:\/\/www.sedarauca.edu.co\/index.php\/2025\/05\/21\/la-universidad-industrial-de-santander-ofrecera-programas-academicos-de-alta-calidad-en-el-departamento-de-arauca-tras-lo-acordado-con-el-ministerio-de-educacion-nacional-y-la-gobernacion-de-dicha-reg\/","title":{"rendered":"La Universidad Industrial de Santander ofrecer\u00e1 programas acad\u00e9micos de alta calidad en el Departamento de Arauca tras lo acordado con el Ministerio de Educaci\u00f3n Nacional y la Gobernaci\u00f3n de dicha regi\u00f3n de Colombia."},"content":{"rendered":"\n[et_pb_section fb_built=\u00bb1&#8243; theme_builder_area=\u00bbpost_content\u00bb _builder_version=\u00bb4.27.4&#8243; _module_preset=\u00bbdefault\u00bb][et_pb_row _builder_version=\u00bb4.27.4&#8243; _module_preset=\u00bbdefault\u00bb theme_builder_area=\u00bbpost_content\u00bb][et_pb_column _builder_version=\u00bb4.27.4&#8243; _module_preset=\u00bbdefault\u00bb type=\u00bb4_4&#8243; theme_builder_area=\u00bbpost_content\u00bb][et_pb_text _builder_version=\u00bb4.27.4&#8243; _module_preset=\u00bbdefault\u00bb theme_builder_area=\u00bbpost_content\u00bb custom_margin=\u00bb-20px||||false|false\u00bb hover_enabled=\u00bb0&#8243; sticky_enabled=\u00bb0&#8243;]<p style=\"text-align: justify;\">La Universidad Industrial de Santander ofrecer\u00e1 programas acad\u00e9micos de alta calidad en el Departamento de Arauca tras lo acordado con el Ministerio de Educaci\u00f3n Nacional y la Gobernaci\u00f3n de dicha regi\u00f3n de Colombia.<\/p>\n<p style=\"text-align: justify;\">La meta es que para el segundo semestre de 2025 se inicie con la oferta de tres programas y para el 2026-1 se sumen cuatro m\u00e1s, con el objetivo de llegar a 20 en un futuro cercano y que todos ellos sean atractivos y pertinentes para la comunidad de Arauca.<\/p>\n<p style=\"text-align: justify;\">\u00a0\u201cLa UIS contin\u00faa con el proceso de apoyo a la regionalizaci\u00f3n y a la construcci\u00f3n de pa\u00eds mediante la educaci\u00f3n que es la herramienta m\u00e1s fuerte contra la violencia y la falta de oportunidades. En Arauca inicialmente vamos a llevar programas acad\u00e9micos que tenemos como universidad y que sean pertinentes en dicha regi\u00f3n\u201d, indic\u00f3 Camilo Londo\u00f1o S\u00e1nchez, director de Admisiones y Registro Acad\u00e9mico UIS.<\/p>[\/et_pb_text][\/et_pb_column][\/et_pb_row][et_pb_row _builder_version=\u00bb4.27.4&#8243; _module_preset=\u00bbdefault\u00bb column_structure=\u00bb1_5,3_5,1_5&#8243; theme_builder_area=\u00bbpost_content\u00bb][et_pb_column _builder_version=\u00bb4.27.4&#8243; _module_preset=\u00bbdefault\u00bb type=\u00bb1_5&#8243; theme_builder_area=\u00bbpost_content\u00bb][\/et_pb_column][et_pb_column _builder_version=\u00bb4.27.4&#8243; _module_preset=\u00bbdefault\u00bb type=\u00bb3_5&#8243; theme_builder_area=\u00bbpost_content\u00bb][et_pb_image src=\u00bbhttps:\/\/www.sedarauca.edu.co\/wp-content\/uploads\/2025\/05\/Luis-Alvaro-Gallardo-MEN-Ministerio-Educacion-1024&#215;618-1.jpeg\u00bb _builder_version=\u00bb4.27.4&#8243; _module_preset=\u00bbdefault\u00bb theme_builder_area=\u00bbpost_content\u00bb title_text=\u00bbLuis-Alvaro-Gallardo-MEN-Ministerio-Educacion-1024&#215;618&#8243; hover_enabled=\u00bb0&#8243; sticky_enabled=\u00bb0&#8243;][\/et_pb_image][\/et_pb_column][et_pb_column _builder_version=\u00bb4.27.4&#8243; _module_preset=\u00bbdefault\u00bb type=\u00bb1_5&#8243; theme_builder_area=\u00bbpost_content\u00bb][\/et_pb_column][\/et_pb_row][et_pb_row _builder_version=\u00bb4.27.4&#8243; _module_preset=\u00bbdefault\u00bb theme_builder_area=\u00bbpost_content\u00bb][et_pb_column _builder_version=\u00bb4.27.4&#8243; _module_preset=\u00bbdefault\u00bb type=\u00bb4_4&#8243; theme_builder_area=\u00bbpost_content\u00bb][et_pb_text _builder_version=\u00bb4.27.4&#8243; _module_preset=\u00bbdefault\u00bb theme_builder_area=\u00bbpost_content\u00bb hover_enabled=\u00bb0&#8243; sticky_enabled=\u00bb0&#8243;]<p style=\"text-align: justify;\">Igualmente se estar\u00e1 haciendo un acompa\u00f1amiento para que Arauca, Saravena y el departamento en general tenga su propia universidad p\u00fablica en un futuro.<\/p>\n<p style=\"text-align: justify;\">\u201cLa idea es acompa\u00f1ar desde la UIS el proceso de inicio de formaci\u00f3n acad\u00e9mica en Arauca hasta que el propio territorio se apropie de esto y as\u00ed seremos hermanos de por vida. Queremos trazar la hoja de ruta para llegar ya con la educaci\u00f3n superior a Arauca\u201d, enfatiz\u00f3 Hern\u00e1n Porras D\u00edaz, rector UIS.<\/p>\n<p style=\"text-align: justify;\">La jornada de trabajo se realiz\u00f3 en el campus central UIS en Bucaramanga y la lider\u00f3 el Consejo Acad\u00e9mico, junto con delegados del Ministerio de Educaci\u00f3n y de la Gobernaci\u00f3n de Arauca.<\/p>[\/et_pb_text][\/et_pb_column][\/et_pb_row][et_pb_row _builder_version=\u00bb4.27.4&#8243; _module_preset=\u00bbdefault\u00bb column_structure=\u00bb1_2,1_2&#8243; theme_builder_area=\u00bbpost_content\u00bb][et_pb_column _builder_version=\u00bb4.27.4&#8243; _module_preset=\u00bbdefault\u00bb type=\u00bb1_2&#8243; theme_builder_area=\u00bbpost_content\u00bb][et_pb_image src=\u00bbhttps:\/\/www.sedarauca.edu.co\/wp-content\/uploads\/2025\/05\/Gobernador-de-Arauca-Renson-Jesus-Martinez-Prada-1024&#215;683-1.jpeg\u00bb _builder_version=\u00bb4.27.4&#8243; _module_preset=\u00bbdefault\u00bb theme_builder_area=\u00bbpost_content\u00bb title_text=\u00bbGobernador-de-Arauca-Renson-Jesus-Martinez-Prada-1024&#215;683&#8243; hover_enabled=\u00bb0&#8243; sticky_enabled=\u00bb0&#8243;][\/et_pb_image][\/et_pb_column][et_pb_column _builder_version=\u00bb4.27.4&#8243; _module_preset=\u00bbdefault\u00bb type=\u00bb1_2&#8243; theme_builder_area=\u00bbpost_content\u00bb][et_pb_image src=\u00bbhttps:\/\/www.sedarauca.edu.co\/wp-content\/uploads\/2025\/05\/Hernan-Porras-Diaz-rector-UIS-2-1024&#215;682-1.jpeg\u00bb _builder_version=\u00bb4.27.4&#8243; _module_preset=\u00bbdefault\u00bb theme_builder_area=\u00bbpost_content\u00bb title_text=\u00bbHernan-Porras-Diaz-rector-UIS-2-1024&#215;682&#8243; hover_enabled=\u00bb0&#8243; sticky_enabled=\u00bb0&#8243;][\/et_pb_image][\/et_pb_column][\/et_pb_row][et_pb_row _builder_version=\u00bb4.27.4&#8243; _module_preset=\u00bbdefault\u00bb theme_builder_area=\u00bbpost_content\u00bb][et_pb_column _builder_version=\u00bb4.27.4&#8243; _module_preset=\u00bbdefault\u00bb type=\u00bb4_4&#8243; theme_builder_area=\u00bbpost_content\u00bb][et_pb_text _builder_version=\u00bb4.27.4&#8243; _module_preset=\u00bbdefault\u00bb theme_builder_area=\u00bbpost_content\u00bb hover_enabled=\u00bb0&#8243; sticky_enabled=\u00bb0&#8243;]<p style=\"text-align: justify;\">\u201cEstamos definiendo una ruta clara para pronto hacer posible la presencia de la Universidad Industrial de Santander con su oferta de programas acad\u00e9micos en Arauca. Tenemos una necesidad en materia de acceso a la educaci\u00f3n superior y vemos en la UIS la voluntad, el compromiso y la responsabilidad para cubrir esta demanda y ser un aliado id\u00f3neo\u201d, expres\u00f3 Renson Jes\u00fas Mart\u00ednez Prada, gobernador de Arauca.<\/p>\n<p style=\"text-align: justify;\">Para materializar dicho sue\u00f1o se intervendr\u00e1 la infraestructura de la Instituci\u00f3n Educativa T\u00e9cnico Industrial Rafael Pombo, ubicada en Saravena. All\u00ed se har\u00e1 una evaluaci\u00f3n de la locaci\u00f3n para detectar qu\u00e9 se requiere para que este sea el escenario en el que se dictar\u00e1n las clases, todo esto con el apoyo tanto del Ministerio de Educaci\u00f3n Nacional, la UIS y la Gobernaci\u00f3n de Arauca.<\/p>[\/et_pb_text][\/et_pb_column][\/et_pb_row][et_pb_row _builder_version=\u00bb4.27.4&#8243; _module_preset=\u00bbdefault\u00bb column_structure=\u00bb1_5,3_5,1_5&#8243; theme_builder_area=\u00bbpost_content\u00bb][et_pb_column _builder_version=\u00bb4.27.4&#8243; _module_preset=\u00bbdefault\u00bb type=\u00bb1_5&#8243; theme_builder_area=\u00bbpost_content\u00bb][\/et_pb_column][et_pb_column _builder_version=\u00bb4.27.4&#8243; _module_preset=\u00bbdefault\u00bb type=\u00bb3_5&#8243; theme_builder_area=\u00bbpost_content\u00bb][et_pb_image src=\u00bbhttps:\/\/www.sedarauca.edu.co\/wp-content\/uploads\/2025\/05\/UIS-OfertaEducativa-1-scaled.jpg\u00bb _builder_version=\u00bb4.27.4&#8243; _module_preset=\u00bbdefault\u00bb theme_builder_area=\u00bbpost_content\u00bb title_text=\u00bbUIS-OfertaEducativa (1)\u00bb hover_enabled=\u00bb0&#8243; sticky_enabled=\u00bb0&#8243;][\/et_pb_image][\/et_pb_column][et_pb_column _builder_version=\u00bb4.27.4&#8243; _module_preset=\u00bbdefault\u00bb type=\u00bb1_5&#8243; theme_builder_area=\u00bbpost_content\u00bb][\/et_pb_column][\/et_pb_row][et_pb_row _builder_version=\u00bb4.27.4&#8243; _module_preset=\u00bbdefault\u00bb theme_builder_area=\u00bbpost_content\u00bb][et_pb_column _builder_version=\u00bb4.27.4&#8243; _module_preset=\u00bbdefault\u00bb type=\u00bb4_4&#8243; theme_builder_area=\u00bbpost_content\u00bb][et_pb_text _builder_version=\u00bb4.27.4&#8243; _module_preset=\u00bbdefault\u00bb theme_builder_area=\u00bbpost_content\u00bb hover_enabled=\u00bb0&#8243; sticky_enabled=\u00bb0&#8243;]<p style=\"text-align: justify;\">\u201cEl balance es positivo porque hemos llegado a acuerdos importantes para lograr que la UIS llegue con oferta de educaci\u00f3n superior desde el segundo semestre de 2025 a Saravena, que es un municipio que desde hace mucho tiempo est\u00e1 buscando tener educaci\u00f3n superior. Con la Gobernaci\u00f3n hemos logrado el acuerdo de la infraestructura f\u00edsica para ofertar los programas en los colegios y luego en la sede propia para la Universidad\u201d, manifest\u00f3 Luis \u00c1lvaro Gallardo Eraso, director de Fomento de la Educaci\u00f3n Superior del Ministerio de Educaci\u00f3n Nacional.<\/p>[\/et_pb_text][\/et_pb_column][\/et_pb_row][\/et_pb_section]\n","protected":false},"excerpt":{"rendered":"<p>La Universidad Industrial de Santander ofrecer\u00e1 programas acad\u00e9micos de alta calidad en el Departamento de Arauca tras lo acordado con el Ministerio de Educaci\u00f3n Nacional y la Gobernaci\u00f3n de dicha regi\u00f3n de Colombia. La meta es que para el segundo semestre de 2025 se inicie con la oferta de tres programas y para el 2026-1 [&hellip;]<\/p>\n","protected":false},"author":1,"featured_media":11092,"comment_status":"closed","ping_status":"closed","sticky":false,"template":"","format":"standard","meta":{"_et_pb_use_builder":"on","_et_pb_old_content":"","_et_gb_content_width":"","footnotes":""},"categories":[21,6],"tags":[],"class_list":["post-11091","post","type-post","status-publish","format-standard","has-post-thumbnail","hentry","category-boletin","category-noticias"],"_links":{"self":[{"href":"https:\/\/www.sedarauca.edu.co\/index.php\/wp-json\/wp\/v2\/posts\/11091","targetHints":{"allow":["GET"]}}],"collection":[{"href":"https:\/\/www.sedarauca.edu.co\/index.php\/wp-json\/wp\/v2\/posts"}],"about":[{"href":"https:\/\/www.sedarauca.edu.co\/index.php\/wp-json\/wp\/v2\/types\/post"}],"author":[{"embeddable":true,"href":"https:\/\/www.sedarauca.edu.co\/index.php\/wp-json\/wp\/v2\/users\/1"}],"replies":[{"embeddable":true,"href":"https:\/\/www.sedarauca.edu.co\/index.php\/wp-json\/wp\/v2\/comments?post=11091"}],"version-history":[{"count":4,"href":"https:\/\/www.sedarauca.edu.co\/index.php\/wp-json\/wp\/v2\/posts\/11091\/revisions"}],"predecessor-version":[{"id":11102,"href":"https:\/\/www.sedarauca.edu.co\/index.php\/wp-json\/wp\/v2\/posts\/11091\/revisions\/11102"}],"wp:featuredmedia":[{"embeddable":true,"href":"https:\/\/www.sedarauca.edu.co\/index.php\/wp-json\/wp\/v2\/media\/11092"}],"wp:attachment":[{"href":"https:\/\/www.sedarauca.edu.co\/index.php\/wp-json\/wp\/v2\/media?parent=11091"}],"wp:term":[{"taxonomy":"category","embeddable":true,"href":"https:\/\/www.sedarauca.edu.co\/index.php\/wp-json\/wp\/v2\/categories?post=11091"},{"taxonomy":"post_tag","embeddable":true,"href":"https:\/\/www.sedarauca.edu.co\/index.php\/wp-json\/wp\/v2\/tags?post=11091"}],"curies":[{"name":"wp","href":"https:\/\/api.w.org\/{rel}","templated":true}]}}