{"id":11080,"date":"2025-05-20T10:51:00","date_gmt":"2025-05-20T15:51:00","guid":{"rendered":"https:\/\/www.sedarauca.edu.co\/?p=11080"},"modified":"2025-05-27T11:01:21","modified_gmt":"2025-05-27T16:01:21","slug":"empiezan-los-foros-educativos-2025-participacion-social-para-transformar-la-educacion","status":"publish","type":"post","link":"https:\/\/www.sedarauca.edu.co\/index.php\/2025\/05\/20\/empiezan-los-foros-educativos-2025-participacion-social-para-transformar-la-educacion\/","title":{"rendered":"Empiezan los Foros Educativos 2025: participaci\u00f3n social para transformar la educaci\u00f3n"},"content":{"rendered":"<p>[et_pb_section fb_built=\u00bb1&#8243; _builder_version=\u00bb4.27.4&#8243; _module_preset=\u00bbdefault\u00bb global_colors_info=\u00bb{}\u00bb][et_pb_row _builder_version=\u00bb4.27.4&#8243; _module_preset=\u00bbdefault\u00bb global_colors_info=\u00bb{}\u00bb][et_pb_column type=\u00bb4_4&#8243; _builder_version=\u00bb4.27.4&#8243; _module_preset=\u00bbdefault\u00bb global_colors_info=\u00bb{}\u00bb][et_pb_text _builder_version=\u00bb4.27.4&#8243; _module_preset=\u00bbdefault\u00bb custom_margin=\u00bb-30px||||false|false\u00bb global_colors_info=\u00bb{}\u00bb]<\/p>\n<p style=\"text-align: center;\"><span data-olk-copy-source=\"MessageBody\"><em>Con el lema \u201cParticipaci\u00f3n social y popular por una educaci\u00f3n digna y transformadora\u201d, el departamento de Arauca pone en marcha los Foros Educativos, un proceso que convoca a toda la comunidad educativa a construir propuestas que fortalezcan la pol\u00edtica p\u00fablica educati<\/em>va.<\/span><\/p>\n<p>[\/et_pb_text][\/et_pb_column][\/et_pb_row][et_pb_row _builder_version=\u00bb4.27.4&#8243; _module_preset=\u00bbdefault\u00bb global_colors_info=\u00bb{}\u00bb][et_pb_column type=\u00bb4_4&#8243; _builder_version=\u00bb4.27.4&#8243; _module_preset=\u00bbdefault\u00bb global_colors_info=\u00bb{}\u00bb][et_pb_text _builder_version=\u00bb4.27.4&#8243; _module_preset=\u00bbdefault\u00bb global_colors_info=\u00bb{}\u00bb]<\/p>\n<p style=\"text-align: justify;\"><strong>Arauca, 19 de mayo de 2025.\u00a0<\/strong>La Mesa Pedag\u00f3gica Departamental de Arauca dio inicio a los Foros Educativos 2025, una iniciativa que busca recoger los aportes de todos los sectores de la comunidad educativa para contribuir a la construcci\u00f3n del nuevo Plan Nacional Decenal de Educaci\u00f3n 2026\u20132035. El proceso comenz\u00f3 con la socializaci\u00f3n de la ruta de trabajo en los siete municipios del departamento, a cargo de los coordinadores municipales del Centro de Estudios e Investigaciones Docentes (CEID) y la Asociaci\u00f3n de Educadores de Arauca (Asedar).<\/p>\n<p style=\"text-align: justify;\">La programaci\u00f3n oficial contempla tres etapas: del 19 al 30 de mayo se desarrollan los Foros Educativos Institucionales en las escuelas y colegios oficiales del departamento; del 9 al 13 de junio se llevar\u00e1n a cabo los Foros Municipales, liderados por las alcald\u00edas; y el 16 y 17 de julio se realizar\u00e1 el Foro Educativo Departamental, bajo la coordinaci\u00f3n de la Secretar\u00eda de Educaci\u00f3n del departamento como entidad territorial certificada.<\/p>\n<p>[\/et_pb_text][\/et_pb_column][\/et_pb_row][et_pb_row _builder_version=\u00bb4.27.4&#8243; _module_preset=\u00bbdefault\u00bb column_structure=\u00bb1_5,3_5,1_5&#8243;][et_pb_column _builder_version=\u00bb4.27.4&#8243; _module_preset=\u00bbdefault\u00bb type=\u00bb1_5&#8243;][\/et_pb_column][et_pb_column _builder_version=\u00bb4.27.4&#8243; _module_preset=\u00bbdefault\u00bb type=\u00bb3_5&#8243;][et_pb_image src=\u00bbhttps:\/\/www.sedarauca.edu.co\/wp-content\/uploads\/2025\/05\/2024_Foro-educativo_Estudiante.jpg\u00bb _builder_version=\u00bb4.27.4&#8243; _module_preset=\u00bbdefault\u00bb title_text=\u00bb2024_Foro educativo_Estudiante\u00bb hover_enabled=\u00bb0&#8243; sticky_enabled=\u00bb0&#8243;][\/et_pb_image][\/et_pb_column][et_pb_column _builder_version=\u00bb4.27.4&#8243; _module_preset=\u00bbdefault\u00bb type=\u00bb1_5&#8243;][\/et_pb_column][\/et_pb_row][et_pb_row _builder_version=\u00bb4.27.4&#8243; _module_preset=\u00bbdefault\u00bb][et_pb_column _builder_version=\u00bb4.27.4&#8243; _module_preset=\u00bbdefault\u00bb type=\u00bb4_4&#8243;][et_pb_text _builder_version=\u00bb4.27.4&#8243; _module_preset=\u00bbdefault\u00bb hover_enabled=\u00bb0&#8243; sticky_enabled=\u00bb0&#8243;]<\/p>\n<p style=\"text-align: justify;\">El desarrollo de estos foros est\u00e1 enmarcado en lo establecido por la Ley General de Educaci\u00f3n 115 de 1994, el Decreto 1581 del mismo a\u00f1o, la Directiva No. 001 de 2025 del Ministerio de Educaci\u00f3n Nacional y las recomendaciones de organizaciones sociales del territorio. La Mesa Pedag\u00f3gica Departamental, conformada por la Secretar\u00eda de Educaci\u00f3n, Asedar, el CEID, delegados de los pueblos \u00e9tnicos y representantes de los distintos estamentos de la comunidad educativa, lidera esta apuesta que busca proyectar una educaci\u00f3n con pertinencia, dignidad y transformaci\u00f3n social.<\/p>\n<p style=\"text-align: justify;\"><em>\u201cUna mejor educaci\u00f3n la construimos con el aporte de todos. Por eso es fundamental la participaci\u00f3n activa en estos espacios donde se reconocen las realidades del territorio y se construyen propuestas para transformarlas\u201d<\/em>, expres\u00f3 el secretario de Educaci\u00f3n Departamental, Ariel Pedraza Pinz\u00f3n.<\/p>\n<p>[\/et_pb_text][\/et_pb_column][\/et_pb_row][et_pb_row _builder_version=\u00bb4.27.4&#8243; _module_preset=\u00bbdefault\u00bb column_structure=\u00bb1_2,1_2&#8243;][et_pb_column _builder_version=\u00bb4.27.4&#8243; _module_preset=\u00bbdefault\u00bb type=\u00bb1_2&#8243;][et_pb_image src=\u00bbhttps:\/\/www.sedarauca.edu.co\/wp-content\/uploads\/2025\/05\/2024_Foro-educativo_Orientadora.jpg\u00bb _builder_version=\u00bb4.27.4&#8243; _module_preset=\u00bbdefault\u00bb title_text=\u00bb2024_Foro educativo_Orientadora\u00bb hover_enabled=\u00bb0&#8243; sticky_enabled=\u00bb0&#8243;][\/et_pb_image][\/et_pb_column][et_pb_column _builder_version=\u00bb4.27.4&#8243; _module_preset=\u00bbdefault\u00bb type=\u00bb1_2&#8243;][et_pb_image src=\u00bbhttps:\/\/www.sedarauca.edu.co\/wp-content\/uploads\/2025\/05\/2024_Foro-educativo_Docentes.jpg\u00bb _builder_version=\u00bb4.27.4&#8243; _module_preset=\u00bbdefault\u00bb title_text=\u00bb2024_Foro educativo_Docentes\u00bb hover_enabled=\u00bb0&#8243; sticky_enabled=\u00bb0&#8243;][\/et_pb_image][\/et_pb_column][\/et_pb_row][et_pb_row _builder_version=\u00bb4.27.4&#8243; _module_preset=\u00bbdefault\u00bb][et_pb_column _builder_version=\u00bb4.27.4&#8243; _module_preset=\u00bbdefault\u00bb type=\u00bb4_4&#8243;][et_pb_text _builder_version=\u00bb4.27.4&#8243; _module_preset=\u00bbdefault\u00bb hover_enabled=\u00bb0&#8243; sticky_enabled=\u00bb0&#8243;]<\/p>\n<p style=\"text-align: justify;\">Durante las tres etapas del Foro se abordar\u00e1n temas estrat\u00e9gicos como la financiaci\u00f3n del sistema educativo; el fortalecimiento de la educaci\u00f3n inicial; la inclusi\u00f3n con enfoque de g\u00e9nero; la convivencia, la reconciliaci\u00f3n y la paz; las garant\u00edas de ingreso y permanencia de los estudiantes en el sistema escolar; el acceso a la educaci\u00f3n superior; la pertinencia de la educaci\u00f3n frente a las din\u00e1micas sociales, culturales, ambientales y productivas del territorio; la formaci\u00f3n ambiental; y la dignificaci\u00f3n de la profesi\u00f3n docente. Asimismo, se incluir\u00e1n otros temas que las comunidades consideren prioritarios para el territorio.<\/p>\n<p style=\"text-align: justify;\">Desde el Gobierno Departamental liderado por el ingeniero Renson Mart\u00ednez, se extiende una invitaci\u00f3n a toda la comunidad educativa a participar activamente en estos espacios de di\u00e1logo y construcci\u00f3n colectiva, tanto en cada instituci\u00f3n educativa como en los encuentros municipales y departamental. A trav\u00e9s de los canales oficiales de la Gobernaci\u00f3n, Alcald\u00edas, la Secretar\u00eda de Educaci\u00f3n Departamental y las instituciones educativas se estar\u00e1 informando oportunamente el lugar y la hora de cada foro.<\/p>\n<p>[\/et_pb_text][\/et_pb_column][\/et_pb_row][\/et_pb_section]<\/p>\n","protected":false},"excerpt":{"rendered":"<p>Con el lema \u201cParticipaci\u00f3n social y popular por una educaci\u00f3n digna y transformadora\u201d, el departamento de Arauca pone en marcha los Foros Educativos, un proceso que convoca a toda la comunidad educativa a construir propuestas que fortalezcan la pol\u00edtica p\u00fablica educativa.Arauca, 19 de mayo de 2025.\u00a0La Mesa Pedag\u00f3gica Departamental de Arauca dio inicio a los [&hellip;]<\/p>\n","protected":false},"author":1,"featured_media":11084,"comment_status":"closed","ping_status":"closed","sticky":false,"template":"","format":"standard","meta":{"_et_pb_use_builder":"on","_et_pb_old_content":"","_et_gb_content_width":"","footnotes":""},"categories":[21,6],"tags":[],"class_list":["post-11080","post","type-post","status-publish","format-standard","has-post-thumbnail","hentry","category-boletin","category-noticias"],"_links":{"self":[{"href":"https:\/\/www.sedarauca.edu.co\/index.php\/wp-json\/wp\/v2\/posts\/11080","targetHints":{"allow":["GET"]}}],"collection":[{"href":"https:\/\/www.sedarauca.edu.co\/index.php\/wp-json\/wp\/v2\/posts"}],"about":[{"href":"https:\/\/www.sedarauca.edu.co\/index.php\/wp-json\/wp\/v2\/types\/post"}],"author":[{"embeddable":true,"href":"https:\/\/www.sedarauca.edu.co\/index.php\/wp-json\/wp\/v2\/users\/1"}],"replies":[{"embeddable":true,"href":"https:\/\/www.sedarauca.edu.co\/index.php\/wp-json\/wp\/v2\/comments?post=11080"}],"version-history":[{"count":5,"href":"https:\/\/www.sedarauca.edu.co\/index.php\/wp-json\/wp\/v2\/posts\/11080\/revisions"}],"predecessor-version":[{"id":11090,"href":"https:\/\/www.sedarauca.edu.co\/index.php\/wp-json\/wp\/v2\/posts\/11080\/revisions\/11090"}],"wp:featuredmedia":[{"embeddable":true,"href":"https:\/\/www.sedarauca.edu.co\/index.php\/wp-json\/wp\/v2\/media\/11084"}],"wp:attachment":[{"href":"https:\/\/www.sedarauca.edu.co\/index.php\/wp-json\/wp\/v2\/media?parent=11080"}],"wp:term":[{"taxonomy":"category","embeddable":true,"href":"https:\/\/www.sedarauca.edu.co\/index.php\/wp-json\/wp\/v2\/categories?post=11080"},{"taxonomy":"post_tag","embeddable":true,"href":"https:\/\/www.sedarauca.edu.co\/index.php\/wp-json\/wp\/v2\/tags?post=11080"}],"curies":[{"name":"wp","href":"https:\/\/api.w.org\/{rel}","templated":true}]}}