{"id":11072,"date":"2025-05-17T10:15:00","date_gmt":"2025-05-17T15:15:00","guid":{"rendered":"https:\/\/www.sedarauca.edu.co\/?p=11072"},"modified":"2025-05-27T10:32:36","modified_gmt":"2025-05-27T15:32:36","slug":"secretaria-de-educacion-presenta-avances-clave-en-sesion-descentralizada-de-la-asamblea-en-puerto-narino","status":"publish","type":"post","link":"https:\/\/www.sedarauca.edu.co\/index.php\/2025\/05\/17\/secretaria-de-educacion-presenta-avances-clave-en-sesion-descentralizada-de-la-asamblea-en-puerto-narino\/","title":{"rendered":"Secretar\u00eda de Educaci\u00f3n presenta avances clave en sesi\u00f3n descentralizada de la Asamblea en Puerto Nari\u00f1o"},"content":{"rendered":"<p>[et_pb_section fb_built=\u00bb1&#8243; theme_builder_area=\u00bbpost_content\u00bb _builder_version=\u00bb4.27.4&#8243; _module_preset=\u00bbdefault\u00bb][et_pb_row _builder_version=\u00bb4.27.4&#8243; _module_preset=\u00bbdefault\u00bb theme_builder_area=\u00bbpost_content\u00bb][et_pb_column _builder_version=\u00bb4.27.4&#8243; _module_preset=\u00bbdefault\u00bb type=\u00bb4_4&#8243; theme_builder_area=\u00bbpost_content\u00bb][et_pb_text _builder_version=\u00bb4.27.4&#8243; _module_preset=\u00bbdefault\u00bb theme_builder_area=\u00bbpost_content\u00bb hover_enabled=\u00bb0&#8243; sticky_enabled=\u00bb0&#8243;]<\/p>\n<p style=\"text-align: justify;\"><strong>Arauca, 16 de mayo de 2025.\u00a0<\/strong>Durante la sesi\u00f3n descentralizada de la Asamblea Departamental de Arauca, realizada en el centro poblado de Puerto Nari\u00f1o del municipio de Saravena, el secretario de Educaci\u00f3n, Ariel Pedraza Pinz\u00f3n, present\u00f3 ante los diputados y la comunidad un balance de los principales avances en materia educativa en el departamento.<\/p>\n<p style=\"text-align: justify;\">En su intervenci\u00f3n, el Secretario destac\u00f3 el compromiso institucional por garantizar el acceso y la permanencia de los estudiantes en el sistema educativo. \u201cEstamos trabajando para asegurar la continuidad del Programa de Alimentaci\u00f3n Escolar (PAE) y el Transporte Escolar, fundamentales para que nuestros ni\u00f1os, ni\u00f1as y j\u00f3venes permanezcan en las aulas. Actualmente gestionamos los recursos necesarios para su operaci\u00f3n hasta finalizar el a\u00f1o lectivo\u201d, indic\u00f3.<\/p>\n<p>[\/et_pb_text][\/et_pb_column][\/et_pb_row][et_pb_row _builder_version=\u00bb4.27.4&#8243; _module_preset=\u00bbdefault\u00bb column_structure=\u00bb1_5,3_5,1_5&#8243; theme_builder_area=\u00bbpost_content\u00bb][et_pb_column _builder_version=\u00bb4.27.4&#8243; _module_preset=\u00bbdefault\u00bb type=\u00bb1_5&#8243; theme_builder_area=\u00bbpost_content\u00bb][\/et_pb_column][et_pb_column _builder_version=\u00bb4.27.4&#8243; _module_preset=\u00bbdefault\u00bb type=\u00bb3_5&#8243; theme_builder_area=\u00bbpost_content\u00bb][et_pb_image src=\u00bbhttps:\/\/www.sedarauca.edu.co\/wp-content\/uploads\/2025\/05\/PtoNarino-2.jpg\u00bb _builder_version=\u00bb4.27.4&#8243; _module_preset=\u00bbdefault\u00bb theme_builder_area=\u00bbpost_content\u00bb title_text=\u00bbPtoNari\u00f1o (2)\u00bb hover_enabled=\u00bb0&#8243; sticky_enabled=\u00bb0&#8243;][\/et_pb_image][\/et_pb_column][et_pb_column _builder_version=\u00bb4.27.4&#8243; _module_preset=\u00bbdefault\u00bb type=\u00bb1_5&#8243; theme_builder_area=\u00bbpost_content\u00bb][\/et_pb_column][\/et_pb_row][et_pb_row _builder_version=\u00bb4.27.4&#8243; _module_preset=\u00bbdefault\u00bb theme_builder_area=\u00bbpost_content\u00bb][et_pb_column _builder_version=\u00bb4.27.4&#8243; _module_preset=\u00bbdefault\u00bb type=\u00bb4_4&#8243; theme_builder_area=\u00bbpost_content\u00bb][et_pb_text _builder_version=\u00bb4.27.4&#8243; _module_preset=\u00bbdefault\u00bb theme_builder_area=\u00bbpost_content\u00bb hover_enabled=\u00bb0&#8243; sticky_enabled=\u00bb0&#8243;]<\/p>\n<p style=\"text-align: justify;\">As\u00ed mismo, Pedraza Pinz\u00f3n inform\u00f3 sobre los esfuerzos que adelanta la Secretar\u00eda en materia de mejoramiento de infraestructura educativa, tanto con recursos propios como a trav\u00e9s del mecanismo de obras por impuestos, que permite sumar esfuerzos con el sector privado para impactar positivamente las condiciones de aprendizaje en las instituciones.<\/p>\n<p style=\"text-align: justify;\">Otro de los temas clave abordados fue el proceso de legalizaci\u00f3n de predios de instituciones educativas que actualmente funcionan en terrenos bald\u00edos, lo cual permitir\u00e1 avanzar en la formalizaci\u00f3n, inversi\u00f3n y sostenibilidad de estas sedes escolares.<\/p>\n<p style=\"text-align: justify;\">En cuanto a la educaci\u00f3n superior, se resalt\u00f3 el progreso en los estudios y dise\u00f1os del futuro campus universitario en Saravena, as\u00ed como la gesti\u00f3n para la culminaci\u00f3n de la sede de la UNAD en el municipio de Arauquita, iniciativas que buscan ampliar las oportunidades acad\u00e9micas para los j\u00f3venes del departamento.<\/p>\n<p>[\/et_pb_text][\/et_pb_column][\/et_pb_row][et_pb_row _builder_version=\u00bb4.27.4&#8243; _module_preset=\u00bbdefault\u00bb column_structure=\u00bb1_2,1_2&#8243; theme_builder_area=\u00bbpost_content\u00bb][et_pb_column _builder_version=\u00bb4.27.4&#8243; _module_preset=\u00bbdefault\u00bb type=\u00bb1_2&#8243; theme_builder_area=\u00bbpost_content\u00bb][et_pb_image src=\u00bbhttps:\/\/www.sedarauca.edu.co\/wp-content\/uploads\/2025\/05\/PtoNarino-4.jpg\u00bb _builder_version=\u00bb4.27.4&#8243; _module_preset=\u00bbdefault\u00bb theme_builder_area=\u00bbpost_content\u00bb title_text=\u00bbPtoNari\u00f1o (4)\u00bb hover_enabled=\u00bb0&#8243; sticky_enabled=\u00bb0&#8243;][\/et_pb_image][\/et_pb_column][et_pb_column _builder_version=\u00bb4.27.4&#8243; _module_preset=\u00bbdefault\u00bb type=\u00bb1_2&#8243; theme_builder_area=\u00bbpost_content\u00bb][et_pb_image src=\u00bbhttps:\/\/www.sedarauca.edu.co\/wp-content\/uploads\/2025\/05\/PtoNarino-1.jpg\u00bb _builder_version=\u00bb4.27.4&#8243; _module_preset=\u00bbdefault\u00bb theme_builder_area=\u00bbpost_content\u00bb title_text=\u00bbPtoNari\u00f1o (1)\u00bb hover_enabled=\u00bb0&#8243; sticky_enabled=\u00bb0&#8243;][\/et_pb_image][\/et_pb_column][\/et_pb_row][et_pb_row _builder_version=\u00bb4.27.4&#8243; _module_preset=\u00bbdefault\u00bb theme_builder_area=\u00bbpost_content\u00bb][et_pb_column _builder_version=\u00bb4.27.4&#8243; _module_preset=\u00bbdefault\u00bb type=\u00bb4_4&#8243; theme_builder_area=\u00bbpost_content\u00bb][et_pb_text _builder_version=\u00bb4.27.4&#8243; _module_preset=\u00bbdefault\u00bb theme_builder_area=\u00bbpost_content\u00bb hover_enabled=\u00bb0&#8243; sticky_enabled=\u00bb0&#8243;]<\/p>\n<p style=\"text-align: justify;\">Finalmente, el Secretario anunci\u00f3 que, a trav\u00e9s de la Oficina Asesora de Cultura, se implementar\u00e1n pr\u00f3ximamente estrategias para el uso adecuado del tiempo libre, dirigidas a fortalecer las competencias art\u00edsticas y culturales de los estudiantes.<\/p>\n<p style=\"text-align: justify;\">La Secretar\u00eda de Educaci\u00f3n reafirma su compromiso con la comunidad educativa y contin\u00faa trabajando para brindar una educaci\u00f3n con calidad, equidad y pertinencia en todo el territorio araucano.<\/p>\n<p style=\"text-align: justify;\"><strong>\ud83d\udcf8<\/strong><strong> <em>Fotos: Prensa Alcald\u00eda de Saravena<\/em><\/strong><\/p>\n<p>[\/et_pb_text][\/et_pb_column][\/et_pb_row][\/et_pb_section]<\/p>\n","protected":false},"excerpt":{"rendered":"<p>Arauca, 16 de mayo de 2025.\u00a0Durante la sesi\u00f3n descentralizada de la Asamblea Departamental de Arauca, realizada en el centro poblado de Puerto Nari\u00f1o del municipio de Saravena, el secretario de Educaci\u00f3n, Ariel Pedraza Pinz\u00f3n, present\u00f3 ante los diputados y la comunidad un balance de los principales avances en materia educativa en el departamento. En su [&hellip;]<\/p>\n","protected":false},"author":1,"featured_media":11073,"comment_status":"closed","ping_status":"closed","sticky":false,"template":"","format":"standard","meta":{"_et_pb_use_builder":"on","_et_pb_old_content":"","_et_gb_content_width":"","footnotes":""},"categories":[21,6],"tags":[],"class_list":["post-11072","post","type-post","status-publish","format-standard","has-post-thumbnail","hentry","category-boletin","category-noticias"],"_links":{"self":[{"href":"https:\/\/www.sedarauca.edu.co\/index.php\/wp-json\/wp\/v2\/posts\/11072","targetHints":{"allow":["GET"]}}],"collection":[{"href":"https:\/\/www.sedarauca.edu.co\/index.php\/wp-json\/wp\/v2\/posts"}],"about":[{"href":"https:\/\/www.sedarauca.edu.co\/index.php\/wp-json\/wp\/v2\/types\/post"}],"author":[{"embeddable":true,"href":"https:\/\/www.sedarauca.edu.co\/index.php\/wp-json\/wp\/v2\/users\/1"}],"replies":[{"embeddable":true,"href":"https:\/\/www.sedarauca.edu.co\/index.php\/wp-json\/wp\/v2\/comments?post=11072"}],"version-history":[{"count":3,"href":"https:\/\/www.sedarauca.edu.co\/index.php\/wp-json\/wp\/v2\/posts\/11072\/revisions"}],"predecessor-version":[{"id":11079,"href":"https:\/\/www.sedarauca.edu.co\/index.php\/wp-json\/wp\/v2\/posts\/11072\/revisions\/11079"}],"wp:featuredmedia":[{"embeddable":true,"href":"https:\/\/www.sedarauca.edu.co\/index.php\/wp-json\/wp\/v2\/media\/11073"}],"wp:attachment":[{"href":"https:\/\/www.sedarauca.edu.co\/index.php\/wp-json\/wp\/v2\/media?parent=11072"}],"wp:term":[{"taxonomy":"category","embeddable":true,"href":"https:\/\/www.sedarauca.edu.co\/index.php\/wp-json\/wp\/v2\/categories?post=11072"},{"taxonomy":"post_tag","embeddable":true,"href":"https:\/\/www.sedarauca.edu.co\/index.php\/wp-json\/wp\/v2\/tags?post=11072"}],"curies":[{"name":"wp","href":"https:\/\/api.w.org\/{rel}","templated":true}]}}