{"id":11040,"date":"2025-05-13T08:15:00","date_gmt":"2025-05-13T13:15:00","guid":{"rendered":"https:\/\/www.sedarauca.edu.co\/?p=11040"},"modified":"2025-05-15T19:29:27","modified_gmt":"2025-05-16T00:29:27","slug":"estudiantes-de-la-institucion-educativa-villa-cecilia-visitaron-las-instalaciones-de-la-gobernacion","status":"publish","type":"post","link":"https:\/\/www.sedarauca.edu.co\/index.php\/2025\/05\/13\/estudiantes-de-la-institucion-educativa-villa-cecilia-visitaron-las-instalaciones-de-la-gobernacion\/","title":{"rendered":"Estudiantes de la Instituci\u00f3n Educativa Villa Cecilia visitaron las instalaciones de la Gobernaci\u00f3n"},"content":{"rendered":"<p>[et_pb_section fb_built=\u00bb1&#8243; theme_builder_area=\u00bbpost_content\u00bb _builder_version=\u00bb4.27.4&#8243; _module_preset=\u00bbdefault\u00bb][et_pb_row _builder_version=\u00bb4.27.4&#8243; _module_preset=\u00bbdefault\u00bb theme_builder_area=\u00bbpost_content\u00bb][et_pb_column _builder_version=\u00bb4.27.4&#8243; _module_preset=\u00bbdefault\u00bb type=\u00bb4_4&#8243; theme_builder_area=\u00bbpost_content\u00bb][et_pb_text _builder_version=\u00bb4.27.4&#8243; _module_preset=\u00bbdefault\u00bb theme_builder_area=\u00bbpost_content\u00bb hover_enabled=\u00bb0&#8243; sticky_enabled=\u00bb0&#8243;]<\/p>\n<p style=\"text-align: justify;\"><strong>Arauca, 12 de mayo de 2025.\u00a0<\/strong>La Administraci\u00f3n Departamental, a trav\u00e9s de la Secretar\u00eda de Educaci\u00f3n Departamental recibi\u00f3 con entusiasmo a los estudiantes del Centro de Inter\u00e9s \u201cTecnolog\u00eda Activa\u201d de la\u00a0<strong>Instituci\u00f3n Educativa Villa Cecilia<\/strong>\u00a0del municipio de Saravena, quienes visitaron la ciudad de Arauca como parte de un recorrido acad\u00e9mico orientado a fortalecer sus conocimientos en rob\u00f3tica, ingenier\u00eda y dise\u00f1o.<\/p>\n<p style=\"text-align: justify;\">Esta actividad fue liderada por el docente Cristina David Correa, promotor del Centro de Inter\u00e9s, quien impuls\u00f3 esta salida pedag\u00f3gica con el objetivo de articular la tecnolog\u00eda con el sector agroalimentario, \u201cla visita busca que los estudiantes conozcan espacios como la Gobernaci\u00f3n, la Asamblea y la Tecnoacademia del SENA para ampliar su visi\u00f3n sobre la tecnolog\u00eda. Desde el centro de inter\u00e9s, promovemos el uso de herramientas tecnol\u00f3gicas en el sector agroalimentario, y esta experiencia les permitir\u00e1 ver c\u00f3mo pueden aplicar esos conocimientos en el desarrollo del campo.\u201d<\/p>\n<p>[\/et_pb_text][\/et_pb_column][\/et_pb_row][et_pb_row _builder_version=\u00bb4.27.4&#8243; _module_preset=\u00bbdefault\u00bb theme_builder_area=\u00bbpost_content\u00bb][et_pb_column _builder_version=\u00bb4.27.4&#8243; _module_preset=\u00bbdefault\u00bb type=\u00bb4_4&#8243; theme_builder_area=\u00bbpost_content\u00bb][et_pb_gallery _builder_version=\u00bb4.27.4&#8243; _module_preset=\u00bbdefault\u00bb theme_builder_area=\u00bbpost_content\u00bb gallery_ids=\u00bb11044,11045,11046,11047,11048,11049,11050,11051,11052,11053,11054,11055&#8243; gallery_orderby=\u00bbrand\u00bb hover_enabled=\u00bb0&#8243; sticky_enabled=\u00bb0&#8243;][\/et_pb_gallery][\/et_pb_column][\/et_pb_row][et_pb_row _builder_version=\u00bb4.27.4&#8243; _module_preset=\u00bbdefault\u00bb theme_builder_area=\u00bbpost_content\u00bb][et_pb_column _builder_version=\u00bb4.27.4&#8243; _module_preset=\u00bbdefault\u00bb type=\u00bb4_4&#8243; theme_builder_area=\u00bbpost_content\u00bb][et_pb_text _builder_version=\u00bb4.27.4&#8243; _module_preset=\u00bbdefault\u00bb theme_builder_area=\u00bbpost_content\u00bb custom_margin=\u00bb-60px||||false|false\u00bb hover_enabled=\u00bb0&#8243; sticky_enabled=\u00bb0&#8243;]<\/p>\n<p style=\"text-align: justify;\">Durante su paso por la capital, el\u00a0<strong>secretario de Educaci\u00f3n Departamental, Ariel Pedraza Pinz\u00f3n<\/strong>, gui\u00f3 personalmente a los estudiantes en un recorrido por las distintas \u00e1reas de la Secretar\u00eda. En su intervenci\u00f3n, explic\u00f3 el funcionamiento de esta entidad y destac\u00f3 el trabajo diario que se realiza para garantizar un mejor servicio educativo en beneficio de toda la comunidad estudiantil del departamento.<\/p>\n<p style=\"text-align: justify;\">El rector de la instituci\u00f3n,\u00a0<strong>Jos\u00e9 Alexander Amaya<\/strong>, valor\u00f3 esta experiencia como un complemento esencial al aprendizaje en el aula y resalt\u00f3 el valor de este tipo de salidas acad\u00e9micas, afirmando que \u201cen esta actividad pretendemos que no solo de tiza y tablero aprendan los estudiantes; con este recorrido se llevan un aprendizaje para la vida.\u201d Tambi\u00e9n enfatiz\u00f3 en la importancia de acercarlos a los programas de formaci\u00f3n superior: \u201cQuer\u00edamos que conocieran de cerca la propuesta del gobernador Renson Mart\u00ednez en materia educativa, especialmente en educaci\u00f3n superior, para que los estudiantes vayan viendo y haciendo, y sepan hacia d\u00f3nde pueden apuntar en su profesi\u00f3n.\u201d<\/p>\n<p>[\/et_pb_text][\/et_pb_column][\/et_pb_row][et_pb_row _builder_version=\u00bb4.27.4&#8243; _module_preset=\u00bbdefault\u00bb column_structure=\u00bb1_5,3_5,1_5&#8243; theme_builder_area=\u00bbpost_content\u00bb][et_pb_column _builder_version=\u00bb4.27.4&#8243; _module_preset=\u00bbdefault\u00bb type=\u00bb1_5&#8243; theme_builder_area=\u00bbpost_content\u00bb][\/et_pb_column][et_pb_column _builder_version=\u00bb4.27.4&#8243; _module_preset=\u00bbdefault\u00bb type=\u00bb3_5&#8243; theme_builder_area=\u00bbpost_content\u00bb][et_pb_video src=\u00bbhttps:\/\/youtube.com\/shorts\/_KjdvnAHiNY?feature=share\u00bb _builder_version=\u00bb4.27.4&#8243; _module_preset=\u00bbdefault\u00bb theme_builder_area=\u00bbpost_content\u00bb border_radii=\u00bbon|30px|30px|30px|30px\u00bb hover_enabled=\u00bb0&#8243; sticky_enabled=\u00bb0&#8243;][\/et_pb_video][\/et_pb_column][et_pb_column _builder_version=\u00bb4.27.4&#8243; _module_preset=\u00bbdefault\u00bb type=\u00bb1_5&#8243; theme_builder_area=\u00bbpost_content\u00bb][\/et_pb_column][\/et_pb_row][et_pb_row _builder_version=\u00bb4.27.4&#8243; _module_preset=\u00bbdefault\u00bb theme_builder_area=\u00bbpost_content\u00bb][et_pb_column _builder_version=\u00bb4.27.4&#8243; _module_preset=\u00bbdefault\u00bb type=\u00bb4_4&#8243; theme_builder_area=\u00bbpost_content\u00bb][et_pb_text _builder_version=\u00bb4.27.4&#8243; _module_preset=\u00bbdefault\u00bb theme_builder_area=\u00bbpost_content\u00bb hover_enabled=\u00bb0&#8243; sticky_enabled=\u00bb0&#8243;]<\/p>\n<p style=\"text-align: justify;\">Los\u00a0<strong>Centros de Inter\u00e9s<\/strong>\u00a0son una estrategia pedag\u00f3gica que busca fomentar el aprendizaje activo, participativo y cr\u00edtico entre los estudiantes, articulando diferentes \u00e1reas del conocimiento para responder a los desaf\u00edos del contexto actual.<\/p>\n<p style=\"text-align: justify;\">Con estas acciones, la Secretar\u00eda de Educaci\u00f3n reafirma su compromiso con la formaci\u00f3n integral de los j\u00f3venes del departamento de Arauca, promoviendo iniciativas que conecten el aula con el mundo real y con las oportunidades del futuro.<\/p>\n<p>[\/et_pb_text][\/et_pb_column][\/et_pb_row][\/et_pb_section]<\/p>\n","protected":false},"excerpt":{"rendered":"<p>Arauca, 12 de mayo de 2025.\u00a0La Administraci\u00f3n Departamental, a trav\u00e9s de la Secretar\u00eda de Educaci\u00f3n Departamental recibi\u00f3 con entusiasmo a los estudiantes del Centro de Inter\u00e9s \u201cTecnolog\u00eda Activa\u201d de la\u00a0Instituci\u00f3n Educativa Villa Cecilia\u00a0del municipio de Saravena, quienes visitaron la ciudad de Arauca como parte de un recorrido acad\u00e9mico orientado a fortalecer sus conocimientos en rob\u00f3tica, [&hellip;]<\/p>\n","protected":false},"author":1,"featured_media":11041,"comment_status":"closed","ping_status":"closed","sticky":false,"template":"","format":"standard","meta":{"_et_pb_use_builder":"on","_et_pb_old_content":"","_et_gb_content_width":"","footnotes":""},"categories":[21,6],"tags":[],"class_list":["post-11040","post","type-post","status-publish","format-standard","has-post-thumbnail","hentry","category-boletin","category-noticias"],"_links":{"self":[{"href":"https:\/\/www.sedarauca.edu.co\/index.php\/wp-json\/wp\/v2\/posts\/11040","targetHints":{"allow":["GET"]}}],"collection":[{"href":"https:\/\/www.sedarauca.edu.co\/index.php\/wp-json\/wp\/v2\/posts"}],"about":[{"href":"https:\/\/www.sedarauca.edu.co\/index.php\/wp-json\/wp\/v2\/types\/post"}],"author":[{"embeddable":true,"href":"https:\/\/www.sedarauca.edu.co\/index.php\/wp-json\/wp\/v2\/users\/1"}],"replies":[{"embeddable":true,"href":"https:\/\/www.sedarauca.edu.co\/index.php\/wp-json\/wp\/v2\/comments?post=11040"}],"version-history":[{"count":3,"href":"https:\/\/www.sedarauca.edu.co\/index.php\/wp-json\/wp\/v2\/posts\/11040\/revisions"}],"predecessor-version":[{"id":11056,"href":"https:\/\/www.sedarauca.edu.co\/index.php\/wp-json\/wp\/v2\/posts\/11040\/revisions\/11056"}],"wp:featuredmedia":[{"embeddable":true,"href":"https:\/\/www.sedarauca.edu.co\/index.php\/wp-json\/wp\/v2\/media\/11041"}],"wp:attachment":[{"href":"https:\/\/www.sedarauca.edu.co\/index.php\/wp-json\/wp\/v2\/media?parent=11040"}],"wp:term":[{"taxonomy":"category","embeddable":true,"href":"https:\/\/www.sedarauca.edu.co\/index.php\/wp-json\/wp\/v2\/categories?post=11040"},{"taxonomy":"post_tag","embeddable":true,"href":"https:\/\/www.sedarauca.edu.co\/index.php\/wp-json\/wp\/v2\/tags?post=11040"}],"curies":[{"name":"wp","href":"https:\/\/api.w.org\/{rel}","templated":true}]}}