{"id":11008,"date":"2025-05-06T11:41:00","date_gmt":"2025-05-06T16:41:00","guid":{"rendered":"https:\/\/www.sedarauca.edu.co\/?p=11008"},"modified":"2025-05-07T17:53:55","modified_gmt":"2025-05-07T22:53:55","slug":"arauca-va-mejor-en-educacion-avances-del-mes-abril","status":"publish","type":"post","link":"https:\/\/www.sedarauca.edu.co\/index.php\/2025\/05\/06\/arauca-va-mejor-en-educacion-avances-del-mes-abril\/","title":{"rendered":"Arauca va mejor en educaci\u00f3n \u2013 avances del mes abril"},"content":{"rendered":"<p>[et_pb_section fb_built=\u00bb1&#8243; theme_builder_area=\u00bbpost_content\u00bb _builder_version=\u00bb4.27.4&#8243; _module_preset=\u00bbdefault\u00bb][et_pb_row _builder_version=\u00bb4.27.4&#8243; _module_preset=\u00bbdefault\u00bb theme_builder_area=\u00bbpost_content\u00bb][et_pb_column _builder_version=\u00bb4.27.4&#8243; _module_preset=\u00bbdefault\u00bb type=\u00bb4_4&#8243; theme_builder_area=\u00bbpost_content\u00bb][et_pb_text _builder_version=\u00bb4.27.4&#8243; _module_preset=\u00bbdefault\u00bb theme_builder_area=\u00bbpost_content\u00bb hover_enabled=\u00bb0&#8243; sticky_enabled=\u00bb0&#8243;]<\/p>\n<p style=\"text-align: justify;\"><strong>Arauca, 05 de mayo de 2025.<\/strong>\u00a0El gobernador Renson Mart\u00ednez Prada contin\u00faa reafirmando con hechos claros su compromiso con la educaci\u00f3n como eje de transformaci\u00f3n para el departamento. Durante abril, la Secretar\u00eda de Educaci\u00f3n de Arauca present\u00f3 avances clave que fortalecen el acceso, la infraestructura y la calidad educativa.<\/p>\n<p style=\"text-align: justify;\">Uno de los anuncios m\u00e1s destacados fue la destinaci\u00f3n de cerca de $2.500 millones del Sistema General de Regal\u00edas para los estudios y dise\u00f1os del futuro multicampus universitario en Saravena, un paso estrat\u00e9gico para acercar la educaci\u00f3n superior a los j\u00f3venes del departamento. De forma complementaria, la Secretar\u00eda de Educaci\u00f3n particip\u00f3 activamente en el Estudio de Pertinencia para la Regionalizaci\u00f3n de la Educaci\u00f3n Superior, como parte de la estrategia \u201cUniversidad en tu Territorio\u201d, liderando espacios de di\u00e1logo con actores sociales y comunitarios para construir una visi\u00f3n conjunta sobre el acceso y la calidad de la educaci\u00f3n superior en Arauca.<\/p>\n<p style=\"text-align: justify;\">En este mismo esp\u00edritu de participaci\u00f3n, inclusi\u00f3n y liderazgo, se realiz\u00f3 el Primer Encuentro Departamental de Personeros, Contralores y Diputados Escolares, un evento que reuni\u00f3 a 120 representantes estudiantiles de las distintas instituciones educativas. Este espacio, promovido por las secretar\u00edas de Desarrollo Social y Educaci\u00f3n con el apoyo de la Asamblea Departamental y el ICBF, tuvo como objetivo fortalecer el liderazgo juvenil y visibilizar el papel activo de los estudiantes en la vida escolar.<\/p>\n<p>[\/et_pb_text][\/et_pb_column][\/et_pb_row][et_pb_row _builder_version=\u00bb4.27.4&#8243; _module_preset=\u00bbdefault\u00bb column_structure=\u00bb1_5,3_5,1_5&#8243; theme_builder_area=\u00bbpost_content\u00bb][et_pb_column _builder_version=\u00bb4.27.4&#8243; _module_preset=\u00bbdefault\u00bb type=\u00bb1_5&#8243; theme_builder_area=\u00bbpost_content\u00bb][\/et_pb_column][et_pb_column _builder_version=\u00bb4.27.4&#8243; _module_preset=\u00bbdefault\u00bb type=\u00bb3_5&#8243; theme_builder_area=\u00bbpost_content\u00bb][et_pb_video src=\u00bbhttps:\/\/youtu.be\/IUKOhx6Brz8&#8243; _builder_version=\u00bb4.27.4&#8243; _module_preset=\u00bbdefault\u00bb theme_builder_area=\u00bbpost_content\u00bb border_radii=\u00bbon|30px|30px|30px|30px\u00bb hover_enabled=\u00bb0&#8243; sticky_enabled=\u00bb0&#8243;][\/et_pb_video][\/et_pb_column][et_pb_column _builder_version=\u00bb4.27.4&#8243; _module_preset=\u00bbdefault\u00bb type=\u00bb1_5&#8243; theme_builder_area=\u00bbpost_content\u00bb][\/et_pb_column][\/et_pb_row][et_pb_row _builder_version=\u00bb4.27.4&#8243; _module_preset=\u00bbdefault\u00bb theme_builder_area=\u00bbpost_content\u00bb][et_pb_column _builder_version=\u00bb4.27.4&#8243; _module_preset=\u00bbdefault\u00bb type=\u00bb4_4&#8243; theme_builder_area=\u00bbpost_content\u00bb][et_pb_text _builder_version=\u00bb4.27.4&#8243; _module_preset=\u00bbdefault\u00bb theme_builder_area=\u00bbpost_content\u00bb hover_enabled=\u00bb0&#8243; sticky_enabled=\u00bb0&#8243;]<\/p>\n<p style=\"text-align: justify;\">A nivel nacional, el secretario de Educaci\u00f3n, Ariel Pedraza Pinz\u00f3n, represent\u00f3 al departamento en el Encuentro Nacional de Secretar\u00edas de Educaci\u00f3n en Pereira, donde present\u00f3 propuestas al Ministerio de Educaci\u00f3n enfocadas en el fortalecimiento de la planta docente, inclusi\u00f3n educativa, salud mental y bienestar escolar.<\/p>\n<p style=\"text-align: justify;\">En el municipio de Cravo Norte se realiz\u00f3 la primera Mesa P\u00fablica Departamental del Programa de Alimentaci\u00f3n Escolar (PAE) correspondiente a la vigencia 2025. Durante este espacio se socializaron resultados y retos del programa, que actualmente beneficia a m\u00e1s de 44.000 estudiantes de 479 sedes educativas oficiales en los siete municipios del departamento.<\/p>\n<p style=\"text-align: justify;\">En infraestructura, se entreg\u00f3 el coliseo cubierto \u201cLos Lanceros\u201d a la Instituci\u00f3n Educativa T\u00e9cnico Agropecuario del municipio de Arauca, beneficiando a m\u00e1s de 500 estudiantes con un nuevo espacio para actividades deportivas, culturales y pedag\u00f3gicas. Adem\u00e1s, la Instituci\u00f3n Educativa Antonio Nari\u00f1o, en Puerto Nari\u00f1o, recibi\u00f3 250 computadores a trav\u00e9s del programa nacional Computadores para Educar, una dotaci\u00f3n que fortalece la educaci\u00f3n digital en zonas rurales.<\/p>\n<p>[\/et_pb_text][\/et_pb_column][\/et_pb_row][\/et_pb_section]<\/p>\n","protected":false},"excerpt":{"rendered":"<p>Arauca, 05 de mayo de 2025.\u00a0El gobernador Renson Mart\u00ednez Prada contin\u00faa reafirmando con hechos claros su compromiso con la educaci\u00f3n como eje de transformaci\u00f3n para el departamento. Durante abril, la Secretar\u00eda de Educaci\u00f3n de Arauca present\u00f3 avances clave que fortalecen el acceso, la infraestructura y la calidad educativa. Uno de los anuncios m\u00e1s destacados fue [&hellip;]<\/p>\n","protected":false},"author":1,"featured_media":11009,"comment_status":"closed","ping_status":"closed","sticky":false,"template":"","format":"standard","meta":{"_et_pb_use_builder":"on","_et_pb_old_content":"","_et_gb_content_width":"","footnotes":""},"categories":[21,6],"tags":[],"class_list":["post-11008","post","type-post","status-publish","format-standard","has-post-thumbnail","hentry","category-boletin","category-noticias"],"_links":{"self":[{"href":"https:\/\/www.sedarauca.edu.co\/index.php\/wp-json\/wp\/v2\/posts\/11008","targetHints":{"allow":["GET"]}}],"collection":[{"href":"https:\/\/www.sedarauca.edu.co\/index.php\/wp-json\/wp\/v2\/posts"}],"about":[{"href":"https:\/\/www.sedarauca.edu.co\/index.php\/wp-json\/wp\/v2\/types\/post"}],"author":[{"embeddable":true,"href":"https:\/\/www.sedarauca.edu.co\/index.php\/wp-json\/wp\/v2\/users\/1"}],"replies":[{"embeddable":true,"href":"https:\/\/www.sedarauca.edu.co\/index.php\/wp-json\/wp\/v2\/comments?post=11008"}],"version-history":[{"count":3,"href":"https:\/\/www.sedarauca.edu.co\/index.php\/wp-json\/wp\/v2\/posts\/11008\/revisions"}],"predecessor-version":[{"id":11012,"href":"https:\/\/www.sedarauca.edu.co\/index.php\/wp-json\/wp\/v2\/posts\/11008\/revisions\/11012"}],"wp:featuredmedia":[{"embeddable":true,"href":"https:\/\/www.sedarauca.edu.co\/index.php\/wp-json\/wp\/v2\/media\/11009"}],"wp:attachment":[{"href":"https:\/\/www.sedarauca.edu.co\/index.php\/wp-json\/wp\/v2\/media?parent=11008"}],"wp:term":[{"taxonomy":"category","embeddable":true,"href":"https:\/\/www.sedarauca.edu.co\/index.php\/wp-json\/wp\/v2\/categories?post=11008"},{"taxonomy":"post_tag","embeddable":true,"href":"https:\/\/www.sedarauca.edu.co\/index.php\/wp-json\/wp\/v2\/tags?post=11008"}],"curies":[{"name":"wp","href":"https:\/\/api.w.org\/{rel}","templated":true}]}}