{"id":10991,"date":"2025-05-03T16:57:00","date_gmt":"2025-05-03T21:57:00","guid":{"rendered":"https:\/\/www.sedarauca.edu.co\/?p=10991"},"modified":"2025-05-07T17:17:18","modified_gmt":"2025-05-07T22:17:18","slug":"estudiantes-participaron-activamente-en-jornada-del-estudio-de-pertinencia-de-la-estrategia-universidad-en-tu-territorio","status":"publish","type":"post","link":"https:\/\/www.sedarauca.edu.co\/index.php\/2025\/05\/03\/estudiantes-participaron-activamente-en-jornada-del-estudio-de-pertinencia-de-la-estrategia-universidad-en-tu-territorio\/","title":{"rendered":"Estudiantes participaron activamente en jornada del Estudio de Pertinencia de la estrategia \u201cUniversidad en tu Territorio\u201d"},"content":{"rendered":"\n[et_pb_section fb_built=\u00bb1&#8243; theme_builder_area=\u00bbpost_content\u00bb _builder_version=\u00bb4.27.4&#8243; _module_preset=\u00bbdefault\u00bb][et_pb_row _builder_version=\u00bb4.27.4&#8243; _module_preset=\u00bbdefault\u00bb theme_builder_area=\u00bbpost_content\u00bb][et_pb_column _builder_version=\u00bb4.27.4&#8243; _module_preset=\u00bbdefault\u00bb type=\u00bb4_4&#8243; theme_builder_area=\u00bbpost_content\u00bb][et_pb_text _builder_version=\u00bb4.27.4&#8243; _module_preset=\u00bbdefault\u00bb theme_builder_area=\u00bbpost_content\u00bb custom_margin=\u00bb-60px||||false|false\u00bb hover_enabled=\u00bb0&#8243; sticky_enabled=\u00bb0&#8243;]<p style=\"text-align: justify;\"><strong>Arauca, 02 de mayo de 2025.<\/strong>\u00a0En el municipio de Saravena se desarroll\u00f3 una jornada clave del Estudio de Pertinencia para la Regionalizaci\u00f3n de la Educaci\u00f3n Superior, en el marco de la estrategia nacional \u201cUniversidad en tu Territorio\u201d, liderada por el Ministerio de Educaci\u00f3n Nacional, FONDOPAZ, FINDETER y la Universidad Nacional de Colombia. El secretario de Educaci\u00f3n Departamental, Ariel Pedraza, acompa\u00f1\u00f3 este espacio en representaci\u00f3n del Gobierno que lidera el ingeniero Renson Mart\u00ednez.<\/p>\n<p style=\"text-align: justify;\">Durante la jornada participaron estudiantes de grados 10\u00b0 y 11\u00b0 de instituciones educativas oficiales del departamento, quienes compartieron sus ideas, emociones y aspiraciones frente al acceso a la educaci\u00f3n superior. Los j\u00f3venes expresaron qu\u00e9 carreras desean estudiar, por qu\u00e9 es importante contar con oportunidades de formaci\u00f3n en el territorio y c\u00f3mo sue\u00f1an su futuro acad\u00e9mico y profesional sin tener que migrar.<\/p>[\/et_pb_text][\/et_pb_column][\/et_pb_row][et_pb_row _builder_version=\u00bb4.27.4&#8243; _module_preset=\u00bbdefault\u00bb theme_builder_area=\u00bbpost_content\u00bb][et_pb_column _builder_version=\u00bb4.27.4&#8243; _module_preset=\u00bbdefault\u00bb type=\u00bb4_4&#8243; theme_builder_area=\u00bbpost_content\u00bb][et_pb_gallery _builder_version=\u00bb4.27.4&#8243; _module_preset=\u00bbdefault\u00bb theme_builder_area=\u00bbpost_content\u00bb gallery_ids=\u00bb10995,10996,10997,10998,10999,11000,11001,11002,11003,11004,11005&#8243; gallery_orderby=\u00bbrand\u00bb custom_margin=\u00bb||||false|false\u00bb hover_enabled=\u00bb0&#8243; sticky_enabled=\u00bb0&#8243;][\/et_pb_gallery][\/et_pb_column][\/et_pb_row][et_pb_row _builder_version=\u00bb4.27.4&#8243; _module_preset=\u00bbdefault\u00bb theme_builder_area=\u00bbpost_content\u00bb][et_pb_column _builder_version=\u00bb4.27.4&#8243; _module_preset=\u00bbdefault\u00bb type=\u00bb4_4&#8243; theme_builder_area=\u00bbpost_content\u00bb][et_pb_text _builder_version=\u00bb4.27.4&#8243; _module_preset=\u00bbdefault\u00bb theme_builder_area=\u00bbpost_content\u00bb custom_margin=\u00bb-60px||||false|false\u00bb hover_enabled=\u00bb0&#8243; sticky_enabled=\u00bb0&#8243;]<p style=\"text-align: justify;\">Saravena y Tame fueron seleccionados como municipios prioritarios en Arauca para el desarrollo de este estudio, que se adelanta en 25 municipios de los departamentos de Arauca, Putumayo y Nari\u00f1o. La jornada permiti\u00f3 recoger insumos claves desde las voces de la comunidad educativa, para avanzar en la construcci\u00f3n de estrategias que acerquen la universidad a las realidades y necesidades de la regi\u00f3n.<\/p>\n<p style=\"text-align: justify;\">\u201cEl acceso a la educaci\u00f3n superior es una de las principales banderas del gobernador Renson Mart\u00ednez. Por eso, escuchar a nuestros estudiantes es fundamental para construir una oferta pertinente, que responda tanto a sus sue\u00f1os como a los desaf\u00edos del territorio\u201d, se\u00f1al\u00f3 el secretario Ariel Pedraza<\/p>[\/et_pb_text][\/et_pb_column][\/et_pb_row][\/et_pb_section]\n","protected":false},"excerpt":{"rendered":"<p>Arauca, 02 de mayo de 2025.\u00a0En el municipio de Saravena se desarroll\u00f3 una jornada clave del Estudio de Pertinencia para la Regionalizaci\u00f3n de la Educaci\u00f3n Superior, en el marco de la estrategia nacional \u201cUniversidad en tu Territorio\u201d, liderada por el Ministerio de Educaci\u00f3n Nacional, FONDOPAZ, FINDETER y la Universidad Nacional de Colombia. El secretario de [&hellip;]<\/p>\n","protected":false},"author":1,"featured_media":10992,"comment_status":"closed","ping_status":"closed","sticky":false,"template":"","format":"standard","meta":{"_et_pb_use_builder":"on","_et_pb_old_content":"","_et_gb_content_width":"","footnotes":""},"categories":[21,6,1],"tags":[],"class_list":["post-10991","post","type-post","status-publish","format-standard","has-post-thumbnail","hentry","category-boletin","category-noticias","category-sin-categoria"],"_links":{"self":[{"href":"https:\/\/www.sedarauca.edu.co\/index.php\/wp-json\/wp\/v2\/posts\/10991","targetHints":{"allow":["GET"]}}],"collection":[{"href":"https:\/\/www.sedarauca.edu.co\/index.php\/wp-json\/wp\/v2\/posts"}],"about":[{"href":"https:\/\/www.sedarauca.edu.co\/index.php\/wp-json\/wp\/v2\/types\/post"}],"author":[{"embeddable":true,"href":"https:\/\/www.sedarauca.edu.co\/index.php\/wp-json\/wp\/v2\/users\/1"}],"replies":[{"embeddable":true,"href":"https:\/\/www.sedarauca.edu.co\/index.php\/wp-json\/wp\/v2\/comments?post=10991"}],"version-history":[{"count":4,"href":"https:\/\/www.sedarauca.edu.co\/index.php\/wp-json\/wp\/v2\/posts\/10991\/revisions"}],"predecessor-version":[{"id":11007,"href":"https:\/\/www.sedarauca.edu.co\/index.php\/wp-json\/wp\/v2\/posts\/10991\/revisions\/11007"}],"wp:featuredmedia":[{"embeddable":true,"href":"https:\/\/www.sedarauca.edu.co\/index.php\/wp-json\/wp\/v2\/media\/10992"}],"wp:attachment":[{"href":"https:\/\/www.sedarauca.edu.co\/index.php\/wp-json\/wp\/v2\/media?parent=10991"}],"wp:term":[{"taxonomy":"category","embeddable":true,"href":"https:\/\/www.sedarauca.edu.co\/index.php\/wp-json\/wp\/v2\/categories?post=10991"},{"taxonomy":"post_tag","embeddable":true,"href":"https:\/\/www.sedarauca.edu.co\/index.php\/wp-json\/wp\/v2\/tags?post=10991"}],"curies":[{"name":"wp","href":"https:\/\/api.w.org\/{rel}","templated":true}]}}