{"id":10977,"date":"2025-05-03T15:10:00","date_gmt":"2025-05-03T20:10:00","guid":{"rendered":"https:\/\/www.sedarauca.edu.co\/?p=10977"},"modified":"2025-05-07T15:52:57","modified_gmt":"2025-05-07T20:52:57","slug":"gobierno-departamental-entrego-computadores-a-estudiantes-de-saravena","status":"publish","type":"post","link":"https:\/\/www.sedarauca.edu.co\/index.php\/2025\/05\/03\/gobierno-departamental-entrego-computadores-a-estudiantes-de-saravena\/","title":{"rendered":"Gobierno departamental entreg\u00f3 computadores a estudiantes de Saravena"},"content":{"rendered":"<p>[et_pb_section fb_built=\u00bb1&#8243; theme_builder_area=\u00bbpost_content\u00bb _builder_version=\u00bb4.27.4&#8243; _module_preset=\u00bbdefault\u00bb][et_pb_row _builder_version=\u00bb4.27.4&#8243; _module_preset=\u00bbdefault\u00bb theme_builder_area=\u00bbpost_content\u00bb][et_pb_column _builder_version=\u00bb4.27.4&#8243; _module_preset=\u00bbdefault\u00bb type=\u00bb4_4&#8243; theme_builder_area=\u00bbpost_content\u00bb][et_pb_text _builder_version=\u00bb4.27.4&#8243; _module_preset=\u00bbdefault\u00bb theme_builder_area=\u00bbpost_content\u00bb custom_margin=\u00bb-60px||||false|false\u00bb hover_enabled=\u00bb0&#8243; sticky_enabled=\u00bb0&#8243;]<\/p>\n<p style=\"text-align: justify;\"><strong>Arauca, 02 de mayo de 2025.<\/strong>\u00a0Con el prop\u00f3sito de fortalecer la educaci\u00f3n rural y cerrar brechas digitales, la Gobernaci\u00f3n de Arauca, a trav\u00e9s de la Secretar\u00eda de Educaci\u00f3n Departamental, hizo entrega de 250 computadores a la Instituci\u00f3n Educativa Antonio Nari\u00f1o, ubicada en el centro poblado de Puerto Nari\u00f1o, municipio de Saravena.<\/p>\n<p style=\"text-align: justify;\">Esta dotaci\u00f3n se logr\u00f3 gracias al programa Computadores para Educar\u00a0del Ministerio de Tecnolog\u00edas de la Informaci\u00f3n y las Comunicaciones (MinTIC), y beneficiar\u00e1 a ni\u00f1as, ni\u00f1os y adolescentes que ahora cuentan con m\u00e1s y mejores herramientas tecnol\u00f3gicas para su proceso de formaci\u00f3n<\/p>\n<p>[\/et_pb_text][\/et_pb_column][\/et_pb_row][et_pb_row _builder_version=\u00bb4.27.4&#8243; _module_preset=\u00bbdefault\u00bb theme_builder_area=\u00bbpost_content\u00bb][et_pb_column _builder_version=\u00bb4.27.4&#8243; _module_preset=\u00bbdefault\u00bb type=\u00bb4_4&#8243; theme_builder_area=\u00bbpost_content\u00bb][et_pb_gallery _builder_version=\u00bb4.27.4&#8243; _module_preset=\u00bbdefault\u00bb theme_builder_area=\u00bbpost_content\u00bb gallery_ids=\u00bb10982,10983,10984,10985,10986,10987,10988,10989&#8243; gallery_orderby=\u00bbrand\u00bb hover_enabled=\u00bb0&#8243; sticky_enabled=\u00bb0&#8243;][\/et_pb_gallery][\/et_pb_column][\/et_pb_row][et_pb_row _builder_version=\u00bb4.27.4&#8243; _module_preset=\u00bbdefault\u00bb theme_builder_area=\u00bbpost_content\u00bb][et_pb_column _builder_version=\u00bb4.27.4&#8243; _module_preset=\u00bbdefault\u00bb type=\u00bb4_4&#8243; theme_builder_area=\u00bbpost_content\u00bb][et_pb_text _builder_version=\u00bb4.27.4&#8243; _module_preset=\u00bbdefault\u00bb theme_builder_area=\u00bbpost_content\u00bb hover_enabled=\u00bb0&#8243; sticky_enabled=\u00bb0&#8243; custom_margin=\u00bb-60px||||false|false\u00bb]<\/p>\n<p style=\"text-align: justify;\">La entrega oficial fue realizada por el secretario de Educaci\u00f3n Departamental, Ariel Pedraza, con el acompa\u00f1amiento del presidente de la Asamblea Departamental, Fernando Ram\u00edrez, quienes resaltaron el compromiso del gobierno del ingeniero Renson Mart\u00ednez con el acceso equitativo a la tecnolog\u00eda en todos los rincones del departamento.<\/p>\n<p style=\"text-align: justify;\">\u201cEn Arauca estamos trabajando por una mejor educaci\u00f3n, con dignidad y oportunidades para todos. Hoy seguimos avanzando en ese camino\u201d, expres\u00f3 el secretario Ariel Pedraza.<\/p>\n<p style=\"text-align: justify;\">\u201cEstos equipos representan una oportunidad para que nuestros estudiantes se conecten con el conocimiento y desarrollen competencias clave para su futuro. Agradecemos el respaldo de la Gobernaci\u00f3n y del Ministerio TIC\u201d, expres\u00f3 el rector Jes\u00fas Alfonso Moreno.<\/p>\n<p style=\"text-align: justify;\">Por su parte, la personera estudiantil Briyith Ortega se\u00f1al\u00f3: \u201cEstos no son solo equipos, representan la motivaci\u00f3n para seguir estudiando y so\u00f1ar en grande. Estamos muy felices porque ahora tendremos m\u00e1s acceso a la tecnolog\u00eda. \u00a0Gracias por pensar en nosotros.\u201d<\/p>\n<p style=\"text-align: justify;\">Esta iniciativa hace parte de las acciones del gobierno departamental para garantizar una educaci\u00f3n pertinente, incluyente y de calidad, en el marco del compromiso por construir un Arauca mejor.<\/p>\n<p>[\/et_pb_text][\/et_pb_column][\/et_pb_row][\/et_pb_section]<\/p>\n","protected":false},"excerpt":{"rendered":"<p>Arauca, 02 de mayo de 2025.\u00a0Con el prop\u00f3sito de fortalecer la educaci\u00f3n rural y cerrar brechas digitales, la Gobernaci\u00f3n de Arauca, a trav\u00e9s de la Secretar\u00eda de Educaci\u00f3n Departamental, hizo entrega de 250 computadores a la Instituci\u00f3n Educativa Antonio Nari\u00f1o, ubicada en el centro poblado de Puerto Nari\u00f1o, municipio de Saravena. Esta dotaci\u00f3n se logr\u00f3 [&hellip;]<\/p>\n","protected":false},"author":1,"featured_media":10979,"comment_status":"closed","ping_status":"closed","sticky":false,"template":"","format":"standard","meta":{"_et_pb_use_builder":"on","_et_pb_old_content":"","_et_gb_content_width":"","footnotes":""},"categories":[21,6],"tags":[],"class_list":["post-10977","post","type-post","status-publish","format-standard","has-post-thumbnail","hentry","category-boletin","category-noticias"],"_links":{"self":[{"href":"https:\/\/www.sedarauca.edu.co\/index.php\/wp-json\/wp\/v2\/posts\/10977","targetHints":{"allow":["GET"]}}],"collection":[{"href":"https:\/\/www.sedarauca.edu.co\/index.php\/wp-json\/wp\/v2\/posts"}],"about":[{"href":"https:\/\/www.sedarauca.edu.co\/index.php\/wp-json\/wp\/v2\/types\/post"}],"author":[{"embeddable":true,"href":"https:\/\/www.sedarauca.edu.co\/index.php\/wp-json\/wp\/v2\/users\/1"}],"replies":[{"embeddable":true,"href":"https:\/\/www.sedarauca.edu.co\/index.php\/wp-json\/wp\/v2\/comments?post=10977"}],"version-history":[{"count":3,"href":"https:\/\/www.sedarauca.edu.co\/index.php\/wp-json\/wp\/v2\/posts\/10977\/revisions"}],"predecessor-version":[{"id":10990,"href":"https:\/\/www.sedarauca.edu.co\/index.php\/wp-json\/wp\/v2\/posts\/10977\/revisions\/10990"}],"wp:featuredmedia":[{"embeddable":true,"href":"https:\/\/www.sedarauca.edu.co\/index.php\/wp-json\/wp\/v2\/media\/10979"}],"wp:attachment":[{"href":"https:\/\/www.sedarauca.edu.co\/index.php\/wp-json\/wp\/v2\/media?parent=10977"}],"wp:term":[{"taxonomy":"category","embeddable":true,"href":"https:\/\/www.sedarauca.edu.co\/index.php\/wp-json\/wp\/v2\/categories?post=10977"},{"taxonomy":"post_tag","embeddable":true,"href":"https:\/\/www.sedarauca.edu.co\/index.php\/wp-json\/wp\/v2\/tags?post=10977"}],"curies":[{"name":"wp","href":"https:\/\/api.w.org\/{rel}","templated":true}]}}