{"id":10964,"date":"2025-04-29T08:40:00","date_gmt":"2025-04-29T13:40:00","guid":{"rendered":"https:\/\/www.sedarauca.edu.co\/?p=10964"},"modified":"2025-04-30T08:47:53","modified_gmt":"2025-04-30T13:47:53","slug":"gobierno-escolar-y-participacion-ejes-de-la-mesa-de-dialogo-en-el-colegio-gustavo-villa-diaz","status":"publish","type":"post","link":"https:\/\/www.sedarauca.edu.co\/index.php\/2025\/04\/29\/gobierno-escolar-y-participacion-ejes-de-la-mesa-de-dialogo-en-el-colegio-gustavo-villa-diaz\/","title":{"rendered":"Gobierno escolar y participaci\u00f3n, ejes de la mesa de di\u00e1logo en el Colegio Gustavo Villa D\u00edaz"},"content":{"rendered":"<p>[et_pb_section fb_built=\u00bb1&#8243; theme_builder_area=\u00bbpost_content\u00bb _builder_version=\u00bb4.27.4&#8243; _module_preset=\u00bbdefault\u00bb][et_pb_row _builder_version=\u00bb4.27.4&#8243; _module_preset=\u00bbdefault\u00bb theme_builder_area=\u00bbpost_content\u00bb][et_pb_column _builder_version=\u00bb4.27.4&#8243; _module_preset=\u00bbdefault\u00bb type=\u00bb4_4&#8243; theme_builder_area=\u00bbpost_content\u00bb][et_pb_text _builder_version=\u00bb4.27.4&#8243; _module_preset=\u00bbdefault\u00bb theme_builder_area=\u00bbpost_content\u00bb hover_enabled=\u00bb0&#8243; sticky_enabled=\u00bb0&#8243;]<\/p>\n<p style=\"text-align: justify;\"><strong>Arauca, 28 de abril de 2025.<\/strong>\u00a0Con un ambiente de di\u00e1logo respetuoso y constructivo finaliz\u00f3 la mesa de trabajo entre la Secretar\u00eda de Educaci\u00f3n Departamental, la Alcald\u00eda de Arauca y los estudiantes del Colegio Gustavo Villa D\u00edaz. El secretario de Educaci\u00f3n, Ariel Pedraza, junto a su equipo directivo, escuch\u00f3 las peticiones presentadas por los estudiantes, quienes expresaron sus inquietudes sobre el ambiente escolar y la gesti\u00f3n institucional.<\/p>\n<p style=\"text-align: justify;\">Durante el encuentro, el secretario de Educaci\u00f3n destac\u00f3 la importancia de que estudiantes, docentes y directivos se empoderen del Gobierno Escolar y utilicen las instancias de participaci\u00f3n para tramitar de manera organizada sus solicitudes. \u00abCuando usamos los espacios de participaci\u00f3n, fortalecemos la democracia escolar y construimos juntos mejores ambientes de aprendizaje\u00bb, se\u00f1al\u00f3 Pedraza.<\/p>\n<p style=\"text-align: justify;\">Entre los compromisos establecidos se destaca el acompa\u00f1amiento t\u00e9cnico de la Secretar\u00eda de Educaci\u00f3n para fortalecer el Gobierno Escolar, la realizaci\u00f3n de una auditor\u00eda integral a los Fondos de Servicios Educativos (FOSE) y la destinaci\u00f3n de recursos por parte de la Gobernaci\u00f3n de Arauca y la Administraci\u00f3n Municipal para el mejoramiento de la infraestructura educativa. Adem\u00e1s, se socializ\u00f3 la inversi\u00f3n proyectada por parte del gobierno departamental para atender las necesidades de la instituci\u00f3n.<\/p>\n<p>[\/et_pb_text][\/et_pb_column][\/et_pb_row][et_pb_row _builder_version=\u00bb4.27.4&#8243; _module_preset=\u00bbdefault\u00bb theme_builder_area=\u00bbpost_content\u00bb][et_pb_column _builder_version=\u00bb4.27.4&#8243; _module_preset=\u00bbdefault\u00bb type=\u00bb4_4&#8243; theme_builder_area=\u00bbpost_content\u00bb][et_pb_gallery _builder_version=\u00bb4.27.4&#8243; _module_preset=\u00bbdefault\u00bb theme_builder_area=\u00bbpost_content\u00bb gallery_ids=\u00bb10968,10969,10970,10971,10972,10973,10974,10975&#8243; gallery_orderby=\u00bbrand\u00bb hover_enabled=\u00bb0&#8243; sticky_enabled=\u00bb0&#8243;][\/et_pb_gallery][\/et_pb_column][\/et_pb_row][et_pb_row _builder_version=\u00bb4.27.4&#8243; _module_preset=\u00bbdefault\u00bb theme_builder_area=\u00bbpost_content\u00bb][et_pb_column _builder_version=\u00bb4.27.4&#8243; _module_preset=\u00bbdefault\u00bb type=\u00bb4_4&#8243; theme_builder_area=\u00bbpost_content\u00bb][et_pb_text _builder_version=\u00bb4.27.4&#8243; _module_preset=\u00bbdefault\u00bb theme_builder_area=\u00bbpost_content\u00bb custom_margin=\u00bb-60px||||false|false\u00bb hover_enabled=\u00bb0&#8243; sticky_enabled=\u00bb0&#8243;]<\/p>\n<p style=\"text-align: justify;\">Como parte de las acciones inmediatas, la Alcald\u00eda de Arauca, en articulaci\u00f3n con las empresas de aseo e iluminaci\u00f3n, liderar\u00e1 una jornada de limpieza y embellecimiento de las instalaciones, en la que participar\u00e1n estudiantes, docentes y toda la comunidad educativa.<\/p>\n<p style=\"text-align: justify;\">La Secretar\u00eda de Educaci\u00f3n Departamental reitera su compromiso de acompa\u00f1ar a estudiantes y docentes en el fortalecimiento de las rutas institucionales de participaci\u00f3n, orient\u00e1ndolos en el ejercicio de sus derechos y deberes, siempre protegiendo su derecho a la educaci\u00f3n y trabajando en equipo para construir soluciones que beneficien a toda la comunidad educativa.<\/p>\n<p>[\/et_pb_text][\/et_pb_column][\/et_pb_row][\/et_pb_section]<\/p>\n","protected":false},"excerpt":{"rendered":"<p>Arauca, 28 de abril de 2025.\u00a0Con un ambiente de di\u00e1logo respetuoso y constructivo finaliz\u00f3 la mesa de trabajo entre la Secretar\u00eda de Educaci\u00f3n Departamental, la Alcald\u00eda de Arauca y los estudiantes del Colegio Gustavo Villa D\u00edaz. El secretario de Educaci\u00f3n, Ariel Pedraza, junto a su equipo directivo, escuch\u00f3 las peticiones presentadas por los estudiantes, quienes [&hellip;]<\/p>\n","protected":false},"author":1,"featured_media":10965,"comment_status":"closed","ping_status":"closed","sticky":false,"template":"","format":"standard","meta":{"_et_pb_use_builder":"on","_et_pb_old_content":"","_et_gb_content_width":"","footnotes":""},"categories":[21,6],"tags":[],"class_list":["post-10964","post","type-post","status-publish","format-standard","has-post-thumbnail","hentry","category-boletin","category-noticias"],"_links":{"self":[{"href":"https:\/\/www.sedarauca.edu.co\/index.php\/wp-json\/wp\/v2\/posts\/10964","targetHints":{"allow":["GET"]}}],"collection":[{"href":"https:\/\/www.sedarauca.edu.co\/index.php\/wp-json\/wp\/v2\/posts"}],"about":[{"href":"https:\/\/www.sedarauca.edu.co\/index.php\/wp-json\/wp\/v2\/types\/post"}],"author":[{"embeddable":true,"href":"https:\/\/www.sedarauca.edu.co\/index.php\/wp-json\/wp\/v2\/users\/1"}],"replies":[{"embeddable":true,"href":"https:\/\/www.sedarauca.edu.co\/index.php\/wp-json\/wp\/v2\/comments?post=10964"}],"version-history":[{"count":3,"href":"https:\/\/www.sedarauca.edu.co\/index.php\/wp-json\/wp\/v2\/posts\/10964\/revisions"}],"predecessor-version":[{"id":10976,"href":"https:\/\/www.sedarauca.edu.co\/index.php\/wp-json\/wp\/v2\/posts\/10964\/revisions\/10976"}],"wp:featuredmedia":[{"embeddable":true,"href":"https:\/\/www.sedarauca.edu.co\/index.php\/wp-json\/wp\/v2\/media\/10965"}],"wp:attachment":[{"href":"https:\/\/www.sedarauca.edu.co\/index.php\/wp-json\/wp\/v2\/media?parent=10964"}],"wp:term":[{"taxonomy":"category","embeddable":true,"href":"https:\/\/www.sedarauca.edu.co\/index.php\/wp-json\/wp\/v2\/categories?post=10964"},{"taxonomy":"post_tag","embeddable":true,"href":"https:\/\/www.sedarauca.edu.co\/index.php\/wp-json\/wp\/v2\/tags?post=10964"}],"curies":[{"name":"wp","href":"https:\/\/api.w.org\/{rel}","templated":true}]}}